{"id":241466,"date":"2024-10-23T10:15:00","date_gmt":"2024-10-23T08:15:00","guid":{"rendered":"https:\/\/www.tucomarca.com\/wordpress\/segunda\/?p=241466"},"modified":"2024-10-23T13:38:25","modified_gmt":"2024-10-23T11:38:25","slug":"chiva-clausura-el-programa-et-formem-para-mejorar-la-empleabilidad-de-colectivos-vulnerables","status":"publish","type":"post","link":"https:\/\/www.tucomarca.com\/wordpress\/segunda\/chiva-clausura-el-programa-et-formem-para-mejorar-la-empleabilidad-de-colectivos-vulnerables\/","title":{"rendered":"Chiva clausura el programa &#8216;Et Formem&#8217; para mejorar la empleabilidad de colectivos vulnerables"},"content":{"rendered":"\n<p>La localidad de Chiva ha acogido la clausura del programa &#8216;Et Formem&#8217; en Chiva, un proyecto de empleo y formaci\u00f3n impulsado por LABORA para mejorar la empleabilidad de colectivos vulnerables. Durante el evento, los participantes recibieron sus diplomas de la mano de los concejales Miguel Olmo y Amparo Celda.<\/p>\n\n\n\n<p>Et Formem combina formaci\u00f3n te\u00f3rica y pr\u00e1ctica, facilitando la obtenci\u00f3n de certificados de profesionalidad, lo que refuerza las oportunidades laborales de sus alumnos. Este programa es <a><\/a>cofinanciado por el Fondo Social Europeo Plus, promoviendo la inclusi\u00f3n laboral en la Comunitat Valenciana.<\/p>\n\n\n\n<figure class=\"wp-block-image size-large\"><img loading=\"lazy\" decoding=\"async\" width=\"1024\" height=\"576\" src=\"https:\/\/www.tucomarca.com\/wordpress\/segunda\/wp-content\/uploads\/2024\/10\/EtFormemChiva02-1024x576.jpg\" alt=\"\" class=\"wp-image-241471\" srcset=\"https:\/\/www.tucomarca.com\/wordpress\/segunda\/wp-content\/uploads\/2024\/10\/EtFormemChiva02-1024x576.jpg 1024w, https:\/\/www.tucomarca.com\/wordpress\/segunda\/wp-content\/uploads\/2024\/10\/EtFormemChiva02-300x169.jpg 300w, https:\/\/www.tucomarca.com\/wordpress\/segunda\/wp-content\/uploads\/2024\/10\/EtFormemChiva02-768x432.jpg 768w, https:\/\/www.tucomarca.com\/wordpress\/segunda\/wp-content\/uploads\/2024\/10\/EtFormemChiva02-678x381.jpg 678w, https:\/\/www.tucomarca.com\/wordpress\/segunda\/wp-content\/uploads\/2024\/10\/EtFormemChiva02.jpg 1200w\" sizes=\"auto, (max-width: 1024px) 100vw, 1024px\" \/><\/figure>\n","protected":false},"excerpt":{"rendered":"<div class=\"mh-excerpt\">La localidad de Chiva ha acogido la clausura del programa &#8216;Et Formem&#8217; en Chiva, un proyecto de empleo y formaci\u00f3n impulsado por LABORA para mejorar la empleabilidad de colectivos vulnerables. Durante el evento, los participantes <a class=\"mh-excerpt-more\" href=\"https:\/\/www.tucomarca.com\/wordpress\/segunda\/chiva-clausura-el-programa-et-formem-para-mejorar-la-empleabilidad-de-colectivos-vulnerables\/\" title=\"Chiva clausura el programa &#8216;Et Formem&#8217; para mejorar la empleabilidad de colectivos vulnerables\">[+] <\/a><\/div>\n","protected":false},"author":1,"featured_media":241469,"comment_status":"open","ping_status":"open","sticky":false,"template":"","format":"image","meta":{"footnotes":""},"categories":[16,128,8,10,3],"tags":[10384,68,10412,5952],"class_list":{"0":"post-241466","1":"post","2":"type-post","3":"status-publish","4":"format-image","5":"has-post-thumbnail","7":"category-chiva","8":"category-infraestructuras","9":"category-la-comarca","10":"category-la-hoya","11":"category-seccion","12":"tag-chiva","13":"tag-empleo","14":"tag-infraestructuras","15":"tag-la-hoya-de-bunol-chiva","16":"post_format-post-format-image"},"_links":{"self":[{"href":"https:\/\/www.tucomarca.com\/wordpress\/segunda\/wp-json\/wp\/v2\/posts\/241466","targetHints":{"allow":["GET"]}}],"collection":[{"href":"https:\/\/www.tucomarca.com\/wordpress\/segunda\/wp-json\/wp\/v2\/posts"}],"about":[{"href":"https:\/\/www.tucomarca.com\/wordpress\/segunda\/wp-json\/wp\/v2\/types\/post"}],"author":[{"embeddable":true,"href":"https:\/\/www.tucomarca.com\/wordpress\/segunda\/wp-json\/wp\/v2\/users\/1"}],"replies":[{"embeddable":true,"href":"https:\/\/www.tucomarca.com\/wordpress\/segunda\/wp-json\/wp\/v2\/comments?post=241466"}],"version-history":[{"count":0,"href":"https:\/\/www.tucomarca.com\/wordpress\/segunda\/wp-json\/wp\/v2\/posts\/241466\/revisions"}],"wp:featuredmedia":[{"embeddable":true,"href":"https:\/\/www.tucomarca.com\/wordpress\/segunda\/wp-json\/wp\/v2\/media\/241469"}],"wp:attachment":[{"href":"https:\/\/www.tucomarca.com\/wordpress\/segunda\/wp-json\/wp\/v2\/media?parent=241466"}],"wp:term":[{"taxonomy":"category","embeddable":true,"href":"https:\/\/www.tucomarca.com\/wordpress\/segunda\/wp-json\/wp\/v2\/categories?post=241466"},{"taxonomy":"post_tag","embeddable":true,"href":"https:\/\/www.tucomarca.com\/wordpress\/segunda\/wp-json\/wp\/v2\/tags?post=241466"}],"curies":[{"name":"wp","href":"https:\/\/api.w.org\/{rel}","templated":true}]}}