{"id":241702,"date":"2024-10-25T08:15:00","date_gmt":"2024-10-25T06:15:00","guid":{"rendered":"https:\/\/www.tucomarca.com\/wordpress\/segunda\/?p=241702"},"modified":"2024-10-25T13:24:32","modified_gmt":"2024-10-25T11:24:32","slug":"el-hospital-de-manises-obtiene-el-sello-de-excelencia-de-la-sociedad-espanola-en-cirugia-de-hombro-y-codo-por-la-actividad-de-su-unidad-especializada","status":"publish","type":"post","link":"https:\/\/www.tucomarca.com\/wordpress\/segunda\/el-hospital-de-manises-obtiene-el-sello-de-excelencia-de-la-sociedad-espanola-en-cirugia-de-hombro-y-codo-por-la-actividad-de-su-unidad-especializada\/","title":{"rendered":"El Hospital de Manises obtiene el sello de excelencia de la Sociedad Espa\u00f1ola en Cirug\u00eda de Hombro y Codo por la actividad de su unidad especializada"},"content":{"rendered":"\n<h3 class=\"wp-block-heading\">El centro sanitario se suma a la excelencia de otros como el Hospital Universitari i y Polit\u00e8cnic La Fe o la Fundaci\u00f3n Jim\u00e9nez D\u00edaz.<\/h3>\n\n\n\n<h3 class=\"wp-block-heading\">Este reconocimiento permite que especialistas de otros hospitales nacionales se formen en la subespecialidad en el Hospital de Manises.<\/h3>\n\n\n\n<p>El Hospital de Manises ha obtenido el sello de excelencia de la Sociedad Espa\u00f1ola en Cirug\u00eda de Hombro y Codo por la actividad y resultados en la unidad del centro que trabaja en la citada subespecialidad de Traumatolog\u00eda. Con este reconocimiento, el centro sanitario se suma a la excelencia de otros como el Hospital Universitari i y Polit\u00e8cnic La Fe o la Fundaci\u00f3n Jim\u00e9nez D\u00edaz&nbsp;<\/p>\n\n\n\n<p>La Unidad de Cirug\u00eda de Hombro y Codo se estableci\u00f3 en el Hospital de Manises en 2010 y est\u00e1 especializada en el tratamiento de patolog\u00eda deportiva, traum\u00e1tica y degenerativa de hombro y codo, con m\u00e1s de 4.700 pacientes tratados desde entonces y m\u00e1s de 250 en 2024.&nbsp;<\/p>\n\n\n\n<p>Los miembros de la unidad son docentes habituales y forman parta activa en cursos y congresos, nacionales e internacionales relacionados con estas patolog\u00edas y forman parte activa en sociedades nacionales e internacionales. Adem\u00e1s, la Unidad est\u00e1 acreditada por la Asociaci\u00f3n Espa\u00f1ola de Artroscopia para formaci\u00f3n de especialistas.<\/p>\n\n\n\n<p>Seg\u00fan el jefe de servicio de la especialidad, Pablo Ca\u00f1ete, \u201ceste sello de la Sociedad Espa\u00f1ola de Cirug\u00eda de Hombro y Codo visibiliza y acredita la calidad de la asistencia que prestamos a las personas, adem\u00e1s de ser un premio al trabajo realizado, del que nos sentimos muy orgulloso\u201d. De hecho, esta distinci\u00f3n permite que especialistas de otros hospitales nacionales se formen en la subespecialidad en el Hospital de Manises<\/p>\n\n\n\n<p>El Departamento de Salud de Manises da cobertura y asistencia sanitaria, tanto ambulatoria como domiciliaria a m\u00e1s de 206.000 personas de 14 localidades a trav\u00e9s del Hospital de Manises, 9 centros de salud, 11 consultorios auxiliares, 2 centros de especialidades, 1 centro de salud integrado, el Hospital de Agudos de Manises y el Hospital de Cr\u00f3nicos de Mislata.<\/p>\n","protected":false},"excerpt":{"rendered":"<div class=\"mh-excerpt\">El centro sanitario se suma a la excelencia de otros como el Hospital Universitari i y Polit\u00e8cnic La Fe o la Fundaci\u00f3n Jim\u00e9nez D\u00edaz. Este reconocimiento permite que especialistas de otros hospitales nacionales se formen <a class=\"mh-excerpt-more\" href=\"https:\/\/www.tucomarca.com\/wordpress\/segunda\/el-hospital-de-manises-obtiene-el-sello-de-excelencia-de-la-sociedad-espanola-en-cirugia-de-hombro-y-codo-por-la-actividad-de-su-unidad-especializada\/\" title=\"El Hospital de Manises obtiene el sello de excelencia de la Sociedad Espa\u00f1ola en Cirug\u00eda de Hombro y Codo por la actividad de su unidad especializada\">[+] <\/a><\/div>\n","protected":false},"author":13,"featured_media":241703,"comment_status":"open","ping_status":"open","sticky":false,"template":"","format":"standard","meta":{"footnotes":""},"categories":[19,18,119,17,16,15,14,128,8,10,13,142,3,12,45,11],"tags":[21436,136,5952],"class_list":{"0":"post-241702","1":"post","2":"type-post","3":"status-publish","4":"format-standard","5":"has-post-thumbnail","7":"category-alborache","8":"category-bunol","9":"category-sanidad-la-comarca","10":"category-cheste","11":"category-chiva","12":"category-dos-aguas","13":"category-godelleta","14":"category-infraestructuras","15":"category-la-comarca","16":"category-la-hoya","17":"category-macastre","18":"category-politica-la-comarca","19":"category-seccion","20":"category-siete-aguas","21":"category-ventana","22":"category-yatova","23":"tag-canal-salud","24":"tag-hospital-de-manises","25":"tag-la-hoya-de-bunol-chiva"},"_links":{"self":[{"href":"https:\/\/www.tucomarca.com\/wordpress\/segunda\/wp-json\/wp\/v2\/posts\/241702","targetHints":{"allow":["GET"]}}],"collection":[{"href":"https:\/\/www.tucomarca.com\/wordpress\/segunda\/wp-json\/wp\/v2\/posts"}],"about":[{"href":"https:\/\/www.tucomarca.com\/wordpress\/segunda\/wp-json\/wp\/v2\/types\/post"}],"author":[{"embeddable":true,"href":"https:\/\/www.tucomarca.com\/wordpress\/segunda\/wp-json\/wp\/v2\/users\/13"}],"replies":[{"embeddable":true,"href":"https:\/\/www.tucomarca.com\/wordpress\/segunda\/wp-json\/wp\/v2\/comments?post=241702"}],"version-history":[{"count":0,"href":"https:\/\/www.tucomarca.com\/wordpress\/segunda\/wp-json\/wp\/v2\/posts\/241702\/revisions"}],"wp:featuredmedia":[{"embeddable":true,"href":"https:\/\/www.tucomarca.com\/wordpress\/segunda\/wp-json\/wp\/v2\/media\/241703"}],"wp:attachment":[{"href":"https:\/\/www.tucomarca.com\/wordpress\/segunda\/wp-json\/wp\/v2\/media?parent=241702"}],"wp:term":[{"taxonomy":"category","embeddable":true,"href":"https:\/\/www.tucomarca.com\/wordpress\/segunda\/wp-json\/wp\/v2\/categories?post=241702"},{"taxonomy":"post_tag","embeddable":true,"href":"https:\/\/www.tucomarca.com\/wordpress\/segunda\/wp-json\/wp\/v2\/tags?post=241702"}],"curies":[{"name":"wp","href":"https:\/\/api.w.org\/{rel}","templated":true}]}}