{"id":241754,"date":"2024-10-25T12:30:00","date_gmt":"2024-10-25T10:30:00","guid":{"rendered":"https:\/\/www.tucomarca.com\/wordpress\/segunda\/?p=241754"},"modified":"2024-10-25T14:44:51","modified_gmt":"2024-10-25T12:44:51","slug":"el-ayuntamiento-de-benaguasil-renueva-el-cesped-de-las-pistas-de-padel","status":"publish","type":"post","link":"https:\/\/www.tucomarca.com\/wordpress\/segunda\/el-ayuntamiento-de-benaguasil-renueva-el-cesped-de-las-pistas-de-padel\/","title":{"rendered":"El Ayuntamiento de Benaguasil renueva el c\u00e9sped de las pistas de p\u00e1del"},"content":{"rendered":"\n<h3 class=\"wp-block-heading\"><strong>Estar\u00e1n listas la pr\u00f3xima semana y la actuaci\u00f3n se suma a las mejoras ya ejecutadas en el resto de pistas deportivas.<\/strong><\/h3>\n\n\n\n<p>El Ayuntamiento de Benaguasil, a trav\u00e9s de la concejal\u00eda de Deportes, est\u00e1 sustituyendo el c\u00e9sped artificial de dos pistas de p\u00e1del del Polideportivo para mejorar sus prestaciones y posibilidades de uso.<\/p>\n\n\n\n<p>Los trabajos para cambiar el c\u00e9sped artificial consisten en el desmontaje de todos los elementos de la pista, tales como postes y redes, para as\u00ed acometer la retirada del c\u00e9sped antiguo y de las arenas e incorporar el nuevo c\u00e9sped sint\u00e9tico de 10 mil\u00edmetros de altura compuesto de mechones rectos de fibra 100% polipropileno.<\/p>\n\n\n\n<p>El concejal de Deportes, Rub\u00e9n Araque, ha visitado las instalaciones deportivas para comprobar el avance de los trabajos que se enmarcan en el Plan de Inversiones de la Diputaci\u00f3n de Valencia.<\/p>\n\n\n\n<p>Rub\u00e9n ha explicado que \u201cesta renovaci\u00f3n deja en perfecto estado de uso estas pistas que, por su elevado uso y el paso del tiempo desde su construcci\u00f3n, requer\u00edan de una actuaci\u00f3n de este tipo\u201d.<\/p>\n\n\n\n<p>Asimismo, el edil ha se\u00f1alado que \u201ccon esta actuaci\u00f3n ya se encuentran todas las pistas de juego, tanto de p\u00e1del como de tenis reformadas, continuando con nuestro compromiso de renovar las infraestructuras deportivas y de ofrecer buenos servicios deportivos a la ciudadan\u00eda\u201d.<\/p>\n","protected":false},"excerpt":{"rendered":"<div class=\"mh-excerpt\">Estar\u00e1n listas la pr\u00f3xima semana y la actuaci\u00f3n se suma a las mejoras ya ejecutadas en el resto de pistas deportivas. El Ayuntamiento de Benaguasil, a trav\u00e9s de la concejal\u00eda de Deportes, est\u00e1 sustituyendo el <a class=\"mh-excerpt-more\" href=\"https:\/\/www.tucomarca.com\/wordpress\/segunda\/el-ayuntamiento-de-benaguasil-renueva-el-cesped-de-las-pistas-de-padel\/\" title=\"El Ayuntamiento de Benaguasil renueva el c\u00e9sped de las pistas de p\u00e1del\">[+] <\/a><\/div>\n","protected":false},"author":13,"featured_media":241758,"comment_status":"open","ping_status":"open","sticky":false,"template":"","format":"standard","meta":{"footnotes":""},"categories":[172,46,6,128,8,3],"tags":[10429,10395,10379,10412],"class_list":{"0":"post-241754","1":"post","2":"type-post","3":"status-publish","4":"format-standard","5":"has-post-thumbnail","7":"category-benaguasil","8":"category-camp-de-turia","9":"category-deportes","10":"category-infraestructuras","11":"category-la-comarca","12":"category-seccion","13":"tag-benaguasil","14":"tag-camp-de-turia","15":"tag-deportes","16":"tag-infraestructuras"},"_links":{"self":[{"href":"https:\/\/www.tucomarca.com\/wordpress\/segunda\/wp-json\/wp\/v2\/posts\/241754","targetHints":{"allow":["GET"]}}],"collection":[{"href":"https:\/\/www.tucomarca.com\/wordpress\/segunda\/wp-json\/wp\/v2\/posts"}],"about":[{"href":"https:\/\/www.tucomarca.com\/wordpress\/segunda\/wp-json\/wp\/v2\/types\/post"}],"author":[{"embeddable":true,"href":"https:\/\/www.tucomarca.com\/wordpress\/segunda\/wp-json\/wp\/v2\/users\/13"}],"replies":[{"embeddable":true,"href":"https:\/\/www.tucomarca.com\/wordpress\/segunda\/wp-json\/wp\/v2\/comments?post=241754"}],"version-history":[{"count":0,"href":"https:\/\/www.tucomarca.com\/wordpress\/segunda\/wp-json\/wp\/v2\/posts\/241754\/revisions"}],"wp:featuredmedia":[{"embeddable":true,"href":"https:\/\/www.tucomarca.com\/wordpress\/segunda\/wp-json\/wp\/v2\/media\/241758"}],"wp:attachment":[{"href":"https:\/\/www.tucomarca.com\/wordpress\/segunda\/wp-json\/wp\/v2\/media?parent=241754"}],"wp:term":[{"taxonomy":"category","embeddable":true,"href":"https:\/\/www.tucomarca.com\/wordpress\/segunda\/wp-json\/wp\/v2\/categories?post=241754"},{"taxonomy":"post_tag","embeddable":true,"href":"https:\/\/www.tucomarca.com\/wordpress\/segunda\/wp-json\/wp\/v2\/tags?post=241754"}],"curies":[{"name":"wp","href":"https:\/\/api.w.org\/{rel}","templated":true}]}}