{"id":241813,"date":"2024-10-25T09:00:00","date_gmt":"2024-10-25T07:00:00","guid":{"rendered":"https:\/\/www.tucomarca.com\/wordpress\/segunda\/?p=241813"},"modified":"2024-10-25T18:36:01","modified_gmt":"2024-10-25T16:36:01","slug":"el-ministerio-de-transportes-invertira-44-millones-en-el-tercer-carril-de-la-a-3-entre-bunol-y-chiva","status":"publish","type":"post","link":"https:\/\/www.tucomarca.com\/wordpress\/segunda\/el-ministerio-de-transportes-invertira-44-millones-en-el-tercer-carril-de-la-a-3-entre-bunol-y-chiva\/","title":{"rendered":"El Ministerio de Transportes invertir\u00e1 44 millones en el tercer carril de la A-3 entre Bu\u00f1ol y Chiva"},"content":{"rendered":"\n<p>El Ministerio de Transportes ha anunciado una inversi\u00f3n de 44 millones de euros para la construcci\u00f3n de un tercer carril en la autov\u00eda A-3, que cubrir\u00e1 un tramo de 11 kil\u00f3metros entre Bu\u00f1ol y Chiva. Esta mejora vial busca optimizar la funcionalidad y seguridad en un tramo clave de la Red de Carreteras del Estado y de la Red Trans-Europea de Transportes.<\/p>\n\n\n\n<p>En la calzada sentido Valencia, se construir\u00e1 un nuevo carril paralelo y separado por una franja variable de unos 50 metros, mientras que en la direcci\u00f3n hacia Madrid se aprovechar\u00e1 la actual plataforma. De esta manera, se utilizar\u00e1 el viaducto ya existente en el inicio del tramo, evitando la necesidad de construir uno nuevo.<\/p>\n\n\n\n<p>La ampliaci\u00f3n del tercer carril se realizar\u00e1 principalmente en la mediana o en el exterior de la calzada donde esta sea muy estrecha. La mayor\u00eda de las estructuras ya est\u00e1n dise\u00f1adas para facilitar esta ampliaci\u00f3n, lo que reducir\u00e1 el impacto en las infraestructuras actuales. Con este proyecto, el Ministerio de Transportes busca reforzar la capacidad y seguridad de una autov\u00eda de alta relevancia para la conectividad nacional y europea.<\/p>\n","protected":false},"excerpt":{"rendered":"<div class=\"mh-excerpt\">El Ministerio de Transportes ha anunciado una inversi\u00f3n de 44 millones de euros para la construcci\u00f3n de un tercer carril en la autov\u00eda A-3, que cubrir\u00e1 un tramo de 11 kil\u00f3metros entre Bu\u00f1ol y Chiva. <a class=\"mh-excerpt-more\" href=\"https:\/\/www.tucomarca.com\/wordpress\/segunda\/el-ministerio-de-transportes-invertira-44-millones-en-el-tercer-carril-de-la-a-3-entre-bunol-y-chiva\/\" title=\"El Ministerio de Transportes invertir\u00e1 44 millones en el tercer carril de la A-3 entre Bu\u00f1ol y Chiva\">[+] <\/a><\/div>\n","protected":false},"author":12,"featured_media":82025,"comment_status":"open","ping_status":"open","sticky":false,"template":"","format":"standard","meta":{"footnotes":""},"categories":[18,16,128,8,10,142,3,45],"tags":[19413,10385,10384,5952],"class_list":{"0":"post-241813","1":"post","2":"type-post","3":"status-publish","4":"format-standard","5":"has-post-thumbnail","7":"category-bunol","8":"category-chiva","9":"category-infraestructuras","10":"category-la-comarca","11":"category-la-hoya","12":"category-politica-la-comarca","13":"category-seccion","14":"category-ventana","15":"tag-autovia-a3","16":"tag-bunol","17":"tag-chiva","18":"tag-la-hoya-de-bunol-chiva"},"_links":{"self":[{"href":"https:\/\/www.tucomarca.com\/wordpress\/segunda\/wp-json\/wp\/v2\/posts\/241813","targetHints":{"allow":["GET"]}}],"collection":[{"href":"https:\/\/www.tucomarca.com\/wordpress\/segunda\/wp-json\/wp\/v2\/posts"}],"about":[{"href":"https:\/\/www.tucomarca.com\/wordpress\/segunda\/wp-json\/wp\/v2\/types\/post"}],"author":[{"embeddable":true,"href":"https:\/\/www.tucomarca.com\/wordpress\/segunda\/wp-json\/wp\/v2\/users\/12"}],"replies":[{"embeddable":true,"href":"https:\/\/www.tucomarca.com\/wordpress\/segunda\/wp-json\/wp\/v2\/comments?post=241813"}],"version-history":[{"count":0,"href":"https:\/\/www.tucomarca.com\/wordpress\/segunda\/wp-json\/wp\/v2\/posts\/241813\/revisions"}],"wp:featuredmedia":[{"embeddable":true,"href":"https:\/\/www.tucomarca.com\/wordpress\/segunda\/wp-json\/wp\/v2\/media\/82025"}],"wp:attachment":[{"href":"https:\/\/www.tucomarca.com\/wordpress\/segunda\/wp-json\/wp\/v2\/media?parent=241813"}],"wp:term":[{"taxonomy":"category","embeddable":true,"href":"https:\/\/www.tucomarca.com\/wordpress\/segunda\/wp-json\/wp\/v2\/categories?post=241813"},{"taxonomy":"post_tag","embeddable":true,"href":"https:\/\/www.tucomarca.com\/wordpress\/segunda\/wp-json\/wp\/v2\/tags?post=241813"}],"curies":[{"name":"wp","href":"https:\/\/api.w.org\/{rel}","templated":true}]}}