{"id":241910,"date":"2024-10-28T07:00:00","date_gmt":"2024-10-28T05:00:00","guid":{"rendered":"https:\/\/www.tucomarca.com\/wordpress\/segunda\/?p=241910"},"modified":"2024-10-27T20:58:57","modified_gmt":"2024-10-27T18:58:57","slug":"los-precios-de-las-almendras-tampoco-levantan-cabeza","status":"publish","type":"post","link":"https:\/\/www.tucomarca.com\/wordpress\/segunda\/los-precios-de-las-almendras-tampoco-levantan-cabeza\/","title":{"rendered":"Los precios de las almendras tampoco levantan cabeza"},"content":{"rendered":"\n<p>Productores de almendras de las comarcas de interior de la provincia de Valencia se quejan de los bajos precios que se est\u00e1n pagando este a\u00f1o por las almendras. El vicesecretario de la Uni\u00f3 Llauradora, Luis Javier Navarro, ha concretado que \u201cla almendra de la variedad Largueta, con c\u00e1scara, se cotiza a poco m\u00e1s de un euro por kilogramo\u201d.<\/p>\n\n\n\n<p>Los agricultores consideran que, al menos, se deber\u00edan cotizar a 2,20 euros por kilogramo.<br>Las menores producciones, por la sequ\u00eda y los cada vez mayores costes de producci\u00f3n est\u00e1n agravando el problema de la p\u00e9rdida de rentabilidad del cultivo del almendro. Informa,<strong> Luis Ib\u00e1\u00f1ez.<\/strong><\/p>\n","protected":false},"excerpt":{"rendered":"<div class=\"mh-excerpt\">Productores de almendras de las comarcas de interior de la provincia de Valencia se quejan de los bajos precios que se est\u00e1n pagando este a\u00f1o por las almendras. El vicesecretario de la Uni\u00f3 Llauradora, Luis <a class=\"mh-excerpt-more\" href=\"https:\/\/www.tucomarca.com\/wordpress\/segunda\/los-precios-de-las-almendras-tampoco-levantan-cabeza\/\" title=\"Los precios de las almendras tampoco levantan cabeza\">[+] <\/a><\/div>\n","protected":false},"author":12,"featured_media":241912,"comment_status":"open","ping_status":"open","sticky":false,"template":"","format":"standard","meta":{"footnotes":""},"categories":[169,128,8,72,117,27,3,45],"tags":[1833,10387],"class_list":{"0":"post-241910","1":"post","2":"type-post","3":"status-publish","4":"format-standard","5":"has-post-thumbnail","7":"category-agricultura-la-comarca","8":"category-infraestructuras","9":"category-la-comarca","10":"category-sin-categorizar","11":"category-medio-ambiente-la-comarca","12":"category-requena-utiel","13":"category-seccion","14":"category-ventana","15":"tag-almendras","16":"tag-requena-utiel"},"_links":{"self":[{"href":"https:\/\/www.tucomarca.com\/wordpress\/segunda\/wp-json\/wp\/v2\/posts\/241910","targetHints":{"allow":["GET"]}}],"collection":[{"href":"https:\/\/www.tucomarca.com\/wordpress\/segunda\/wp-json\/wp\/v2\/posts"}],"about":[{"href":"https:\/\/www.tucomarca.com\/wordpress\/segunda\/wp-json\/wp\/v2\/types\/post"}],"author":[{"embeddable":true,"href":"https:\/\/www.tucomarca.com\/wordpress\/segunda\/wp-json\/wp\/v2\/users\/12"}],"replies":[{"embeddable":true,"href":"https:\/\/www.tucomarca.com\/wordpress\/segunda\/wp-json\/wp\/v2\/comments?post=241910"}],"version-history":[{"count":0,"href":"https:\/\/www.tucomarca.com\/wordpress\/segunda\/wp-json\/wp\/v2\/posts\/241910\/revisions"}],"wp:featuredmedia":[{"embeddable":true,"href":"https:\/\/www.tucomarca.com\/wordpress\/segunda\/wp-json\/wp\/v2\/media\/241912"}],"wp:attachment":[{"href":"https:\/\/www.tucomarca.com\/wordpress\/segunda\/wp-json\/wp\/v2\/media?parent=241910"}],"wp:term":[{"taxonomy":"category","embeddable":true,"href":"https:\/\/www.tucomarca.com\/wordpress\/segunda\/wp-json\/wp\/v2\/categories?post=241910"},{"taxonomy":"post_tag","embeddable":true,"href":"https:\/\/www.tucomarca.com\/wordpress\/segunda\/wp-json\/wp\/v2\/tags?post=241910"}],"curies":[{"name":"wp","href":"https:\/\/api.w.org\/{rel}","templated":true}]}}