{"id":242159,"date":"2024-10-29T12:15:00","date_gmt":"2024-10-29T10:15:00","guid":{"rendered":"https:\/\/www.tucomarca.com\/wordpress\/segunda\/?p=242159"},"modified":"2024-10-29T16:05:42","modified_gmt":"2024-10-29T14:05:42","slug":"el-consorcio-provincial-de-bomberos-realiza-mas-de-80-intervenciones-en-el-interior-de-la-provincia-de-valencia-durante-la-manana","status":"publish","type":"post","link":"https:\/\/www.tucomarca.com\/wordpress\/segunda\/el-consorcio-provincial-de-bomberos-realiza-mas-de-80-intervenciones-en-el-interior-de-la-provincia-de-valencia-durante-la-manana\/","title":{"rendered":"V\u00eddeo: La Ribera Alta y La Hoya de Bu\u00f1ol-Chiva, entre las comarcas m\u00e1s afectadas por la DANA"},"content":{"rendered":"\n<h3 class=\"wp-block-heading\">El Consorcio Provincial de Bomberos realiza m\u00e1s de 80 intervenciones en el interior de la provincia de Valencia durante la ma\u00f1ana.<\/h3>\n\n\n\n<figure class=\"wp-block-embed is-type-video is-provider-youtube wp-block-embed-youtube wp-embed-aspect-16-9 wp-has-aspect-ratio\"><div class=\"wp-block-embed__wrapper\">\n<iframe loading=\"lazy\" title=\"La Ribera Alta y La Hoya de Bu\u00f1ol-Chiva, entre las comarcas m\u00e1s afectadas por la DANA.\" width=\"500\" height=\"281\" src=\"https:\/\/www.youtube.com\/embed\/25SoYMib3WM?feature=oembed\" frameborder=\"0\" allow=\"accelerometer; autoplay; clipboard-write; encrypted-media; gyroscope; picture-in-picture; web-share\" referrerpolicy=\"strict-origin-when-cross-origin\" allowfullscreen><\/iframe>\n<\/div><\/figure>\n\n\n\n<p>La DANA que est\u00e1 afectando al interior de la provincia de Valencia ha provocado m\u00e1s de 80 intervenciones por parte del Consorcio Provincial de Bomberos, especialmente en La Ribera Alta y La Hoya de Bu\u00f1ol-Chiva, que se encuentran entre las comarcas m\u00e1s afectadas por el temporal. En Alc\u00fadia, se han llevado a cabo dos operaciones de rescate de alto riesgo con el Grupo de Rescate GERA y el helic\u00f3ptero del Consorcio V-990. Uno de los rescates, el de un camionero, ya ha sido completado con \u00e9xito, mientras que otro, el de un ocupante de una vivienda pr\u00f3xima a un barranco, est\u00e1 en curso.<\/p>\n\n\n\n<p>Las autoridades contin\u00faan en alerta y trabajando intensamente en el operativo para garantizar la seguridad de las personas en las zonas afectadas.<\/p>\n\n\n\n<p>Adem\u00e1s, el Consorcio ha reportado nuevos rescates a conductores en Alc\u00fadia, hechos por &nbsp;los rescatadores del GERA y helic\u00f3ptero V-990 del Consorcio, traslad\u00e1ndoles a lugar seguro.<\/p>\n\n\n\n<p>El presidente de la Diputaci\u00f3n de Valencia, Vicente Momp\u00f3, y el diputado de bomberos Avelino Mascarell, han estado siguiendo de cerca las operaciones y todo el trabajo que los efectivos del Consorcio est\u00e1n realizando con motivo del temporal.&nbsp;<\/p>\n","protected":false},"excerpt":{"rendered":"<div class=\"mh-excerpt\">El Consorcio Provincial de Bomberos realiza m\u00e1s de 80 intervenciones en el interior de la provincia de Valencia durante la ma\u00f1ana. La DANA que est\u00e1 afectando al interior de la provincia de Valencia ha provocado <a class=\"mh-excerpt-more\" href=\"https:\/\/www.tucomarca.com\/wordpress\/segunda\/el-consorcio-provincial-de-bomberos-realiza-mas-de-80-intervenciones-en-el-interior-de-la-provincia-de-valencia-durante-la-manana\/\" title=\"V\u00eddeo: La Ribera Alta y La Hoya de Bu\u00f1ol-Chiva, entre las comarcas m\u00e1s afectadas por la DANA\">[+] <\/a><\/div>\n","protected":false},"author":12,"featured_media":242162,"comment_status":"open","ping_status":"open","sticky":false,"template":"","format":"video","meta":{"footnotes":""},"categories":[69,18,155,16,128,292,8,72,10,42,117,160,142,3,116,45,26],"tags":[20370,12831,21454],"class_list":{"0":"post-242159","1":"post","2":"type-post","3":"status-publish","4":"format-video","5":"has-post-thumbnail","7":"category-alzira","8":"category-bunol","9":"category-catadau","10":"category-chiva","11":"category-infraestructuras","12":"category-lalcudia","13":"category-la-comarca","14":"category-sin-categorizar","15":"category-la-hoya","16":"category-la-ribera","17":"category-medio-ambiente-la-comarca","18":"category-montroi","19":"category-politica-la-comarca","20":"category-seccion","21":"category-sucesos-la-comarca","22":"category-ventana","23":"category-video","24":"tag-consorcio-provincial-de-bomberos","25":"tag-dana-2","26":"tag-resactes","27":"post_format-post-format-video"},"_links":{"self":[{"href":"https:\/\/www.tucomarca.com\/wordpress\/segunda\/wp-json\/wp\/v2\/posts\/242159","targetHints":{"allow":["GET"]}}],"collection":[{"href":"https:\/\/www.tucomarca.com\/wordpress\/segunda\/wp-json\/wp\/v2\/posts"}],"about":[{"href":"https:\/\/www.tucomarca.com\/wordpress\/segunda\/wp-json\/wp\/v2\/types\/post"}],"author":[{"embeddable":true,"href":"https:\/\/www.tucomarca.com\/wordpress\/segunda\/wp-json\/wp\/v2\/users\/12"}],"replies":[{"embeddable":true,"href":"https:\/\/www.tucomarca.com\/wordpress\/segunda\/wp-json\/wp\/v2\/comments?post=242159"}],"version-history":[{"count":0,"href":"https:\/\/www.tucomarca.com\/wordpress\/segunda\/wp-json\/wp\/v2\/posts\/242159\/revisions"}],"wp:featuredmedia":[{"embeddable":true,"href":"https:\/\/www.tucomarca.com\/wordpress\/segunda\/wp-json\/wp\/v2\/media\/242162"}],"wp:attachment":[{"href":"https:\/\/www.tucomarca.com\/wordpress\/segunda\/wp-json\/wp\/v2\/media?parent=242159"}],"wp:term":[{"taxonomy":"category","embeddable":true,"href":"https:\/\/www.tucomarca.com\/wordpress\/segunda\/wp-json\/wp\/v2\/categories?post=242159"},{"taxonomy":"post_tag","embeddable":true,"href":"https:\/\/www.tucomarca.com\/wordpress\/segunda\/wp-json\/wp\/v2\/tags?post=242159"}],"curies":[{"name":"wp","href":"https:\/\/api.w.org\/{rel}","templated":true}]}}