{"id":242401,"date":"2024-10-30T15:57:19","date_gmt":"2024-10-30T13:57:19","guid":{"rendered":"https:\/\/www.tucomarca.com\/wordpress\/segunda\/?p=242401"},"modified":"2024-10-31T02:39:27","modified_gmt":"2024-10-31T00:39:27","slug":"la-peor-catastrofe-natural-de-nuestra-historia","status":"publish","type":"post","link":"https:\/\/www.tucomarca.com\/wordpress\/segunda\/la-peor-catastrofe-natural-de-nuestra-historia\/","title":{"rendered":"La peor cat\u00e1strofe natural de nuestra historia"},"content":{"rendered":"\n<h3 class=\"wp-block-heading\"><strong>La DANA arrasa la provincia de Valencia, deja al menos 70 fallecidos, muchos desaparecidos y un paisaje desolador en pueblos como Utiel, Chiva, Cheste o Riba-roja.<\/strong><\/h3>\n\n\n\n<p>La provincia de Valencia y muy especialmente buena parte del interior sufri\u00f3 ayer martes una de las jornadas m\u00e1s aciagas y devastadoras del siglo a consecuencia de la DANA que literalmente arras\u00f3 all\u00e1 por donde discurri\u00f3 dejando un reguero de desastre y, lo que es peor, al menos 70 fallecidos seg\u00fan fuentes de la Generalitat Valenciana y de la Guardia Civil, que siguen siendo provisionales por lo que se teme que esta cifra se incremente de manera todav\u00eda a\u00fan m\u00e1s dram\u00e1tica desde las 13 v\u00edctimas mortales que inicialmente se facilitaron a las 51, posteriormente.<\/p>\n\n\n\n<p>Una zona del interior que en muchas partes amanec\u00eda sin electricidad y sin cobertura telef\u00f3nica para los m\u00f3viles, con lo que la sensaci\u00f3n de desastre generalizado, de aislamiento y de desesperaci\u00f3n se incrementaba considerablemente entre la poblaci\u00f3n. Un corte en el suministro que en algunos pueblos como Bu\u00f1ol se produc\u00eda a las diez y media de la noche y a la hora de publicar esta noticia todav\u00eda no se hab\u00eda recuperado.<\/p>\n\n\n\n<p>La lluvia empez\u00f3 a caer con fuerza en todo el interior durante la noche del lunes al martes, aunque los registros pluviom\u00e9tricos se intensificaron a partir de primeras horas de la ma\u00f1ana del martes, generando los primeros problemas en la comarca de La Ribera Alta, en municipios como Alzira, L\u2019Alc\u00fadia, Montroi y Catadau, donde se llevaron a cabo los primeros rescates en helic\u00f3ptero de personas y conductores atrapados en sus veh\u00edculos u hogares; y donde durante la ma\u00f1ana se confirmaba que una persona hab\u00eda fallecido.<\/p>\n\n\n\n<figure class=\"wp-block-image size-full\"><img loading=\"lazy\" decoding=\"async\" width=\"945\" height=\"603\" src=\"https:\/\/www.tucomarca.com\/wordpress\/segunda\/wp-content\/uploads\/2024\/10\/utiel2.jpg\" alt=\"\" class=\"wp-image-242213\" srcset=\"https:\/\/www.tucomarca.com\/wordpress\/segunda\/wp-content\/uploads\/2024\/10\/utiel2.jpg 945w, https:\/\/www.tucomarca.com\/wordpress\/segunda\/wp-content\/uploads\/2024\/10\/utiel2-300x191.jpg 300w, https:\/\/www.tucomarca.com\/wordpress\/segunda\/wp-content\/uploads\/2024\/10\/utiel2-768x490.jpg 768w\" sizes=\"auto, (max-width: 945px) 100vw, 945px\" \/><\/figure>\n\n\n\n<p>Sin embargo eran pueblos aguas arriba, como Utiel, los primeros en padecer la devastaci\u00f3n del paso de esta DANA en sus cascos urbanos atravesados por barrancos, donde a mediod\u00eda la lluvia inundaba buena parte de los barrios de Las Parras y La Fuente, dejando a muchas personas aisladas y obligadas a refugiarse en los tejados de sus viviendas. Trombas de agua recorr\u00edan el barranco y se llevaban todo por delante a su paso. El Ayuntamiento decid\u00eda entonces solicitar la ayuda de la Unidad Militar de Emergencias (UME) que se activaba pasadas las tres de la tarde. El alcalde de Utiel, Ricardo Gabald\u00f3n, ha descrito que los servicios de emergencia \u201ciban rescatando uno a uno a todas las personas atrapadas, con tractores y con m\u00e1quinas excavadoras\u201d. Y confirmaba \u201cque s\u00ed se hab\u00edan registrado v\u00edctimas mortales\u201d, fallecidos que a media tarde del mi\u00e9rcoles el propio alcalde cifraba en seis convecinos.<\/p>\n\n\n\n<figure class=\"wp-block-image size-large\"><img loading=\"lazy\" decoding=\"async\" width=\"763\" height=\"1024\" src=\"https:\/\/www.tucomarca.com\/wordpress\/segunda\/wp-content\/uploads\/2024\/10\/ChivaArrasada-763x1024.jpeg\" alt=\"\" class=\"wp-image-242402\" srcset=\"https:\/\/www.tucomarca.com\/wordpress\/segunda\/wp-content\/uploads\/2024\/10\/ChivaArrasada-763x1024.jpeg 763w, https:\/\/www.tucomarca.com\/wordpress\/segunda\/wp-content\/uploads\/2024\/10\/ChivaArrasada-224x300.jpeg 224w, https:\/\/www.tucomarca.com\/wordpress\/segunda\/wp-content\/uploads\/2024\/10\/ChivaArrasada-768x1031.jpeg 768w, https:\/\/www.tucomarca.com\/wordpress\/segunda\/wp-content\/uploads\/2024\/10\/ChivaArrasada.jpeg 1056w\" sizes=\"auto, (max-width: 763px) 100vw, 763px\" \/><\/figure>\n\n\n\n<p>Horas despu\u00e9s, pasadas las cinco de la tarde del martes, era el municipio de Chiva el que se ve\u00eda sometido a un aut\u00e9ntico diluvio que provocaba una situaci\u00f3n dantesca y extraordinariamente incre\u00edble a causa de los 445 litros por metro cuadrado registrados en el t\u00e9rmino en apenas cuatro horas de un total de 491 litros por metro cuadrado contabilizados ayer por la tarde; una aut\u00e9ntica tromba de agua que arrasaba todo a su paso y que convirti\u00f3 el centro del casco urbano de la localidad en un amasijo de coches arrastrados por el agua, contenedores y mobiliario urbano debido a los escalofriantes e inauditos 2.200 metros c\u00fabicos por segundo que se registraron en el barranco del Poyo que atraviesa toda la localidad.<\/p>\n\n\n\n<p>La alcaldesa de Chiva, Amparo Fort, trasladaba momentos despu\u00e9s del desastre a <strong>tucomarca.com<\/strong> que la situaci\u00f3n les hab\u00eda desbordado por completo y que se encontraban totalmente asilados, impotentes y a la espera de poder recibir ayuda por parte de los servicios de emergencia y tampoco descartaba que se hubiesen producido fallecidos, \u201cdado que tenemos personas desaparecidas\u201d. Un dato que se confirmaba a primera hora de la ma\u00f1ana con el hallazgo de un cuerpo en el t\u00e9rmino municipal; as\u00ed como otra personas fallecida hallada en el vecino t\u00e9rmino de Cheste. Dos localidades pr\u00e1cticamente incomunicadas, especialmente Chiva donde el agua se ha llevado por delante un puente y a cuyo casco urbano s\u00f3lo se puede acceder a pie.<\/p>\n\n\n\n<p>Y aunque Chiva marcaba r\u00e9cord al registrar 491 litros por metro cuadrado durante la tarde, otros pueblos vecinos como Bu\u00f1ol tambi\u00e9n alcanzabas cifras de r\u00e9cord cercanas a los 400 l\/m2, aunque quiz\u00e1s por su orograf\u00eda el casco urbano no se ve\u00eda significativamente afectado.<\/p>\n\n\n\n<p>Discurr\u00eda el d\u00eda, al igual que la DANA, y los centenares de litros por metro cuadrado ca\u00eddos en el interior de la provincia empezaban a discurrir hacia el mar llegando a zonas de la comarca de Camp De Turia como Riba-roja de Turia donde los 400 litros por metro cuadrado agravaban los problemas con personas aisladas en pol\u00edgonos industriales, rotondas y puentes. No obstante, el propio alcalde de la localidad, Robert Raga, ha confirmado que la situaci\u00f3n \u201cha mejorado durante las \u00faltimas horas\u201d, se han visto obligados a realizar m\u00faltiples servicios de ayuda y rescate, \u201ccomo en el que hemos trasladado a 400 trabajadores a un colegio que hoy permanece cerrado\u201d. Ya que el alcalde recordaba que a primeras horas de la ma\u00f1ana todav\u00eda no se pod\u00eda entrar por que los accesos est\u00e1n llenos de camiones volcados, coches que obstruyen el paso. Una situaci\u00f3n aunque complicada, ya controlada\u201d.&nbsp;<\/p>\n\n\n\n<p>El presidente de la Generalitat Valenciana, Carlos Maz\u00f3n, a las ocho de la ma\u00f1ana comparec\u00eda en p\u00fablico para informar que desde primeras horas de la ma\u00f1ana \u201clos esfuerzos se centraban no s\u00f3lo en localizar a las personas desaparecidas, sino en ayudar a las cientos aisladas en pol\u00edgonos industriales y zonas ahora mismo a las que no se pude acceder por el agua\u201d.<\/p>\n\n\n\n<p>El President confirmaba a esas horas que todav\u00eda exist\u00edan \u201cpuntos sin cobertura de telefon\u00eda y sin luz, sigue habiendo personas que en sitios en los que no se puede acceder\u201d.&nbsp;<\/p>\n\n\n\n<p>\u201cAnoche se activ\u00f3 en prevenci\u00f3n de lo que pueda venir el procedimiento de \u201cm\u00faltiples v\u00edctimas\u201d, aunque no se puede dar una cifra concreta de v\u00edctimas. Lo haremos a lo largo de las pr\u00f3ximas horas\u201d, tal como avanz\u00f3 Carlos Maz\u00f3n.&nbsp;<\/p>\n\n\n\n<p>\u201cLos refuerzos est\u00e1n en marcha tanto provenientes por parte de la Generalitat Valenciana como del Ministerio como por parte de Comunidades Aut\u00f3nomas vecinas. Estamos esperando la llegada de m\u00e1s equipamiento si fuera necesario: desde helic\u00f3pteros con rescatadores a unidades y coordinaci\u00f3n\u201d.<\/p>\n\n\n\n<p>Por su parte, la Delegada del Gobierno en Valencia, Pilar Bernab\u00e9, ha querido dar \u201clas gracias a los alcaldes y alcaldesas que han pasado una noche terrible as\u00ed como a todos los efectivos que est\u00e1n trabajando de una forma extenuante y en situaciones heroicas toda la noche a lo largo y ancho de la Comunidad Valenciana\u201d.<\/p>\n\n\n\n<p>La Delegada ha explicado que ayer martes, \u201ca las 15,00 hora se activ\u00f3 la Unidad de Emergencias (UME) que est\u00e1n reforzando todas las labores de rescate, todo el batall\u00f3n de B\u00e9tera disponible: 236 efectivos y 86 medios adem\u00e1s de UME\u2019s de Sevilla, Madrid, Zaragoza y Le\u00f3n, que sumar\u00e1n m\u00e1s de 400 efectivos. Adem\u00e1s de otros medios que vienen para b\u00fasqueda y rescate, veh\u00edculos pesados y cuatro helic\u00f3pteros de la UME que se suman a los de la Generalitat Valenciana. Adem\u00e1s, desde ayer se mantuvieron reuniones con los ministros de Defensa, Interior, Justicia y Presidencia para coordinar todas las acciones\u201d.<\/p>\n\n\n\n<p>Desde el cuerpo de Bomberos de la Generalitat Valenciana han informado de que el dispositivo puesto en marcha ayer \u201cse fue adaptando de naranja a rojo y se vio la necesidad urgente de que la UM se incorporporara las tareas de rescate desde las 15,00 horas del martes. Las unidades de emergencia y rescate no han podido llegar f\u00edsicamente a la zona afectada y esto nos ha tenido en una situaci\u00f3n de \u201ctensa organizaci\u00f3n\u201d, al no poder ser capaces de llegar a las v\u00edctimas en el momento que m\u00e1s lo necesitaban. Estamos empezando con los rescate desde las unidles helitransportadas y movi\u00e9ndonos con helic\u00f3pteros porque no tenemos acceso a todos los puntos que necesitan rescate\u201d.<\/p>\n\n\n\n<figure class=\"wp-block-image size-full\"><img loading=\"lazy\" decoding=\"async\" width=\"887\" height=\"714\" src=\"https:\/\/www.tucomarca.com\/wordpress\/segunda\/wp-content\/uploads\/2024\/10\/A3atrapadosA3.jpg\" alt=\"\" class=\"wp-image-242327\" srcset=\"https:\/\/www.tucomarca.com\/wordpress\/segunda\/wp-content\/uploads\/2024\/10\/A3atrapadosA3.jpg 887w, https:\/\/www.tucomarca.com\/wordpress\/segunda\/wp-content\/uploads\/2024\/10\/A3atrapadosA3-300x241.jpg 300w, https:\/\/www.tucomarca.com\/wordpress\/segunda\/wp-content\/uploads\/2024\/10\/A3atrapadosA3-768x618.jpg 768w\" sizes=\"auto, (max-width: 887px) 100vw, 887px\" \/><\/figure>\n\n\n\n<p><strong>Innumerables carreteras y v\u00edas cortadas&nbsp;<\/strong><\/p>\n\n\n\n<p>A primeras horas de la ma\u00f1ana segu\u00edan cortadas un n\u00famero indeterminado de carreteras, \u201cnumerosas\u201d en palabras del propio Carlos Maz\u00f3n, desde comarcales a la autopista A7 o la Autov\u00eda A3. El By-Pass entre Torrente y Manises; la Autov\u00eda A3 en Chiva, Riba-roja y Utiel-Requena, donde se produjeron hasta 17 kil\u00f3metros de retenciones a la altura de Chiva; as\u00ed como la Autopista AP-7 en el kil\u00f3metro 330, concretamente entre la zona de Picassent y l\u2019Alcudia y la zona de Sedav\u00ed-Alfafar.<\/p>\n\n\n\n<p>Entre las carreteras secundarias que a media ma\u00f1ana segu\u00edan cortadas se encuentran la CV-35 en Titaguas y en su acceso a la A7; la A3 en Villar de Olmos y Utiel, la CV-33 en Torrente y la CV-50 en Alcira, adem\u00e1s de otras carreteras de la v\u00eda secundaria.<\/p>\n\n\n\n<p>Tambi\u00e9n los trenes tanto de Cercan\u00edas de la l\u00ednea C-3 ente Valencia y Utiel as\u00ed como el AVE de Valencia a Madrid se encontraban cortados y sin servicio a primera hora de la ma\u00f1ana.<\/p>\n\n\n\n<p><strong>M\u00e1s de 160.000 usuarios sin electricidad<\/strong><\/p>\n\n\n\n<p>Otro de los problemas que se ha sumado a una jornada aciaga para la Comunidad Valenciana y en particular para la provincia de Valencia, ha sido el corte en el suministro el\u00e9ctrico para muchos de los usuarios de los pueblos afectados por las trombas de agua.<\/p>\n\n\n\n<p>Entre estos pueblos se encuentran los de Bu\u00f1ol, Utiel, Carlet y Monserrat donde no se ha podido recuperar todav\u00eda el servicio interrumpido en algunos municipios debido a la imposibilidad de acceder los servicios de reparaci\u00f3n de las compa\u00f1\u00eda el\u00e9ctricas hasta las instalaciones.<\/p>\n\n\n\n<p>Una falta en el suministro de electricidad que se ha sumado a la del servicio de telefon\u00eda e internet, de ah\u00ed que tampoco se pudieran restablecer las comunicaciones hasta, al menos, las tres del mediod\u00eda y que haya perjudicado a muchos ciudadanos y empresas, entre otras a este diario digital que no ha podido informar a sus lectores de los \u00faltimos datos de la tragedia hasta ese momento.<\/p>\n\n\n\n<figure class=\"wp-block-image size-large\"><img loading=\"lazy\" decoding=\"async\" width=\"1024\" height=\"697\" src=\"https:\/\/www.tucomarca.com\/wordpress\/segunda\/wp-content\/uploads\/2024\/10\/A3hanegada-1024x697.jpg\" alt=\"\" class=\"wp-image-242315\" srcset=\"https:\/\/www.tucomarca.com\/wordpress\/segunda\/wp-content\/uploads\/2024\/10\/A3hanegada-1024x697.jpg 1024w, https:\/\/www.tucomarca.com\/wordpress\/segunda\/wp-content\/uploads\/2024\/10\/A3hanegada-300x204.jpg 300w, https:\/\/www.tucomarca.com\/wordpress\/segunda\/wp-content\/uploads\/2024\/10\/A3hanegada-768x523.jpg 768w, https:\/\/www.tucomarca.com\/wordpress\/segunda\/wp-content\/uploads\/2024\/10\/A3hanegada.jpg 1064w\" sizes=\"auto, (max-width: 1024px) 100vw, 1024px\" \/><\/figure>\n\n\n\n<p><strong>\u201cUna de las mayores de la historia\u201d, seg\u00fan los meteor\u00f3logos.<\/strong><\/p>\n\n\n\n<p>Lo \u00fanico positivo de la jornada parece ser la mejora de las condiciones climatol\u00f3gicas, donde al menos en la zona afectada no se esperan lluvias preocupantes para esta jornada, por lo que la situaci\u00f3n, climatol\u00f3gicamente hablando, se normaliza. La Generalitat Valenciana ha habilitado un tel\u00e9fono para reportar desaparecidos: 900365112.&nbsp;<\/p>\n\n\n\n<p>Y es que la provincia ha padecido una de las DANAS o gotas fr\u00edas m\u00e1s grandes que ha afectado a la Comunidad en toda su historia; una afecci\u00f3n calificada de extraordinaria por los propios metere\u00f3logos que han puesto como ejemplo que en algunos puntos en pocas horas se han registrado lo que se suele recoger en todo un a\u00f1o.<\/p>\n","protected":false},"excerpt":{"rendered":"<div class=\"mh-excerpt\">La DANA arrasa la provincia de Valencia, deja al menos 70 fallecidos, muchos desaparecidos y un paisaje desolador en pueblos como Utiel, Chiva, Cheste o Riba-roja. La provincia de Valencia y muy especialmente buena parte <a class=\"mh-excerpt-more\" href=\"https:\/\/www.tucomarca.com\/wordpress\/segunda\/la-peor-catastrofe-natural-de-nuestra-historia\/\" title=\"La peor cat\u00e1strofe natural de nuestra historia\">[+] <\/a><\/div>\n","protected":false},"author":1,"featured_media":242402,"comment_status":"open","ping_status":"open","sticky":false,"template":"","format":"standard","meta":{"footnotes":""},"categories":[99,69,46,155,128,292,8,72,10,42,97,117,160,27,3,116,43,45],"tags":[10395,12831,5952,3640,10387],"class_list":{"0":"post-242401","1":"post","2":"type-post","3":"status-publish","4":"format-standard","5":"has-post-thumbnail","7":"category-algemesi","8":"category-alzira","9":"category-camp-de-turia","10":"category-catadau","11":"category-infraestructuras","12":"category-lalcudia","13":"category-la-comarca","14":"category-sin-categorizar","15":"category-la-hoya","16":"category-la-ribera","17":"category-llombai","18":"category-medio-ambiente-la-comarca","19":"category-montroi","20":"category-requena-utiel","21":"category-seccion","22":"category-sucesos-la-comarca","23":"category-turis","24":"category-ventana","25":"tag-camp-de-turia","26":"tag-dana-2","27":"tag-la-hoya-de-bunol-chiva","28":"tag-la-ribera-alta","29":"tag-requena-utiel"},"_links":{"self":[{"href":"https:\/\/www.tucomarca.com\/wordpress\/segunda\/wp-json\/wp\/v2\/posts\/242401","targetHints":{"allow":["GET"]}}],"collection":[{"href":"https:\/\/www.tucomarca.com\/wordpress\/segunda\/wp-json\/wp\/v2\/posts"}],"about":[{"href":"https:\/\/www.tucomarca.com\/wordpress\/segunda\/wp-json\/wp\/v2\/types\/post"}],"author":[{"embeddable":true,"href":"https:\/\/www.tucomarca.com\/wordpress\/segunda\/wp-json\/wp\/v2\/users\/1"}],"replies":[{"embeddable":true,"href":"https:\/\/www.tucomarca.com\/wordpress\/segunda\/wp-json\/wp\/v2\/comments?post=242401"}],"version-history":[{"count":0,"href":"https:\/\/www.tucomarca.com\/wordpress\/segunda\/wp-json\/wp\/v2\/posts\/242401\/revisions"}],"wp:featuredmedia":[{"embeddable":true,"href":"https:\/\/www.tucomarca.com\/wordpress\/segunda\/wp-json\/wp\/v2\/media\/242402"}],"wp:attachment":[{"href":"https:\/\/www.tucomarca.com\/wordpress\/segunda\/wp-json\/wp\/v2\/media?parent=242401"}],"wp:term":[{"taxonomy":"category","embeddable":true,"href":"https:\/\/www.tucomarca.com\/wordpress\/segunda\/wp-json\/wp\/v2\/categories?post=242401"},{"taxonomy":"post_tag","embeddable":true,"href":"https:\/\/www.tucomarca.com\/wordpress\/segunda\/wp-json\/wp\/v2\/tags?post=242401"}],"curies":[{"name":"wp","href":"https:\/\/api.w.org\/{rel}","templated":true}]}}