{"id":242427,"date":"2024-10-31T01:25:58","date_gmt":"2024-10-30T23:25:58","guid":{"rendered":"https:\/\/www.tucomarca.com\/wordpress\/segunda\/?p=242427"},"modified":"2024-10-31T03:16:09","modified_gmt":"2024-10-31T01:16:09","slug":"bunol-zona-catastrofica-incomunicada-y-sin-electricidad-se-convierte-en-refugio-de-un-centenar-de-conductores-atrapados-en-la-ratonera-de-la-autovia-a3","status":"publish","type":"post","link":"https:\/\/www.tucomarca.com\/wordpress\/segunda\/bunol-zona-catastrofica-incomunicada-y-sin-electricidad-se-convierte-en-refugio-de-un-centenar-de-conductores-atrapados-en-la-ratonera-de-la-autovia-a3\/","title":{"rendered":"El pueblo de Bu\u00f1ol, incomunicado y sin electricidad, se convierte en refugio de un centenar de conductores atrapados en la ratonera de la A3"},"content":{"rendered":"\n<h3 class=\"wp-block-heading\">La poblaci\u00f3n de Bu\u00f1ol tambi\u00e9n ha sufrido el catastr\u00f3fico paso de la DANA por su casco urbano as\u00ed como por su t\u00e9rmino municipal, donde aunque su alcaldesa, Virginia Sanz, ha confirmado a media tarde del mi\u00e9rcoles que no se ha notificado que entre las v\u00edctimas mortales haya vecinos de la localidad, \u201clos da\u00f1os son de zona catastr\u00f3fica\u201d, tal como ha declarado a tucomarca.com.<\/h3>\n\n\n\n<p>Bu\u00f1ol ha sido otra de las poblaciones que m\u00e1s da\u00f1os en sus infraestructuras ha sufrido a consecuencia del paso de la DANA durante la jornada del martes y la madrugada del mi\u00e9rcoles.<\/p>\n\n\n\n<p>\u201cLos da\u00f1os han afectado a todo el per\u00edmetro del pueblo. Puentes, zonas de parques infantiles y aparcamientos han sido arrasados por la lluvia, ademas de un total de cuatro viviendas desalojadas debido a la tromba de agua que ha seguido al derrumbe de parte de la Cuesta Navarro\u201d, tal como ha explicado la alcaldesa, que ha destacado que el pueblo \u201cse ha volcado al 200% con la limpieza y la recuperaci\u00f3n en la medida de lo posible de estos lugares, entre otras acciones\u201d.<\/p>\n\n\n\n<p>\u201cAdem\u00e1s de los da\u00f1os materiales que ha sufrido el pueblo, durante el d\u00eda de hoy, Bu\u00f1ol se ha encontrado sin carretera y sin servicios de comunicaci\u00f3n, adem\u00e1s de fallos en el suministro de agua y luz, debido a problemas con las bombas de los pozos\u201d, ha a\u00f1adido la alcaldesa de Bu\u00f1ol, Virginia Sanz, que ha querido reiterar que la poblaci\u00f3n \u201csolo puede salir de Bu\u00f1ol y se puede desplazar en casos de extrema urgencia porque las carreteras todav\u00eda no est\u00e1n habilitadas, estamos en riesgo extremo, solo en caso de m\u00e1xima urgencia se puede salir con una solicitud, porque todav\u00eda no tenemos un acceso libre a las carreteras. Se est\u00e1n habilitando, pero todav\u00eda no lo tenemos. Por lo tanto, intentar no molestar en los trabajos de limpieza, es un riesgo que relentiza el trabajo\u201d.<\/p>\n\n\n\n<p>Virginia Sanz tambi\u00e9n ha querido dar un mensaje alentador a la poblaci\u00f3n: \u201cTodo se va a restablecer. Vamos a trabajar sin descanso para restablecer agua, luz y las conexiones, todo volver\u00e1 poco a poco a la normalidad\u201d.<\/p>\n\n\n\n<p>La primera edil ha avanzado adem\u00e1s que la Diputaci\u00f3 de Valencia ha informado de la \u201cpreparaci\u00f3n de una partida extra para la soluci\u00f3n de las comunicaciones por carretera y, el ayuntamiento, una vez realizado un plan econ\u00f3mico de da\u00f1os se proceder\u00e1 a empezar con un plan de urgencia a trabajar sobre todos nuestros puentes, carreteras y todas las zonas&nbsp; que han quedado devastadas\u201d, en palabras de la alcaldesa.&nbsp;<\/p>\n\n\n\n<p><strong>La A3 en el tramo del puente del AVE a su paso por Bu\u00f1ol, convertida en una ratonera<\/strong><\/p>\n\n\n\n<p>La Autov\u00eda A3 en el tramo del puente del AVE a su paso por Bu\u00f1ol se convirti\u00f3 la tarde-noche del martes en un amasijo de coches, barro, agua y al menos una persona fallecida, donde cientos de veh\u00edculos se vieron sorprendidos por la tromba de agua que desde el barranco del Gallo irrumpi\u00f3 en la Autov\u00eda y se llev\u00f3 por delante a veh\u00edculos y conductores.&nbsp;<\/p>\n\n\n\n<p>Al tener constancia de la situaci\u00f3n, el Ayuntamiento de Bu\u00f1ol se convirti\u00f3 la noche del martes en el centro de recepci\u00f3n de damnificados, algunos de ellos heridos al intentar salvar su vida, por esta situaci\u00f3n.<\/p>\n\n\n\n<p>\u201cEn un primer momento las v\u00edctimas fueron trasladados durante la tarde del martes a la estaci\u00f3n de Renfe y a la Sala El Mercado donde fueron atendidos\u201d, tal como ha explicado la alcaldesa, \u201cpor voluntarios que fueron llegando a las inmediaciones a pesar de estar todo el municipio sin energ\u00eda el\u00e9ctrica y lloviendo de manera descontrolada\u00bb.&nbsp;<\/p>\n\n\n\n<p>A trav\u00e9s de las redes sociales y antes del apag\u00f3n digital, desde el consistorio se solicitaron mantas y se dot\u00f3 de alimentos a las personas all\u00ed alojadas, entre las que se encontraba una mujer embarazada.&nbsp;<\/p>\n\n\n\n<p>\u201cLos heridos fueron trasladados al Centro de Salud, ya que algunos llegaron con costillas o con piernas rotas al intentar salir de coches en la autov\u00eda para salvar sus vidas, como ha explicado Virginia Sanz.<\/p>\n\n\n\n<p>La alcaldesa ha explicado que durante este mi\u00e9rcoles \u201cse ha cedido adem\u00e1s el teatro Montecarlo para convertirse en centro de emergencias para la atenci\u00f3n de v\u00edctimas\u201d y ha insistido en que Bu\u00f1ol, \u201cuna vez m\u00e1s, se ha volcado ante esta cat\u00e1strofe que ha producido muchos da\u00f1os materiales y muchas v\u00edctimas\u201d.<\/p>\n\n\n\n<p><strong>Innumerables carreteras y v\u00edas cortadas&nbsp;<\/strong><\/p>\n\n\n\n<p>A primeras horas de la ma\u00f1ana del mi\u00e9rcoles segu\u00edan cortadas un n\u00famero indeterminado de carreteras, \u201cnumerosas\u201d en palabras del propio Carlos Maz\u00f3n, desde comarcales a la autopista A7 o la Autov\u00eda A3. El By-Pass entre Torrente y Manises; la Autov\u00eda A3 en Chiva, Riba-roja y Utiel-Requena, donde se produjeron hasta 17 kil\u00f3metros de retenciones a la altura de Chiva; as\u00ed como la Autopista AP-7 en el kil\u00f3metro 330, concretamente entre la zona de Picassent y l\u2019Alcudia y la zona de Sedav\u00ed-Alfafar.<\/p>\n\n\n\n<p>Entre las carreteras secundarias que a media ma\u00f1ana segu\u00edan cortadas se encontraban la CV-35 en Titaguas y en su acceso a la A7; la A3 en Villar de Olmos y Utiel, la CV-33 en Torrente y la CV-50 en Alcira, adem\u00e1s de otras carreteras de la v\u00eda secundaria.<\/p>\n\n\n\n<p>Tambi\u00e9n los trenes tanto de Cercan\u00edas de la l\u00ednea C-3 ente Valencia y Utiel as\u00ed como el AVE de Valencia a Madrid se encontraban cortados y sin servicio a primera hora de la ma\u00f1ana.<\/p>\n\n\n\n<p><strong>M\u00e1s de 160.000 usuarios sin electricidad<\/strong><\/p>\n\n\n\n<p>Otro de los problemas que se ha sumado a una jornada aciaga para la Comunidad Valenciana y en particular para la provincia de Valencia, ha sido el corte en el suministro el\u00e9ctrico para muchos de los usuarios de los pueblos afectados por las trombas de agua.<\/p>\n\n\n\n<p>Entre estos pueblos se encuentran los de Bu\u00f1ol, Utiel, Carlet y Monserrat donde no se ha podido recuperar el servicio hasta casi 24 horas despu\u00e9s debido a la imposibilidad de acceder los servicios de reparaci\u00f3n de las compa\u00f1\u00eda el\u00e9ctricas hasta las instalaciones.<\/p>\n\n\n\n<p>Una falta en el suministro de electricidad que se ha sumado a la del servicio de telefon\u00eda, de ah\u00ed que tampoco se pudieran restablecer las comunicaciones hasta, al menos, el mediod\u00eda y que haya perjudicado a muchas empresas, entre otras a este diario digital.<\/p>\n\n\n\n<p>La Generalitat Valenciana ha habilitado un tel\u00e9fono para reportar desaparecidos: 900365112.&nbsp;<\/p>\n\n\n\n<figure class=\"wp-block-gallery has-nested-images columns-1 is-cropped wp-block-gallery-1 is-layout-flex wp-block-gallery-is-layout-flex\">\n<figure class=\"wp-block-image size-large\"><img loading=\"lazy\" decoding=\"async\" width=\"1024\" height=\"767\" data-id=\"242469\" src=\"https:\/\/www.tucomarca.com\/wordpress\/segunda\/wp-content\/uploads\/2024\/10\/BunolDana24_16-1024x767.jpeg\" alt=\"\" class=\"wp-image-242469\" srcset=\"https:\/\/www.tucomarca.com\/wordpress\/segunda\/wp-content\/uploads\/2024\/10\/BunolDana24_16-1024x767.jpeg 1024w, https:\/\/www.tucomarca.com\/wordpress\/segunda\/wp-content\/uploads\/2024\/10\/BunolDana24_16-300x225.jpeg 300w, https:\/\/www.tucomarca.com\/wordpress\/segunda\/wp-content\/uploads\/2024\/10\/BunolDana24_16-768x576.jpeg 768w, https:\/\/www.tucomarca.com\/wordpress\/segunda\/wp-content\/uploads\/2024\/10\/BunolDana24_16-678x509.jpeg 678w, https:\/\/www.tucomarca.com\/wordpress\/segunda\/wp-content\/uploads\/2024\/10\/BunolDana24_16-326x245.jpeg 326w, https:\/\/www.tucomarca.com\/wordpress\/segunda\/wp-content\/uploads\/2024\/10\/BunolDana24_16-80x60.jpeg 80w, https:\/\/www.tucomarca.com\/wordpress\/segunda\/wp-content\/uploads\/2024\/10\/BunolDana24_16.jpeg 1181w\" sizes=\"auto, (max-width: 1024px) 100vw, 1024px\" \/><\/figure>\n\n\n\n<figure class=\"wp-block-image size-large\"><img loading=\"lazy\" decoding=\"async\" width=\"1024\" height=\"767\" data-id=\"242471\" src=\"https:\/\/www.tucomarca.com\/wordpress\/segunda\/wp-content\/uploads\/2024\/10\/BunolDana24_15-1024x767.jpeg\" alt=\"\" class=\"wp-image-242471\" srcset=\"https:\/\/www.tucomarca.com\/wordpress\/segunda\/wp-content\/uploads\/2024\/10\/BunolDana24_15-1024x767.jpeg 1024w, https:\/\/www.tucomarca.com\/wordpress\/segunda\/wp-content\/uploads\/2024\/10\/BunolDana24_15-300x225.jpeg 300w, https:\/\/www.tucomarca.com\/wordpress\/segunda\/wp-content\/uploads\/2024\/10\/BunolDana24_15-768x576.jpeg 768w, https:\/\/www.tucomarca.com\/wordpress\/segunda\/wp-content\/uploads\/2024\/10\/BunolDana24_15-678x509.jpeg 678w, https:\/\/www.tucomarca.com\/wordpress\/segunda\/wp-content\/uploads\/2024\/10\/BunolDana24_15-326x245.jpeg 326w, https:\/\/www.tucomarca.com\/wordpress\/segunda\/wp-content\/uploads\/2024\/10\/BunolDana24_15-80x60.jpeg 80w, https:\/\/www.tucomarca.com\/wordpress\/segunda\/wp-content\/uploads\/2024\/10\/BunolDana24_15.jpeg 1181w\" sizes=\"auto, (max-width: 1024px) 100vw, 1024px\" \/><\/figure>\n\n\n\n<figure class=\"wp-block-image size-large\"><img loading=\"lazy\" decoding=\"async\" width=\"1024\" height=\"767\" data-id=\"242473\" src=\"https:\/\/www.tucomarca.com\/wordpress\/segunda\/wp-content\/uploads\/2024\/10\/BunolDana24_14-1024x767.jpeg\" alt=\"\" class=\"wp-image-242473\" srcset=\"https:\/\/www.tucomarca.com\/wordpress\/segunda\/wp-content\/uploads\/2024\/10\/BunolDana24_14-1024x767.jpeg 1024w, https:\/\/www.tucomarca.com\/wordpress\/segunda\/wp-content\/uploads\/2024\/10\/BunolDana24_14-300x225.jpeg 300w, https:\/\/www.tucomarca.com\/wordpress\/segunda\/wp-content\/uploads\/2024\/10\/BunolDana24_14-768x576.jpeg 768w, https:\/\/www.tucomarca.com\/wordpress\/segunda\/wp-content\/uploads\/2024\/10\/BunolDana24_14-678x509.jpeg 678w, https:\/\/www.tucomarca.com\/wordpress\/segunda\/wp-content\/uploads\/2024\/10\/BunolDana24_14-326x245.jpeg 326w, https:\/\/www.tucomarca.com\/wordpress\/segunda\/wp-content\/uploads\/2024\/10\/BunolDana24_14-80x60.jpeg 80w, https:\/\/www.tucomarca.com\/wordpress\/segunda\/wp-content\/uploads\/2024\/10\/BunolDana24_14.jpeg 1181w\" sizes=\"auto, (max-width: 1024px) 100vw, 1024px\" \/><\/figure>\n\n\n\n<figure class=\"wp-block-image size-large\"><img loading=\"lazy\" decoding=\"async\" width=\"1024\" height=\"767\" data-id=\"242475\" src=\"https:\/\/www.tucomarca.com\/wordpress\/segunda\/wp-content\/uploads\/2024\/10\/BunolDana24_05-1024x767.jpeg\" alt=\"\" class=\"wp-image-242475\" srcset=\"https:\/\/www.tucomarca.com\/wordpress\/segunda\/wp-content\/uploads\/2024\/10\/BunolDana24_05-1024x767.jpeg 1024w, https:\/\/www.tucomarca.com\/wordpress\/segunda\/wp-content\/uploads\/2024\/10\/BunolDana24_05-300x225.jpeg 300w, https:\/\/www.tucomarca.com\/wordpress\/segunda\/wp-content\/uploads\/2024\/10\/BunolDana24_05-768x576.jpeg 768w, https:\/\/www.tucomarca.com\/wordpress\/segunda\/wp-content\/uploads\/2024\/10\/BunolDana24_05-678x509.jpeg 678w, https:\/\/www.tucomarca.com\/wordpress\/segunda\/wp-content\/uploads\/2024\/10\/BunolDana24_05-326x245.jpeg 326w, https:\/\/www.tucomarca.com\/wordpress\/segunda\/wp-content\/uploads\/2024\/10\/BunolDana24_05-80x60.jpeg 80w, https:\/\/www.tucomarca.com\/wordpress\/segunda\/wp-content\/uploads\/2024\/10\/BunolDana24_05.jpeg 1181w\" sizes=\"auto, (max-width: 1024px) 100vw, 1024px\" \/><\/figure>\n\n\n\n<figure class=\"wp-block-image size-large\"><img loading=\"lazy\" decoding=\"async\" width=\"1024\" height=\"767\" data-id=\"242477\" src=\"https:\/\/www.tucomarca.com\/wordpress\/segunda\/wp-content\/uploads\/2024\/10\/BunolDana24_06-1024x767.jpeg\" alt=\"\" class=\"wp-image-242477\" srcset=\"https:\/\/www.tucomarca.com\/wordpress\/segunda\/wp-content\/uploads\/2024\/10\/BunolDana24_06-1024x767.jpeg 1024w, https:\/\/www.tucomarca.com\/wordpress\/segunda\/wp-content\/uploads\/2024\/10\/BunolDana24_06-300x225.jpeg 300w, https:\/\/www.tucomarca.com\/wordpress\/segunda\/wp-content\/uploads\/2024\/10\/BunolDana24_06-768x576.jpeg 768w, https:\/\/www.tucomarca.com\/wordpress\/segunda\/wp-content\/uploads\/2024\/10\/BunolDana24_06-678x509.jpeg 678w, https:\/\/www.tucomarca.com\/wordpress\/segunda\/wp-content\/uploads\/2024\/10\/BunolDana24_06-326x245.jpeg 326w, https:\/\/www.tucomarca.com\/wordpress\/segunda\/wp-content\/uploads\/2024\/10\/BunolDana24_06-80x60.jpeg 80w, https:\/\/www.tucomarca.com\/wordpress\/segunda\/wp-content\/uploads\/2024\/10\/BunolDana24_06.jpeg 1181w\" sizes=\"auto, (max-width: 1024px) 100vw, 1024px\" \/><\/figure>\n\n\n\n<figure class=\"wp-block-image size-large\"><img loading=\"lazy\" decoding=\"async\" width=\"1024\" height=\"767\" data-id=\"242479\" src=\"https:\/\/www.tucomarca.com\/wordpress\/segunda\/wp-content\/uploads\/2024\/10\/BunolDana24_11-1024x767.jpeg\" alt=\"\" class=\"wp-image-242479\" srcset=\"https:\/\/www.tucomarca.com\/wordpress\/segunda\/wp-content\/uploads\/2024\/10\/BunolDana24_11-1024x767.jpeg 1024w, https:\/\/www.tucomarca.com\/wordpress\/segunda\/wp-content\/uploads\/2024\/10\/BunolDana24_11-300x225.jpeg 300w, https:\/\/www.tucomarca.com\/wordpress\/segunda\/wp-content\/uploads\/2024\/10\/BunolDana24_11-768x576.jpeg 768w, https:\/\/www.tucomarca.com\/wordpress\/segunda\/wp-content\/uploads\/2024\/10\/BunolDana24_11-678x509.jpeg 678w, https:\/\/www.tucomarca.com\/wordpress\/segunda\/wp-content\/uploads\/2024\/10\/BunolDana24_11-326x245.jpeg 326w, https:\/\/www.tucomarca.com\/wordpress\/segunda\/wp-content\/uploads\/2024\/10\/BunolDana24_11-80x60.jpeg 80w, https:\/\/www.tucomarca.com\/wordpress\/segunda\/wp-content\/uploads\/2024\/10\/BunolDana24_11.jpeg 1181w\" sizes=\"auto, (max-width: 1024px) 100vw, 1024px\" \/><\/figure>\n\n\n\n<figure class=\"wp-block-image size-large\"><img loading=\"lazy\" decoding=\"async\" width=\"1024\" height=\"767\" data-id=\"242481\" src=\"https:\/\/www.tucomarca.com\/wordpress\/segunda\/wp-content\/uploads\/2024\/10\/BunolDana24_04-1024x767.jpeg\" alt=\"\" class=\"wp-image-242481\" srcset=\"https:\/\/www.tucomarca.com\/wordpress\/segunda\/wp-content\/uploads\/2024\/10\/BunolDana24_04-1024x767.jpeg 1024w, https:\/\/www.tucomarca.com\/wordpress\/segunda\/wp-content\/uploads\/2024\/10\/BunolDana24_04-300x225.jpeg 300w, https:\/\/www.tucomarca.com\/wordpress\/segunda\/wp-content\/uploads\/2024\/10\/BunolDana24_04-768x576.jpeg 768w, https:\/\/www.tucomarca.com\/wordpress\/segunda\/wp-content\/uploads\/2024\/10\/BunolDana24_04-678x509.jpeg 678w, https:\/\/www.tucomarca.com\/wordpress\/segunda\/wp-content\/uploads\/2024\/10\/BunolDana24_04-326x245.jpeg 326w, https:\/\/www.tucomarca.com\/wordpress\/segunda\/wp-content\/uploads\/2024\/10\/BunolDana24_04-80x60.jpeg 80w, https:\/\/www.tucomarca.com\/wordpress\/segunda\/wp-content\/uploads\/2024\/10\/BunolDana24_04.jpeg 1181w\" sizes=\"auto, (max-width: 1024px) 100vw, 1024px\" \/><\/figure>\n\n\n\n<figure class=\"wp-block-image size-large\"><img loading=\"lazy\" decoding=\"async\" width=\"1024\" height=\"767\" data-id=\"242483\" src=\"https:\/\/www.tucomarca.com\/wordpress\/segunda\/wp-content\/uploads\/2024\/10\/BunolDana24_03-1024x767.jpeg\" alt=\"\" class=\"wp-image-242483\" srcset=\"https:\/\/www.tucomarca.com\/wordpress\/segunda\/wp-content\/uploads\/2024\/10\/BunolDana24_03-1024x767.jpeg 1024w, https:\/\/www.tucomarca.com\/wordpress\/segunda\/wp-content\/uploads\/2024\/10\/BunolDana24_03-300x225.jpeg 300w, https:\/\/www.tucomarca.com\/wordpress\/segunda\/wp-content\/uploads\/2024\/10\/BunolDana24_03-768x576.jpeg 768w, https:\/\/www.tucomarca.com\/wordpress\/segunda\/wp-content\/uploads\/2024\/10\/BunolDana24_03-678x509.jpeg 678w, https:\/\/www.tucomarca.com\/wordpress\/segunda\/wp-content\/uploads\/2024\/10\/BunolDana24_03-326x245.jpeg 326w, https:\/\/www.tucomarca.com\/wordpress\/segunda\/wp-content\/uploads\/2024\/10\/BunolDana24_03-80x60.jpeg 80w, https:\/\/www.tucomarca.com\/wordpress\/segunda\/wp-content\/uploads\/2024\/10\/BunolDana24_03.jpeg 1181w\" sizes=\"auto, (max-width: 1024px) 100vw, 1024px\" \/><\/figure>\n\n\n\n<figure class=\"wp-block-image size-large\"><img loading=\"lazy\" decoding=\"async\" width=\"1024\" height=\"767\" data-id=\"242485\" src=\"https:\/\/www.tucomarca.com\/wordpress\/segunda\/wp-content\/uploads\/2024\/10\/BunolDana24_01-1024x767.jpeg\" alt=\"\" class=\"wp-image-242485\" srcset=\"https:\/\/www.tucomarca.com\/wordpress\/segunda\/wp-content\/uploads\/2024\/10\/BunolDana24_01-1024x767.jpeg 1024w, https:\/\/www.tucomarca.com\/wordpress\/segunda\/wp-content\/uploads\/2024\/10\/BunolDana24_01-300x225.jpeg 300w, https:\/\/www.tucomarca.com\/wordpress\/segunda\/wp-content\/uploads\/2024\/10\/BunolDana24_01-768x576.jpeg 768w, https:\/\/www.tucomarca.com\/wordpress\/segunda\/wp-content\/uploads\/2024\/10\/BunolDana24_01-678x509.jpeg 678w, https:\/\/www.tucomarca.com\/wordpress\/segunda\/wp-content\/uploads\/2024\/10\/BunolDana24_01-326x245.jpeg 326w, https:\/\/www.tucomarca.com\/wordpress\/segunda\/wp-content\/uploads\/2024\/10\/BunolDana24_01-80x60.jpeg 80w, https:\/\/www.tucomarca.com\/wordpress\/segunda\/wp-content\/uploads\/2024\/10\/BunolDana24_01.jpeg 1181w\" sizes=\"auto, (max-width: 1024px) 100vw, 1024px\" \/><\/figure>\n<\/figure>\n","protected":false},"excerpt":{"rendered":"<div class=\"mh-excerpt\">La poblaci\u00f3n de Bu\u00f1ol tambi\u00e9n ha sufrido el catastr\u00f3fico paso de la DANA por su casco urbano as\u00ed como por su t\u00e9rmino municipal, donde aunque su alcaldesa, Virginia Sanz, ha confirmado a media tarde del <a class=\"mh-excerpt-more\" href=\"https:\/\/www.tucomarca.com\/wordpress\/segunda\/bunol-zona-catastrofica-incomunicada-y-sin-electricidad-se-convierte-en-refugio-de-un-centenar-de-conductores-atrapados-en-la-ratonera-de-la-autovia-a3\/\" title=\"El pueblo de Bu\u00f1ol, incomunicado y sin electricidad, se convierte en refugio de un centenar de conductores atrapados en la ratonera de la A3\">[+] <\/a><\/div>\n","protected":false},"author":1,"featured_media":242428,"comment_status":"open","ping_status":"open","sticky":false,"template":"","format":"gallery","meta":{"footnotes":""},"categories":[18,16,128,8,72,10,117,3,116,45],"tags":[],"class_list":{"0":"post-242427","1":"post","2":"type-post","3":"status-publish","4":"format-gallery","5":"has-post-thumbnail","7":"category-bunol","8":"category-chiva","9":"category-infraestructuras","10":"category-la-comarca","11":"category-sin-categorizar","12":"category-la-hoya","13":"category-medio-ambiente-la-comarca","14":"category-seccion","15":"category-sucesos-la-comarca","16":"category-ventana","17":"post_format-post-format-gallery"},"_links":{"self":[{"href":"https:\/\/www.tucomarca.com\/wordpress\/segunda\/wp-json\/wp\/v2\/posts\/242427","targetHints":{"allow":["GET"]}}],"collection":[{"href":"https:\/\/www.tucomarca.com\/wordpress\/segunda\/wp-json\/wp\/v2\/posts"}],"about":[{"href":"https:\/\/www.tucomarca.com\/wordpress\/segunda\/wp-json\/wp\/v2\/types\/post"}],"author":[{"embeddable":true,"href":"https:\/\/www.tucomarca.com\/wordpress\/segunda\/wp-json\/wp\/v2\/users\/1"}],"replies":[{"embeddable":true,"href":"https:\/\/www.tucomarca.com\/wordpress\/segunda\/wp-json\/wp\/v2\/comments?post=242427"}],"version-history":[{"count":0,"href":"https:\/\/www.tucomarca.com\/wordpress\/segunda\/wp-json\/wp\/v2\/posts\/242427\/revisions"}],"wp:featuredmedia":[{"embeddable":true,"href":"https:\/\/www.tucomarca.com\/wordpress\/segunda\/wp-json\/wp\/v2\/media\/242428"}],"wp:attachment":[{"href":"https:\/\/www.tucomarca.com\/wordpress\/segunda\/wp-json\/wp\/v2\/media?parent=242427"}],"wp:term":[{"taxonomy":"category","embeddable":true,"href":"https:\/\/www.tucomarca.com\/wordpress\/segunda\/wp-json\/wp\/v2\/categories?post=242427"},{"taxonomy":"post_tag","embeddable":true,"href":"https:\/\/www.tucomarca.com\/wordpress\/segunda\/wp-json\/wp\/v2\/tags?post=242427"}],"curies":[{"name":"wp","href":"https:\/\/api.w.org\/{rel}","templated":true}]}}