{"id":242495,"date":"2024-10-31T02:30:00","date_gmt":"2024-10-31T00:30:00","guid":{"rendered":"https:\/\/www.tucomarca.com\/wordpress\/segunda\/?p=242495"},"modified":"2024-10-31T03:31:53","modified_gmt":"2024-10-31T01:31:53","slug":"video-asi-ha-sido-el-catastrofico-paso-de-la-dana-por-bunol","status":"publish","type":"post","link":"https:\/\/www.tucomarca.com\/wordpress\/segunda\/video-asi-ha-sido-el-catastrofico-paso-de-la-dana-por-bunol\/","title":{"rendered":"V\u00eddeo: as\u00ed ha sido el catastr\u00f3fico paso de la DANA por Bu\u00f1ol"},"content":{"rendered":"\n<figure class=\"wp-block-embed is-type-video is-provider-youtube wp-block-embed-youtube wp-embed-aspect-16-9 wp-has-aspect-ratio\"><div class=\"wp-block-embed__wrapper\">\n<iframe loading=\"lazy\" title=\"V\u00eddeo: as\u00ed ha sido el paso de la catastr\u00f3fica DANA por Bu\u00f1ol\" width=\"500\" height=\"281\" src=\"https:\/\/www.youtube.com\/embed\/lX9BgLJI47Y?feature=oembed\" frameborder=\"0\" allow=\"accelerometer; autoplay; clipboard-write; encrypted-media; gyroscope; picture-in-picture; web-share\" referrerpolicy=\"strict-origin-when-cross-origin\" allowfullscreen><\/iframe>\n<\/div><\/figure>\n\n\n\n<p>El casco urbano de Bu\u00f1ol y buena parte de su t\u00e9rmino han resultado gravemente afectados por el paso de la DANA por su casco urbano as\u00ed como por su t\u00e9rmino municipal, donde aunque su alcaldesa, Virginia Sanz, ha confirmado a media tarde del mi\u00e9rcoles que no se ha notificado que entre las v\u00edctimas mortales haya vecinos de la localidad, \u201clos da\u00f1os son de zona catastr\u00f3fica\u201d, tal como ha declarado a <strong>tucomarca.com<\/strong>, buena parte de los cuales se recogen en este v\u00eddeo elaborado por <strong>tucomarca televisi\u00f3n<\/strong>.<\/p>\n","protected":false},"excerpt":{"rendered":"<div class=\"mh-excerpt\">El casco urbano de Bu\u00f1ol y buena parte de su t\u00e9rmino han resultado gravemente afectados por el paso de la DANA por su casco urbano as\u00ed como por su t\u00e9rmino municipal, donde aunque su alcaldesa, <a class=\"mh-excerpt-more\" href=\"https:\/\/www.tucomarca.com\/wordpress\/segunda\/video-asi-ha-sido-el-catastrofico-paso-de-la-dana-por-bunol\/\" title=\"V\u00eddeo: as\u00ed ha sido el catastr\u00f3fico paso de la DANA por Bu\u00f1ol\">[+] <\/a><\/div>\n","protected":false},"author":1,"featured_media":242497,"comment_status":"open","ping_status":"open","sticky":false,"template":"","format":"video","meta":{"footnotes":""},"categories":[18,16,128,8,72,10,117,142,3,116,45,26],"tags":[10385,4899,12831,5952],"class_list":{"0":"post-242495","1":"post","2":"type-post","3":"status-publish","4":"format-video","5":"has-post-thumbnail","7":"category-bunol","8":"category-chiva","9":"category-infraestructuras","10":"category-la-comarca","11":"category-sin-categorizar","12":"category-la-hoya","13":"category-medio-ambiente-la-comarca","14":"category-politica-la-comarca","15":"category-seccion","16":"category-sucesos-la-comarca","17":"category-ventana","18":"category-video","19":"tag-bunol","20":"tag-catastrofe","21":"tag-dana-2","22":"tag-la-hoya-de-bunol-chiva","23":"post_format-post-format-video"},"_links":{"self":[{"href":"https:\/\/www.tucomarca.com\/wordpress\/segunda\/wp-json\/wp\/v2\/posts\/242495","targetHints":{"allow":["GET"]}}],"collection":[{"href":"https:\/\/www.tucomarca.com\/wordpress\/segunda\/wp-json\/wp\/v2\/posts"}],"about":[{"href":"https:\/\/www.tucomarca.com\/wordpress\/segunda\/wp-json\/wp\/v2\/types\/post"}],"author":[{"embeddable":true,"href":"https:\/\/www.tucomarca.com\/wordpress\/segunda\/wp-json\/wp\/v2\/users\/1"}],"replies":[{"embeddable":true,"href":"https:\/\/www.tucomarca.com\/wordpress\/segunda\/wp-json\/wp\/v2\/comments?post=242495"}],"version-history":[{"count":0,"href":"https:\/\/www.tucomarca.com\/wordpress\/segunda\/wp-json\/wp\/v2\/posts\/242495\/revisions"}],"wp:featuredmedia":[{"embeddable":true,"href":"https:\/\/www.tucomarca.com\/wordpress\/segunda\/wp-json\/wp\/v2\/media\/242497"}],"wp:attachment":[{"href":"https:\/\/www.tucomarca.com\/wordpress\/segunda\/wp-json\/wp\/v2\/media?parent=242495"}],"wp:term":[{"taxonomy":"category","embeddable":true,"href":"https:\/\/www.tucomarca.com\/wordpress\/segunda\/wp-json\/wp\/v2\/categories?post=242495"},{"taxonomy":"post_tag","embeddable":true,"href":"https:\/\/www.tucomarca.com\/wordpress\/segunda\/wp-json\/wp\/v2\/tags?post=242495"}],"curies":[{"name":"wp","href":"https:\/\/api.w.org\/{rel}","templated":true}]}}