{"id":242550,"date":"2024-10-31T09:00:00","date_gmt":"2024-10-31T07:00:00","guid":{"rendered":"https:\/\/www.tucomarca.com\/wordpress\/segunda\/?p=242550"},"modified":"2024-10-31T13:41:05","modified_gmt":"2024-10-31T11:41:05","slug":"la-dana-hace-desaparecer-48-kilometros-de-las-vias-de-tren-de-la-linea-c-3-entre-utiel-y-valencia","status":"publish","type":"post","link":"https:\/\/www.tucomarca.com\/wordpress\/segunda\/la-dana-hace-desaparecer-48-kilometros-de-las-vias-de-tren-de-la-linea-c-3-entre-utiel-y-valencia\/","title":{"rendered":"La DANA hace desaparecer 48 kil\u00f3metros de las v\u00edas de tren de la l\u00ednea C-3 entre Utiel y Valencia"},"content":{"rendered":"\n<p>La v\u00eda C-3, que une Utiel con Valencia, ha sufrido tambi\u00e9n las consecuencias catastr\u00f3ficas del paso de la DANA. Esta v\u00eda atraviesa varios de los municipios afectados por la enorme cat\u00e1strofe, por lo que sus efectos han sido equiparables a lo sucedido en sus cascos urbanos, actualmente se considera que, aproximadamente ,unos 48 km de los 80 km con los que cuenta esta l\u00ednea han desaparecido, seg\u00fan las fuentes consultadas por tucomarca.com.<\/p>\n\n\n\n<p>Actualmente, los tramos de la v\u00eda que unen Lorigulla y Cheste se encuentran totalmente devastados, al igual que de Bu\u00f1ol hacia Utiel, donde pr\u00e1cticamente no quedan v\u00edas. Esto har\u00e1 que durante, al menos unos meses se cancele el servicio en esta y otras l\u00edneas.<\/p>\n\n\n\n<p><strong>Doce personas atendias en Bu\u00f1ol<\/strong><\/p>\n\n\n\n<p>Seg\u00fan informan desde el Ayuntamiento de Bu\u00f1ol, 12 personas, entre ellas una ni\u00f1a, fueron llevadas de la estaci\u00f3n de Renfe de Bu\u00f1ol y se les ofreci\u00f3 alojamiento para pasar la noche del martes al mi\u00e9rcoles debido al corte en el servicio.<\/p>\n\n\n\n<p>Esta l\u00ednea no ha sido la \u00fanica afectada, seg\u00fan el ministro \u00d3scar Puente, tres de las cinco lineas de Cercan\u00edas con las que cuenta la provincia han sido destruidas por la DANA. En un primer momento estas l\u00edneas ya se vieron afectadas por el temporal ya que debido a las fuertes lluvias ya se suspendi\u00f3 la circulaci\u00f3n en las l\u00edneas C-1 que une Val\u00e8ncia y Gandia, la l\u00ednea C-2, que realiza el trayecto Val\u00e8ncia-Moixent, debido a el desbordamiento del r\u00edo Magro entre Algemes\u00ed y Alzira, la C-3 que realiza la conexi\u00f3n Valencia-Utiel por inundaci\u00f3n de las v\u00edas y la C-6, que une Val\u00e8ncia-Castell\u00f3, por el vuelco de un cami\u00f3n en el trazado de la v\u00eda entre las estaciones de Burriana y Nules.<\/p>\n\n\n\n<p>Adem\u00e1s tambi\u00e9n sufrieron cancelaciones y detenciones los siguientes trenes de alta velocidad:<\/p>\n\n\n\n<p>Trenes suprimidos con origen Val\u00e8ncia :&nbsp;<\/p>\n\n\n\n<p>&#8211; AVE Val\u00e8ncia Joaqu\u00edn Sorolla (17:42) &#8211; Burgos (21:29).&nbsp;<\/p>\n\n\n\n<p>&#8211; AVE Val\u00e8ncia Joaqu\u00edn Sorolla (18:31) &#8211; Madrid Chamart\u00edn (20:38). &nbsp;<\/p>\n\n\n\n<p>&#8211; AVE Val\u00e8ncia Joaqu\u00edn Sorolla (19:45) &#8211; Madrid Chamart\u00edn (21:38).&nbsp;<\/p>\n\n\n\n<p>&#8211; Avlo Val\u00e8ncia Joaqu\u00edn Sorolla (21:12) &#8211; Madrid Chamart\u00edn (23:18).&nbsp;<\/p>\n\n\n\n<p>Trenes suprimidos con origen Madrid :&nbsp;<\/p>\n\n\n\n<p>&#8211; AVE Madrid Chamart\u00edn (18:30) &#8211; Val\u00e8ncia Joaqu\u00edn Sorolla (20:34).&nbsp;<\/p>\n\n\n\n<p>&#8211; AVE Madrid Puerta de Atocha (19:40) &#8211; Val\u00e8ncia Joaqu\u00edn Sorolla (21:42).&nbsp;<\/p>\n\n\n\n<p>&#8211; AVE Madrid Chamart\u00edn (21:00) &#8211; Val\u00e8ncia Joaqu\u00edn Sorolla (23:05).&nbsp;<\/p>\n\n\n\n<p>Tren con origen Barcelona :&nbsp;<\/p>\n\n\n\n<p>&#8211; Intercity (20:15) &#8211; Val\u00e8ncia Joaqu\u00edn Sorolla (23:34).<\/p>\n\n\n\n<p>Trenes detenidos en el trayecto :&nbsp;<\/p>\n\n\n\n<p>&#8211; AVE Gij\u00f3n (11:09) &#8211; Castell\u00f3 (18:36). Detenido en Siete Aguas desde las 17:31. Retrocedido hasta Madrid Chamart\u00edn.&nbsp;<\/p>\n\n\n\n<p>&#8211; AVE Madrid Chamart\u00edn (16:30) &#8211; Valencia Joaqu\u00edn Sorolla (18:24). Retrocedido hasta Cuenca.&nbsp;<\/p>\n\n\n\n<p>&#8211; AVE Le\u00f3n (15:13) &#8211; Val\u00e8ncia Joaqu\u00edn Sorolla (19:24). Detenido en Cuenca desde las 18:53.&nbsp;<\/p>\n\n\n\n<p>&#8211; AVE Sevilla Santa Justa (16:59) &#8211; Val\u00e8ncia Joaqu\u00edn Sorolla (21:28). Circula hasta Madrid Puerta de Atocha y volver\u00e1 hasta Sevilla.&nbsp;<\/p>\n\n\n\n<p>&#8211; AVE Le\u00f3n (17:51) &#8211; Val\u00e8ncia Joaqu\u00edn Sorolla (22:24). &nbsp;<\/p>\n","protected":false},"excerpt":{"rendered":"<div class=\"mh-excerpt\">La v\u00eda C-3, que une Utiel con Valencia, ha sufrido tambi\u00e9n las consecuencias catastr\u00f3ficas del paso de la DANA. Esta v\u00eda atraviesa varios de los municipios afectados por la enorme cat\u00e1strofe, por lo que sus <a class=\"mh-excerpt-more\" href=\"https:\/\/www.tucomarca.com\/wordpress\/segunda\/la-dana-hace-desaparecer-48-kilometros-de-las-vias-de-tren-de-la-linea-c-3-entre-utiel-y-valencia\/\" title=\"La DANA hace desaparecer 48 kil\u00f3metros de las v\u00edas de tren de la l\u00ednea C-3 entre Utiel y Valencia\">[+] <\/a><\/div>\n","protected":false},"author":1,"featured_media":242551,"comment_status":"open","ping_status":"open","sticky":false,"template":"","format":"standard","meta":{"footnotes":""},"categories":[46,128,8,72,10,42,59,117,142,27,3,116,45],"tags":[10389],"class_list":{"0":"post-242550","1":"post","2":"type-post","3":"status-publish","4":"format-standard","5":"has-post-thumbnail","7":"category-camp-de-turia","8":"category-infraestructuras","9":"category-la-comarca","10":"category-sin-categorizar","11":"category-la-hoya","12":"category-la-ribera","13":"category-los-serranos","14":"category-medio-ambiente-la-comarca","15":"category-politica-la-comarca","16":"category-requena-utiel","17":"category-seccion","18":"category-sucesos-la-comarca","19":"category-ventana","20":"tag-utiel"},"_links":{"self":[{"href":"https:\/\/www.tucomarca.com\/wordpress\/segunda\/wp-json\/wp\/v2\/posts\/242550","targetHints":{"allow":["GET"]}}],"collection":[{"href":"https:\/\/www.tucomarca.com\/wordpress\/segunda\/wp-json\/wp\/v2\/posts"}],"about":[{"href":"https:\/\/www.tucomarca.com\/wordpress\/segunda\/wp-json\/wp\/v2\/types\/post"}],"author":[{"embeddable":true,"href":"https:\/\/www.tucomarca.com\/wordpress\/segunda\/wp-json\/wp\/v2\/users\/1"}],"replies":[{"embeddable":true,"href":"https:\/\/www.tucomarca.com\/wordpress\/segunda\/wp-json\/wp\/v2\/comments?post=242550"}],"version-history":[{"count":0,"href":"https:\/\/www.tucomarca.com\/wordpress\/segunda\/wp-json\/wp\/v2\/posts\/242550\/revisions"}],"wp:featuredmedia":[{"embeddable":true,"href":"https:\/\/www.tucomarca.com\/wordpress\/segunda\/wp-json\/wp\/v2\/media\/242551"}],"wp:attachment":[{"href":"https:\/\/www.tucomarca.com\/wordpress\/segunda\/wp-json\/wp\/v2\/media?parent=242550"}],"wp:term":[{"taxonomy":"category","embeddable":true,"href":"https:\/\/www.tucomarca.com\/wordpress\/segunda\/wp-json\/wp\/v2\/categories?post=242550"},{"taxonomy":"post_tag","embeddable":true,"href":"https:\/\/www.tucomarca.com\/wordpress\/segunda\/wp-json\/wp\/v2\/tags?post=242550"}],"curies":[{"name":"wp","href":"https:\/\/api.w.org\/{rel}","templated":true}]}}