{"id":243135,"date":"2024-11-02T16:00:00","date_gmt":"2024-11-02T14:00:00","guid":{"rendered":"https:\/\/www.tucomarca.com\/wordpress\/segunda\/?p=243135"},"modified":"2024-11-02T18:48:40","modified_gmt":"2024-11-02T16:48:40","slug":"video-el-chef-jose-andres-visita-en-persona-chiva-para-donar-comida-caliente-a-los-afectados-por-la-dana","status":"publish","type":"post","link":"https:\/\/www.tucomarca.com\/wordpress\/segunda\/video-el-chef-jose-andres-visita-en-persona-chiva-para-donar-comida-caliente-a-los-afectados-por-la-dana\/","title":{"rendered":"V\u00eddeo: el chef Jos\u00e9 Andr\u00e9s visita en persona Chiva para donar comida caliente a los afectados por la DANA"},"content":{"rendered":"\n<figure class=\"wp-block-embed is-type-video is-provider-youtube wp-block-embed-youtube wp-embed-aspect-16-9 wp-has-aspect-ratio\"><div class=\"wp-block-embed__wrapper\">\n<iframe loading=\"lazy\" title=\"CHIVA CHEF\" width=\"500\" height=\"281\" src=\"https:\/\/www.youtube.com\/embed\/FKHySlIXKdk?feature=oembed\" frameborder=\"0\" allow=\"accelerometer; autoplay; clipboard-write; encrypted-media; gyroscope; picture-in-picture; web-share\" referrerpolicy=\"strict-origin-when-cross-origin\" allowfullscreen><\/iframe>\n<\/div><\/figure>\n\n\n\n<p>El reconocido internacionalmente chef Jos\u00e9 Andr\u00e9s, fundador de la organizaci\u00f3n humanitaria World Central Kitchen, ha visitado este s\u00e1bado el municipio de Chiva para llevar ayuda a los vecinos afectados por la reciente DANA.<\/p>\n\n\n\n<p>Durante su visita, el chef ha donado una gran cantidad de raciones de comida caliente, apoyando as\u00ed a quienes a\u00fan se recuperan del desastre.<\/p>\n\n\n\n<p>Jos\u00e9 Andr\u00e9s ha asegurado que en los pr\u00f3ximos d\u00edas continuar\u00e1 distribuyendo comidas calientes en la zona, como parte del esfuerzo de su organizaci\u00f3n para asistir a comunidades en momentos de crisis.<\/p>\n\n\n\n<figure class=\"wp-block-gallery has-nested-images columns-2 is-cropped wp-block-gallery-1 is-layout-flex wp-block-gallery-is-layout-flex\">\n<figure class=\"wp-block-image size-large\"><img loading=\"lazy\" decoding=\"async\" width=\"1024\" height=\"575\" data-id=\"243152\" src=\"https:\/\/www.tucomarca.com\/wordpress\/segunda\/wp-content\/uploads\/2024\/11\/DANA_Chiva_Chef01-1024x575.png\" alt=\"\" class=\"wp-image-243152\" srcset=\"https:\/\/www.tucomarca.com\/wordpress\/segunda\/wp-content\/uploads\/2024\/11\/DANA_Chiva_Chef01-1024x575.png 1024w, https:\/\/www.tucomarca.com\/wordpress\/segunda\/wp-content\/uploads\/2024\/11\/DANA_Chiva_Chef01-300x168.png 300w, https:\/\/www.tucomarca.com\/wordpress\/segunda\/wp-content\/uploads\/2024\/11\/DANA_Chiva_Chef01-768x431.png 768w, https:\/\/www.tucomarca.com\/wordpress\/segunda\/wp-content\/uploads\/2024\/11\/DANA_Chiva_Chef01-1536x862.png 1536w, https:\/\/www.tucomarca.com\/wordpress\/segunda\/wp-content\/uploads\/2024\/11\/DANA_Chiva_Chef01-2048x1149.png 2048w, https:\/\/www.tucomarca.com\/wordpress\/segunda\/wp-content\/uploads\/2024\/11\/DANA_Chiva_Chef01-678x381.png 678w\" sizes=\"auto, (max-width: 1024px) 100vw, 1024px\" \/><\/figure>\n\n\n\n<figure class=\"wp-block-image size-large\"><img loading=\"lazy\" decoding=\"async\" width=\"1024\" height=\"574\" data-id=\"243150\" src=\"https:\/\/www.tucomarca.com\/wordpress\/segunda\/wp-content\/uploads\/2024\/11\/DANA_Chiva_Chef02-1024x574.png\" alt=\"\" class=\"wp-image-243150\" srcset=\"https:\/\/www.tucomarca.com\/wordpress\/segunda\/wp-content\/uploads\/2024\/11\/DANA_Chiva_Chef02-1024x574.png 1024w, https:\/\/www.tucomarca.com\/wordpress\/segunda\/wp-content\/uploads\/2024\/11\/DANA_Chiva_Chef02-300x168.png 300w, https:\/\/www.tucomarca.com\/wordpress\/segunda\/wp-content\/uploads\/2024\/11\/DANA_Chiva_Chef02-768x430.png 768w, https:\/\/www.tucomarca.com\/wordpress\/segunda\/wp-content\/uploads\/2024\/11\/DANA_Chiva_Chef02-1536x861.png 1536w, https:\/\/www.tucomarca.com\/wordpress\/segunda\/wp-content\/uploads\/2024\/11\/DANA_Chiva_Chef02-2048x1148.png 2048w, https:\/\/www.tucomarca.com\/wordpress\/segunda\/wp-content\/uploads\/2024\/11\/DANA_Chiva_Chef02-678x381.png 678w\" sizes=\"auto, (max-width: 1024px) 100vw, 1024px\" \/><\/figure>\n\n\n\n<figure class=\"wp-block-image size-large\"><img loading=\"lazy\" decoding=\"async\" width=\"1024\" height=\"574\" data-id=\"243154\" src=\"https:\/\/www.tucomarca.com\/wordpress\/segunda\/wp-content\/uploads\/2024\/11\/DANA_Chiva_Chef03-1024x574.png\" alt=\"\" class=\"wp-image-243154\" srcset=\"https:\/\/www.tucomarca.com\/wordpress\/segunda\/wp-content\/uploads\/2024\/11\/DANA_Chiva_Chef03-1024x574.png 1024w, https:\/\/www.tucomarca.com\/wordpress\/segunda\/wp-content\/uploads\/2024\/11\/DANA_Chiva_Chef03-300x168.png 300w, https:\/\/www.tucomarca.com\/wordpress\/segunda\/wp-content\/uploads\/2024\/11\/DANA_Chiva_Chef03-768x430.png 768w, https:\/\/www.tucomarca.com\/wordpress\/segunda\/wp-content\/uploads\/2024\/11\/DANA_Chiva_Chef03-1536x861.png 1536w, https:\/\/www.tucomarca.com\/wordpress\/segunda\/wp-content\/uploads\/2024\/11\/DANA_Chiva_Chef03-2048x1148.png 2048w, https:\/\/www.tucomarca.com\/wordpress\/segunda\/wp-content\/uploads\/2024\/11\/DANA_Chiva_Chef03-678x381.png 678w\" sizes=\"auto, (max-width: 1024px) 100vw, 1024px\" \/><\/figure>\n\n\n\n<figure class=\"wp-block-image size-large\"><img loading=\"lazy\" decoding=\"async\" width=\"1024\" height=\"572\" data-id=\"243156\" src=\"https:\/\/www.tucomarca.com\/wordpress\/segunda\/wp-content\/uploads\/2024\/11\/DANA_Chiva_Chef04-1024x572.png\" alt=\"\" class=\"wp-image-243156\" srcset=\"https:\/\/www.tucomarca.com\/wordpress\/segunda\/wp-content\/uploads\/2024\/11\/DANA_Chiva_Chef04-1024x572.png 1024w, https:\/\/www.tucomarca.com\/wordpress\/segunda\/wp-content\/uploads\/2024\/11\/DANA_Chiva_Chef04-300x168.png 300w, https:\/\/www.tucomarca.com\/wordpress\/segunda\/wp-content\/uploads\/2024\/11\/DANA_Chiva_Chef04-768x429.png 768w, https:\/\/www.tucomarca.com\/wordpress\/segunda\/wp-content\/uploads\/2024\/11\/DANA_Chiva_Chef04-1536x859.png 1536w, https:\/\/www.tucomarca.com\/wordpress\/segunda\/wp-content\/uploads\/2024\/11\/DANA_Chiva_Chef04-2048x1145.png 2048w\" sizes=\"auto, (max-width: 1024px) 100vw, 1024px\" \/><\/figure>\n<\/figure>\n","protected":false},"excerpt":{"rendered":"<div class=\"mh-excerpt\">El reconocido internacionalmente chef Jos\u00e9 Andr\u00e9s, fundador de la organizaci\u00f3n humanitaria World Central Kitchen, ha visitado este s\u00e1bado el municipio de Chiva para llevar ayuda a los vecinos afectados por la reciente DANA. Durante su <a class=\"mh-excerpt-more\" href=\"https:\/\/www.tucomarca.com\/wordpress\/segunda\/video-el-chef-jose-andres-visita-en-persona-chiva-para-donar-comida-caliente-a-los-afectados-por-la-dana\/\" title=\"V\u00eddeo: el chef Jos\u00e9 Andr\u00e9s visita en persona Chiva para donar comida caliente a los afectados por la DANA\">[+] <\/a><\/div>\n","protected":false},"author":12,"featured_media":243205,"comment_status":"open","ping_status":"open","sticky":false,"template":"","format":"video","meta":{"footnotes":""},"categories":[16,21465,128,8,72,10,117,3,116,45,26],"tags":[854,10384,12831,10412,2142,5952,33],"class_list":{"0":"post-243135","1":"post","2":"type-post","3":"status-publish","4":"format-video","5":"has-post-thumbnail","7":"category-chiva","8":"category-dana","9":"category-infraestructuras","10":"category-la-comarca","11":"category-sin-categorizar","12":"category-la-hoya","13":"category-medio-ambiente-la-comarca","14":"category-seccion","15":"category-sucesos-la-comarca","16":"category-ventana","17":"category-video","18":"tag-ayuda","19":"tag-chiva","20":"tag-dana-2","21":"tag-infraestructuras","22":"tag-la-comunitat","23":"tag-la-hoya-de-bunol-chiva","24":"tag-sucesos","25":"post_format-post-format-video"},"_links":{"self":[{"href":"https:\/\/www.tucomarca.com\/wordpress\/segunda\/wp-json\/wp\/v2\/posts\/243135","targetHints":{"allow":["GET"]}}],"collection":[{"href":"https:\/\/www.tucomarca.com\/wordpress\/segunda\/wp-json\/wp\/v2\/posts"}],"about":[{"href":"https:\/\/www.tucomarca.com\/wordpress\/segunda\/wp-json\/wp\/v2\/types\/post"}],"author":[{"embeddable":true,"href":"https:\/\/www.tucomarca.com\/wordpress\/segunda\/wp-json\/wp\/v2\/users\/12"}],"replies":[{"embeddable":true,"href":"https:\/\/www.tucomarca.com\/wordpress\/segunda\/wp-json\/wp\/v2\/comments?post=243135"}],"version-history":[{"count":0,"href":"https:\/\/www.tucomarca.com\/wordpress\/segunda\/wp-json\/wp\/v2\/posts\/243135\/revisions"}],"wp:featuredmedia":[{"embeddable":true,"href":"https:\/\/www.tucomarca.com\/wordpress\/segunda\/wp-json\/wp\/v2\/media\/243205"}],"wp:attachment":[{"href":"https:\/\/www.tucomarca.com\/wordpress\/segunda\/wp-json\/wp\/v2\/media?parent=243135"}],"wp:term":[{"taxonomy":"category","embeddable":true,"href":"https:\/\/www.tucomarca.com\/wordpress\/segunda\/wp-json\/wp\/v2\/categories?post=243135"},{"taxonomy":"post_tag","embeddable":true,"href":"https:\/\/www.tucomarca.com\/wordpress\/segunda\/wp-json\/wp\/v2\/tags?post=243135"}],"curies":[{"name":"wp","href":"https:\/\/api.w.org\/{rel}","templated":true}]}}