{"id":243571,"date":"2024-11-04T09:45:00","date_gmt":"2024-11-04T07:45:00","guid":{"rendered":"https:\/\/www.tucomarca.com\/wordpress\/segunda\/?p=243571"},"modified":"2024-11-04T18:45:04","modified_gmt":"2024-11-04T16:45:04","slug":"sanidad-pone-en-marcha-la-unidad-de-asistencia-psicologica-a-las-familias-de-las-personas-fallecidas-por-las-inundaciones","status":"publish","type":"post","link":"https:\/\/www.tucomarca.com\/wordpress\/segunda\/sanidad-pone-en-marcha-la-unidad-de-asistencia-psicologica-a-las-familias-de-las-personas-fallecidas-por-las-inundaciones\/","title":{"rendered":"Sanidad pone en marcha la Unidad de Asistencia Psicol\u00f3gica a las familias de las personas fallecidas por las inundaciones"},"content":{"rendered":"\n<h3 class=\"wp-block-heading\"><strong>Esta unidad, activa en Feria Valencia desde el pr\u00f3ximo mi\u00e9rcoles, contar\u00e1 con 30 psic\u00f3logos y psiquiatras, 10 consultas y 2 ambulancias medicalizadas<\/strong>.<\/h3>\n\n\n\n<h3 class=\"wp-block-heading\"><strong>Se garantiza la prestaci\u00f3n sanitaria a todas las poblaciones afectadas por las inundaciones<\/strong>.<\/h3>\n\n\n\n<h3 class=\"wp-block-heading\"><strong>La actividad en urgencias hospitalarias y extrahospitalarias se mantiene con normalidad en todos los departamentos de salud<\/strong>.<\/h3>\n\n\n\n<h3 class=\"wp-block-heading\"><strong>La Conselleria de Sanidad est\u00e1 llevando a cabo una evaluaci\u00f3n continua de riesgos epidemiol\u00f3gicos en coordinaci\u00f3n con el Ministerio<\/strong>.<\/h3>\n\n\n\n<p>El conseller de Sanidad, Marciano G\u00f3mez, ha confirmado esta ma\u00f1ana la puesta en marcha de la Unidad de Asistencia Psicol\u00f3gica a las familias de las personas fallecidas por las inundaciones. En este sentido, el conseller de Sanidad, que ha comparecido en rueda de prensa para informar sobre la situaci\u00f3n sanitaria tras la DANA, ha trasladado que \u201cesta unidad, activa desde el pr\u00f3ximo mi\u00e9rcoles en las instalaciones de Feria Valencia, contar\u00e1 con 30 psic\u00f3logos y psiquiatras, 10 consultas y 2 ambulancias medicalizadas, en horario de 09.00 a 19.00 horas\u201d.<\/p>\n\n\n\n<p>Adem\u00e1s, el conseller ha asegurado que \u201ctodas las poblaciones afectadas por las inundaciones tienen garantizada la prestaci\u00f3n sanitaria\u201d. A este respecto ha destacado que la Conselleria de Sanidad ha reestablecido la actividad asistencial en 47 centros de salud de los 57 que se vieron afectados por las inundaciones.<\/p>\n\n\n\n<p>La actividad de los 10 centros que permanecen cerrados se sigue prestando en los puntos extraordinarios habilitados en colaboraci\u00f3n con las administraciones locales de los municipios afectados. En cuanto a las urgencias hospitalarias y extrahospitalarias, se mantiene la actividad con normalidad en todos los departamentos de salud y se han ido recuperando progresivamente las consultas externas de los hospitales.<\/p>\n\n\n\n<p>G\u00f3mez ha hecho tambi\u00e9n hincapi\u00e9 en la \u201cevaluaci\u00f3n continua de riesgos epidemiol\u00f3gicos\u201d que est\u00e1 llevando a cabo la Conselleria de Sanidad, en&nbsp; coordinaci\u00f3n con el Ministerio de Sanidad, el Centro de Coordinaci\u00f3n de Alertas y Emergencias Sanitarias (CCAES), la Agencia Espa\u00f1ola de Seguridad Alimentaria, el Instituto Carlos III y la UME. En este sentido, ha confirmado que la Conselleria ha creado la figura del coordinador de campo de Sanidad Ambiental en los municipios afectados para obtener una informaci\u00f3n \u201c\u00fanica y uniforme\u201d y poder dar \u201csoluciones \u00e1giles y din\u00e1micas\u201d en funci\u00f3n del momento.<\/p>\n\n\n\n<p>G\u00f3mez ha querido recordar las recomendaciones ya publicadas a trav\u00e9s de Salud P\u00fablica, incidiendo en el uso de mascarillas, protecci\u00f3n ocular, calzado adecuado y ropa de manga larga a todas las personas que trabajan en tareas de limpieza en las zonas afectadas. Con respecto a las mascarillas, el conseller ha se\u00f1alado que desde la Conselleria de Sanidad se han suministrado hasta ahora 800.000 mascarillas para distribuir en los municipios afectados.<\/p>\n\n\n\n<p>Adem\u00e1s, con respecto a las recomendaciones, ha incidido en la necesidad de que cualquier tipo de herida debe ser desinfectada y se debe acudir al centro o punto sanitario, donde se determinar\u00e1 si es necesario o no administrar la correspondiente vacuna antitet\u00e1nica, en funci\u00f3n de la historia cl\u00ednica de vacunaci\u00f3n de cada paciente.<\/p>\n\n\n\n<p><strong>Seguimiento proactivo de cr\u00f3nicos<\/strong><\/p>\n\n\n\n<p>El conseller tambi\u00e9n se ha referido a la puesta en marcha de un grupo de atenci\u00f3n telef\u00f3nica para la valoraci\u00f3n, atenci\u00f3n y seguimiento proactivo de pacientes cr\u00f3nicos de las zonas afectadas por la DANA, que ser\u00e1 atendido por personal sanitario voluntario.<\/p>\n\n\n\n<p>En este sentido, durante la rueda de prensa, Marciano G\u00f3mez ha querido agradecer a todo el personal sanitario voluntario que se ha ofrecido a trav\u00e9s del registro de voluntarios activado por la Conselleria, que a las 48 horas de su creaci\u00f3n, ya cuenta con m\u00e1s de 20.000 voluntarios. Cinco mil de ellos forman parte del Servicio Valenciano de Salud, y se les est\u00e1 distribuyendo en una primera fase al tener ya acceso a los sistemas de informaci\u00f3n, seg\u00fan las necesidades de los departamentos de salud de las zonas afectadas.<\/p>\n\n\n\n<p>Con estas medidas a corto plazo, que se unen a las ya publicadas como la administraci\u00f3n de f\u00e1rmacos \u00fanicamente con el n\u00famero de DNI, sin necesidad de SIP, renovaci\u00f3n autom\u00e1tica de tratamientos de cr\u00f3nicos, o el tel\u00e9fono de asistencia telef\u00f3nica junto a Cruz Roja para facilitar el acceso a medicamentos, el conseller ha mostrado que la prioridad m\u00e1xima de la Conselleria de Sanidad es solventar cuanto antes los problemas de la ciudadan\u00eda en cuanto a asistencia sanitaria se refiere, e insistir en las recomendaciones de Salud P\u00fablica.<\/p>\n\n\n\n<p>Por \u00faltimo, la Conselleria de Sanidad reitera su agradecimiento a todos sus profesionales sanitarios de Primaria, Hospitalaria y Emergencias, que se han incorporado voluntariamente, desde el primer momento, para reforzar la asistencia a la ciudadan\u00eda en sus puestos de trabajo o en puntos alternativos.<\/p>\n","protected":false},"excerpt":{"rendered":"<div class=\"mh-excerpt\">Esta unidad, activa en Feria Valencia desde el pr\u00f3ximo mi\u00e9rcoles, contar\u00e1 con 30 psic\u00f3logos y psiquiatras, 10 consultas y 2 ambulancias medicalizadas. Se garantiza la prestaci\u00f3n sanitaria a todas las poblaciones afectadas por las inundaciones. <a class=\"mh-excerpt-more\" href=\"https:\/\/www.tucomarca.com\/wordpress\/segunda\/sanidad-pone-en-marcha-la-unidad-de-asistencia-psicologica-a-las-familias-de-las-personas-fallecidas-por-las-inundaciones\/\" title=\"Sanidad pone en marcha la Unidad de Asistencia Psicol\u00f3gica a las familias de las personas fallecidas por las inundaciones\">[+] <\/a><\/div>\n","protected":false},"author":13,"featured_media":243573,"comment_status":"open","ping_status":"open","sticky":false,"template":"","format":"standard","meta":{"footnotes":""},"categories":[119,21465,8,72,3,116,45],"tags":[854,21436,12831,2142,33],"class_list":{"0":"post-243571","1":"post","2":"type-post","3":"status-publish","4":"format-standard","5":"has-post-thumbnail","7":"category-sanidad-la-comarca","8":"category-dana","9":"category-la-comarca","10":"category-sin-categorizar","11":"category-seccion","12":"category-sucesos-la-comarca","13":"category-ventana","14":"tag-ayuda","15":"tag-canal-salud","16":"tag-dana-2","17":"tag-la-comunitat","18":"tag-sucesos"},"_links":{"self":[{"href":"https:\/\/www.tucomarca.com\/wordpress\/segunda\/wp-json\/wp\/v2\/posts\/243571","targetHints":{"allow":["GET"]}}],"collection":[{"href":"https:\/\/www.tucomarca.com\/wordpress\/segunda\/wp-json\/wp\/v2\/posts"}],"about":[{"href":"https:\/\/www.tucomarca.com\/wordpress\/segunda\/wp-json\/wp\/v2\/types\/post"}],"author":[{"embeddable":true,"href":"https:\/\/www.tucomarca.com\/wordpress\/segunda\/wp-json\/wp\/v2\/users\/13"}],"replies":[{"embeddable":true,"href":"https:\/\/www.tucomarca.com\/wordpress\/segunda\/wp-json\/wp\/v2\/comments?post=243571"}],"version-history":[{"count":0,"href":"https:\/\/www.tucomarca.com\/wordpress\/segunda\/wp-json\/wp\/v2\/posts\/243571\/revisions"}],"wp:featuredmedia":[{"embeddable":true,"href":"https:\/\/www.tucomarca.com\/wordpress\/segunda\/wp-json\/wp\/v2\/media\/243573"}],"wp:attachment":[{"href":"https:\/\/www.tucomarca.com\/wordpress\/segunda\/wp-json\/wp\/v2\/media?parent=243571"}],"wp:term":[{"taxonomy":"category","embeddable":true,"href":"https:\/\/www.tucomarca.com\/wordpress\/segunda\/wp-json\/wp\/v2\/categories?post=243571"},{"taxonomy":"post_tag","embeddable":true,"href":"https:\/\/www.tucomarca.com\/wordpress\/segunda\/wp-json\/wp\/v2\/tags?post=243571"}],"curies":[{"name":"wp","href":"https:\/\/api.w.org\/{rel}","templated":true}]}}