{"id":243706,"date":"2024-11-05T09:15:00","date_gmt":"2024-11-05T07:15:00","guid":{"rendered":"https:\/\/www.tucomarca.com\/wordpress\/segunda\/?p=243706"},"modified":"2024-11-05T14:03:39","modified_gmt":"2024-11-05T12:03:39","slug":"la-unio-lanza-una-campana-de-donaciones-para-ayudar-a-los-agricultores-y-ganaderos-afectados-por-la-dana","status":"publish","type":"post","link":"https:\/\/www.tucomarca.com\/wordpress\/segunda\/la-unio-lanza-una-campana-de-donaciones-para-ayudar-a-los-agricultores-y-ganaderos-afectados-por-la-dana\/","title":{"rendered":"La Uni\u00f3 lanza una campa\u00f1a de donaciones para ayudar a los agricultores y ganaderos afectados por la DANA\u00a0"},"content":{"rendered":"\n<h3 class=\"wp-block-heading\">Hay una cuenta corriente y un n\u00famero de bizum asociado donde se pueden hacer las donaciones.<\/h3>\n\n\n\n<h3 class=\"wp-block-heading\"><strong>Paralelamente sigue sacando los tractores a la calle para recoger barro y retirar veh\u00edculos<\/strong>.<\/h3>\n\n\n\n<p>La Uni\u00f3 Llauradora i Ramadera lanza desde hoy una campa\u00f1a de recogida de donaciones para que las personas agricultoras y ganaderas afectadas por la DANA puedan recuperarse y seguir adelante con sus explotaciones agrarias.<\/p>\n\n\n\n<p>Para ello ha habilitado una cuenta corriente solidaria de Caixa Popular: <strong>ES2931590079132531713424<\/strong> para que se puedan realizar estas donaciones mediante transferencia bancaria y, para facilitar la ayuda, tambi\u00e9n un n\u00famero de Bizum asociado a esta: <strong>10519<\/strong>.<\/p>\n\n\n\n<p>La Uni\u00f3 recuerda que la DANA tambi\u00e9n ha devastado campos y granjas de numerosos agricultores y ganaderos, dej\u00e1ndolos sin cosechas, sin cultivos, con maquinaria da\u00f1ada e infraestructuras totalmente destrozadas.&nbsp;<\/p>\n\n\n\n<p>La organizaci\u00f3n agraria estatal en la que se integra La Uni\u00f3, la Uni\u00f3n de Uniones, con todas sus organizaciones al frente, tambi\u00e9n colabora en esta iniciativa y suma esfuerzos para recoger fondos y destinarlos a esta causa. As\u00ed mismo, la Uni\u00f3 de Pagesos de Catalunya tiene una iniciativa propia para recaudar fondos con esa misma finalidad.<\/p>\n\n\n\n<p>Por otra parte, la Uni\u00f3 Llauradora i Ramadera contin\u00faa colaborando con tractores y palas de sus personas asociadas en diversas zonas afectadas por la DANA para ayudar en todas aquellas tareas en la que se les requiere, como es por ejemplo quitar el barro y apartar coches para despejar calles y carreteras. Una parte de las donaciones ir\u00e1 as\u00ed mismo destinada a sufragar los gastos del gas\u00f3leo empleado por los tractoristas en esta labor.<\/p>\n\n\n\n<p>La organizaci\u00f3n ha puesto as\u00ed a disposici\u00f3n de Administraciones, Ayuntamientos y personas afectadas todos los medios a su alcance para colaborar en la medida de sus posibilidades en la minimizaci\u00f3n de los da\u00f1os de esta cat\u00e1strofe. &nbsp;<\/p>\n\n\n\n<p>Otra de las acciones que lleva a cabo La Uni\u00f3 es el reparto de guantes que se emplean para las tareas agr\u00edcolas en el campo en las poblaciones afectadas con objeto de que sirvan para los trabajos de desescombro y recogida de barro.<\/p>\n\n\n\n<p>Carles Peris, secretario general de La Uni\u00f3, se\u00f1ala que \u201cnuestra organizaci\u00f3n desea mostrar una vez m\u00e1s su lado solidario colaborando con aquellas personas agricultoras y ganaderas que lo est\u00e1n pasando muy mal. Primero lo hicimos con los tractores en la calle para ayudar y ahora tambi\u00e9n con la captaci\u00f3n de fondos solidarios para recuperar las explotaciones agrarias\u201d.<\/p>\n\n\n\n<p>Peris afirma que \u201cSin agricultores y ganaderos no hay alimentos; somos el primer eslab\u00f3n que mueve la cadena agroalimentaria, pero tambi\u00e9n somos solidarios con nuestros vecinos ante este desastre. Muchos agricultores y ganaderos tienen sus explotaciones arrasadas y queremos poner tambi\u00e9n nuestro granito de arena para colaborar en la medida de nuestras posibilidades en esta desgracia\u201d.<\/p>\n\n\n\n<p>Paralelamente a esta colaboraci\u00f3n, los agricultores y ganaderos de la Comunitat Valenciana que no se han visto afectados siguen cumpliendo con su principal responsabilidad que no es otra que proporcionar alimentos sanos, de calidad y de proximidad a toda la sociedad y conf\u00eda La Uni\u00f3 en que ese reconocimiento social de su labor no se olvide.&nbsp;<\/p>\n\n\n\n<p>Adem\u00e1s, las p\u00e9rdidas por la DANA ser\u00e1n cuantiosas y conf\u00eda en que las distintas Administraciones est\u00e9n a la altura de la magnitud del desastre que ha causado este fuerte temporal de lluvias para que los agricultores y ganaderos de la Comunitat Valenciana afectados puedan ver as\u00ed compensadas en parte los da\u00f1os.&nbsp;<\/p>\n\n\n\n<figure class=\"wp-block-image size-large\"><img loading=\"lazy\" decoding=\"async\" width=\"724\" height=\"1024\" src=\"https:\/\/www.tucomarca.com\/wordpress\/segunda\/wp-content\/uploads\/2024\/11\/DANALaUnioCartelC-724x1024.png\" alt=\"\" class=\"wp-image-243713\" srcset=\"https:\/\/www.tucomarca.com\/wordpress\/segunda\/wp-content\/uploads\/2024\/11\/DANALaUnioCartelC-724x1024.png 724w, https:\/\/www.tucomarca.com\/wordpress\/segunda\/wp-content\/uploads\/2024\/11\/DANALaUnioCartelC-212x300.png 212w, https:\/\/www.tucomarca.com\/wordpress\/segunda\/wp-content\/uploads\/2024\/11\/DANALaUnioCartelC-768x1086.png 768w, https:\/\/www.tucomarca.com\/wordpress\/segunda\/wp-content\/uploads\/2024\/11\/DANALaUnioCartelC-1086x1536.png 1086w, https:\/\/www.tucomarca.com\/wordpress\/segunda\/wp-content\/uploads\/2024\/11\/DANALaUnioCartelC.png 1414w\" sizes=\"auto, (max-width: 724px) 100vw, 724px\" \/><\/figure>\n","protected":false},"excerpt":{"rendered":"<div class=\"mh-excerpt\">Hay una cuenta corriente y un n\u00famero de bizum asociado donde se pueden hacer las donaciones. Paralelamente sigue sacando los tractores a la calle para recoger barro y retirar veh\u00edculos. La Uni\u00f3 Llauradora i Ramadera <a class=\"mh-excerpt-more\" href=\"https:\/\/www.tucomarca.com\/wordpress\/segunda\/la-unio-lanza-una-campana-de-donaciones-para-ayudar-a-los-agricultores-y-ganaderos-afectados-por-la-dana\/\" title=\"La Uni\u00f3 lanza una campa\u00f1a de donaciones para ayudar a los agricultores y ganaderos afectados por la DANA\u00a0\">[+] <\/a><\/div>\n","protected":false},"author":13,"featured_media":243709,"comment_status":"open","ping_status":"open","sticky":false,"template":"","format":"standard","meta":{"footnotes":""},"categories":[169,21465,128,8,72,117,142,3,116,45],"tags":[85,854,12831,10412,2142,107],"class_list":{"0":"post-243706","1":"post","2":"type-post","3":"status-publish","4":"format-standard","5":"has-post-thumbnail","7":"category-agricultura-la-comarca","8":"category-dana","9":"category-infraestructuras","10":"category-la-comarca","11":"category-sin-categorizar","12":"category-medio-ambiente-la-comarca","13":"category-politica-la-comarca","14":"category-seccion","15":"category-sucesos-la-comarca","16":"category-ventana","17":"tag-agricultura","18":"tag-ayuda","19":"tag-dana-2","20":"tag-infraestructuras","21":"tag-la-comunitat","22":"tag-medio-ambiente"},"_links":{"self":[{"href":"https:\/\/www.tucomarca.com\/wordpress\/segunda\/wp-json\/wp\/v2\/posts\/243706","targetHints":{"allow":["GET"]}}],"collection":[{"href":"https:\/\/www.tucomarca.com\/wordpress\/segunda\/wp-json\/wp\/v2\/posts"}],"about":[{"href":"https:\/\/www.tucomarca.com\/wordpress\/segunda\/wp-json\/wp\/v2\/types\/post"}],"author":[{"embeddable":true,"href":"https:\/\/www.tucomarca.com\/wordpress\/segunda\/wp-json\/wp\/v2\/users\/13"}],"replies":[{"embeddable":true,"href":"https:\/\/www.tucomarca.com\/wordpress\/segunda\/wp-json\/wp\/v2\/comments?post=243706"}],"version-history":[{"count":0,"href":"https:\/\/www.tucomarca.com\/wordpress\/segunda\/wp-json\/wp\/v2\/posts\/243706\/revisions"}],"wp:featuredmedia":[{"embeddable":true,"href":"https:\/\/www.tucomarca.com\/wordpress\/segunda\/wp-json\/wp\/v2\/media\/243709"}],"wp:attachment":[{"href":"https:\/\/www.tucomarca.com\/wordpress\/segunda\/wp-json\/wp\/v2\/media?parent=243706"}],"wp:term":[{"taxonomy":"category","embeddable":true,"href":"https:\/\/www.tucomarca.com\/wordpress\/segunda\/wp-json\/wp\/v2\/categories?post=243706"},{"taxonomy":"post_tag","embeddable":true,"href":"https:\/\/www.tucomarca.com\/wordpress\/segunda\/wp-json\/wp\/v2\/tags?post=243706"}],"curies":[{"name":"wp","href":"https:\/\/api.w.org\/{rel}","templated":true}]}}