{"id":243735,"date":"2024-11-05T08:45:00","date_gmt":"2024-11-05T06:45:00","guid":{"rendered":"https:\/\/www.tucomarca.com\/wordpress\/segunda\/?p=243735"},"modified":"2024-11-05T14:37:00","modified_gmt":"2024-11-05T12:37:00","slug":"la-generalitat-ubica-en-residencias-a-las-personas-mayores-dependientes-cuyas-viviendas-han-sido-danadas-por-la-dana","status":"publish","type":"post","link":"https:\/\/www.tucomarca.com\/wordpress\/segunda\/la-generalitat-ubica-en-residencias-a-las-personas-mayores-dependientes-cuyas-viviendas-han-sido-danadas-por-la-dana\/","title":{"rendered":"La Generalitat ubica en residencias a las personas mayores dependientes cuyas viviendas han sido da\u00f1adas por la DANA"},"content":{"rendered":"\n<h3 class=\"wp-block-heading\">Los mayores dependientes afectados pueden ser ingresados de forma inmediata en una residencia sin necesidad de solicitud previa.<\/h3>\n\n\n\n<h3 class=\"wp-block-heading\">Servicios Sociales ha establecido un protocolo para atender las diferentes necesidades de las personas mayores afectadas por la cat\u00e1strofe.<\/h3>\n\n\n\n<p>La Generalitat est\u00e1 ubicando ya en centros residenciales para mayores a las personas dependientes cuyas viviendas han resultada afectadas por la emergencia de la DANA que ha asolado la Comunitat Valenciana.<\/p>\n\n\n\n<p>Para ello, la Vicepresidencia y Conselleria de Servicios Sociales, Igualdad y Vivienda ha establecido un protocolo de urgencia para atender las diferentes necesidades de las personas mayores afectadas por la cat\u00e1strofe.<\/p>\n\n\n\n<p>El protocolo permite que las personas mayores dependientes cuyas viviendas se han visto afectadas puedan ingresar de forma inmediata en una residencia, aunque no cuenten con solicitud previa de ingreso.<\/p>\n\n\n\n<p>Se da as\u00ed respuesta urgente a la situaci\u00f3n de las personas mayores dependientes que no cuentan con recursos familiares o estructuras sociales de apoyo capaces de atender las necesidades de este colectivo especialmente vulnerable.<\/p>\n\n\n\n<p>Para cubrir esta necesidad perentoria, la Vicepresidencia y Conselleria de Servicios Sociales habilit\u00f3 plazas de residencias p\u00fablicas desde el primer d\u00eda de la cat\u00e1strofe, as\u00ed como la coordinaci\u00f3n con los centros privados para habilitar todas las plazas disponibles.<\/p>\n\n\n\n<p>Hasta el momento, se ha ubicado a 37 mayores dependientes en centros en los que se ha primado plaza p\u00fablica, pero tambi\u00e9n se est\u00e1 utilizando recursos privados con cobertura p\u00fablica, y atendiendo a razones de proximidad de las personas al lugar de residencia de sus familiares. Entre otros, se han trasladado personas al Centro Residencial SAVIA de Requena; la Residencia de Personas Mayores Dependientes La Ca\u00f1ada de Paterna; Centro Residencial SAVIA de Picassent; Residencia para Personas Dependientes de Silla; Residencia de Mayores Solimar de Sollana; Residencia para Personas Mayores Saleta Conarda de la Pobla de Vallbona; Residencia y Centro de D\u00eda de Personas Mayores Dependientes de Moncada y la Residencia de Personas Mayores de Torrent.<\/p>\n\n\n\n<p>La Generalitat act\u00faa a partir de las peticiones de los servicios municipales de los ayuntamientos, que son quienes eval\u00faan en primer lugar la situaci\u00f3n de la persona afectada a trav\u00e9s de sus equipos de atenci\u00f3n primaria e intervenci\u00f3n y trasladan la necesidad a las direcciones territoriales de la Conselleria de Servicios Sociales.<\/p>\n\n\n\n<p>Si se trata de personas mayores no dependientes pero tambi\u00e9n necesitadas de vivienda, se les ofrece un recurso habitacional temporal a trav\u00e9s de otras v\u00edas, como en alojamientos tur\u00edsticos, hasta evaluar la situaci\u00f3n en la que se encuentran y adaptar el servicio habitacional a sus necesidades en caso de necesitar vivienda m\u00e1s estable.<\/p>\n","protected":false},"excerpt":{"rendered":"<div class=\"mh-excerpt\">Los mayores dependientes afectados pueden ser ingresados de forma inmediata en una residencia sin necesidad de solicitud previa. Servicios Sociales ha establecido un protocolo para atender las diferentes necesidades de las personas mayores afectadas por <a class=\"mh-excerpt-more\" href=\"https:\/\/www.tucomarca.com\/wordpress\/segunda\/la-generalitat-ubica-en-residencias-a-las-personas-mayores-dependientes-cuyas-viviendas-han-sido-danadas-por-la-dana\/\" title=\"La Generalitat ubica en residencias a las personas mayores dependientes cuyas viviendas han sido da\u00f1adas por la DANA\">[+] <\/a><\/div>\n","protected":false},"author":13,"featured_media":243688,"comment_status":"open","ping_status":"open","sticky":false,"template":"","format":"standard","meta":{"footnotes":""},"categories":[21465,128,8,72,117,142,3,45],"tags":[854,12831,10412,2142,107,32],"class_list":{"0":"post-243735","1":"post","2":"type-post","3":"status-publish","4":"format-standard","5":"has-post-thumbnail","7":"category-dana","8":"category-infraestructuras","9":"category-la-comarca","10":"category-sin-categorizar","11":"category-medio-ambiente-la-comarca","12":"category-politica-la-comarca","13":"category-seccion","14":"category-ventana","15":"tag-ayuda","16":"tag-dana-2","17":"tag-infraestructuras","18":"tag-la-comunitat","19":"tag-medio-ambiente","20":"tag-politica"},"_links":{"self":[{"href":"https:\/\/www.tucomarca.com\/wordpress\/segunda\/wp-json\/wp\/v2\/posts\/243735","targetHints":{"allow":["GET"]}}],"collection":[{"href":"https:\/\/www.tucomarca.com\/wordpress\/segunda\/wp-json\/wp\/v2\/posts"}],"about":[{"href":"https:\/\/www.tucomarca.com\/wordpress\/segunda\/wp-json\/wp\/v2\/types\/post"}],"author":[{"embeddable":true,"href":"https:\/\/www.tucomarca.com\/wordpress\/segunda\/wp-json\/wp\/v2\/users\/13"}],"replies":[{"embeddable":true,"href":"https:\/\/www.tucomarca.com\/wordpress\/segunda\/wp-json\/wp\/v2\/comments?post=243735"}],"version-history":[{"count":0,"href":"https:\/\/www.tucomarca.com\/wordpress\/segunda\/wp-json\/wp\/v2\/posts\/243735\/revisions"}],"wp:featuredmedia":[{"embeddable":true,"href":"https:\/\/www.tucomarca.com\/wordpress\/segunda\/wp-json\/wp\/v2\/media\/243688"}],"wp:attachment":[{"href":"https:\/\/www.tucomarca.com\/wordpress\/segunda\/wp-json\/wp\/v2\/media?parent=243735"}],"wp:term":[{"taxonomy":"category","embeddable":true,"href":"https:\/\/www.tucomarca.com\/wordpress\/segunda\/wp-json\/wp\/v2\/categories?post=243735"},{"taxonomy":"post_tag","embeddable":true,"href":"https:\/\/www.tucomarca.com\/wordpress\/segunda\/wp-json\/wp\/v2\/tags?post=243735"}],"curies":[{"name":"wp","href":"https:\/\/api.w.org\/{rel}","templated":true}]}}