{"id":243831,"date":"2024-11-05T09:10:00","date_gmt":"2024-11-05T07:10:00","guid":{"rendered":"https:\/\/www.tucomarca.com\/wordpress\/segunda\/?p=243831"},"modified":"2024-11-05T20:00:25","modified_gmt":"2024-11-05T18:00:25","slug":"labora-trasladara-dos-autobuses-a-las-zonas-afectadas-por-la-dana-para-agilizar-los-tramites-que-tengan-que-realizar-empresas-y-trabajadores","status":"publish","type":"post","link":"https:\/\/www.tucomarca.com\/wordpress\/segunda\/labora-trasladara-dos-autobuses-a-las-zonas-afectadas-por-la-dana-para-agilizar-los-tramites-que-tengan-que-realizar-empresas-y-trabajadores\/","title":{"rendered":"Labora trasladar\u00e1 dos autobuses a las zonas afectadas por la DANA para agilizar los tr\u00e1mites que tengan que realizar empresas y trabajadores"},"content":{"rendered":"\n<h3 class=\"wp-block-heading\">El objetivo del Consell es generar un escudo de protecci\u00f3n para las empresas y trabajadores afectados por la DANA.<\/h3>\n\n\n\n<h3 class=\"wp-block-heading\">Hasta el momento se han presentado 50 ERTEs en la direcci\u00f3n general de Trabajo que afectan a 300 personas.<\/h3>\n\n\n\n<p>El Servicio P\u00fablico de Empleo y Formaci\u00f3n de la Comunitat Valenciana, Labora, dispondr\u00e1 de dos autobuses que trasladar\u00e1 a los municipios afectados por la DANA para agilizar los tr\u00e1mites que tengan que realizar las empresas y los trabajadores para afrontar la situaci\u00f3n laboral con la mejor de las garant\u00edas.&nbsp;<\/p>\n\n\n\n<p>Las empresas tienen a su disposici\u00f3n el mecanismo de los Expedientes de Regulaci\u00f3n Temporal de Empleo por Fuerza Mayor, que exime a la empresa del pago de cotizaciones y los trabajadores reciben la prestaci\u00f3n con car\u00e1cter retroactivo sin que consuman desempleo.&nbsp;<\/p>\n\n\n\n<p>El compromiso es tramitar los ERTES en solo cinco d\u00edas con el objetivo de que tanto las empresas como los trabajadores sufran lo menos posible las consecuencias econ\u00f3micas. As\u00ed, toda la maquinaria administrativa se ha puesto al servicio de las personas afectadas por esta situaci\u00f3n.&nbsp;<\/p>\n\n\n\n<p>De este modo, el Consell fijar\u00e1 en dependencias municipales y en los dos autobuses de Labora puntos de atenci\u00f3n para tramitar los expedientes con la m\u00e1xima celeridad. Se est\u00e1 trabajando de manera coordinada con el Ministerio de Trabajo con el objetivo de generar un escudo de protecci\u00f3n para las empresas y trabajadores afectados por la DANA.<\/p>\n\n\n\n<p>Desde Labora se est\u00e1 trabajando en dos v\u00edas: por una parte, poniendo todos los esfuerzos en el blindaje a los trabajadores y a las empresas para que sufran las consecuencias lo menos posible, y por otro trabajando ya en la reconstrucci\u00f3n. &nbsp;Asimismo, Labora pondr\u00e1 en marcha un plan de empleo enfocado en la zona afectada por la DANA de la provincia de Valencia.&nbsp;<\/p>\n\n\n\n<p>En cuanto a los ERTES, hasta el momento se han presentado 50 en la direcci\u00f3n general de Trabajo con 300 personas afectadas. Empresas y trabajadores tienen a disposici\u00f3n el correo dana_ocupacio@gva.es para solventar cualquier tipo de duda.<\/p>\n","protected":false},"excerpt":{"rendered":"<div class=\"mh-excerpt\">El objetivo del Consell es generar un escudo de protecci\u00f3n para las empresas y trabajadores afectados por la DANA. Hasta el momento se han presentado 50 ERTEs en la direcci\u00f3n general de Trabajo que afectan <a class=\"mh-excerpt-more\" href=\"https:\/\/www.tucomarca.com\/wordpress\/segunda\/labora-trasladara-dos-autobuses-a-las-zonas-afectadas-por-la-dana-para-agilizar-los-tramites-que-tengan-que-realizar-empresas-y-trabajadores\/\" title=\"Labora trasladar\u00e1 dos autobuses a las zonas afectadas por la DANA para agilizar los tr\u00e1mites que tengan que realizar empresas y trabajadores\">[+] <\/a><\/div>\n","protected":false},"author":13,"featured_media":243234,"comment_status":"open","ping_status":"open","sticky":false,"template":"","format":"standard","meta":{"footnotes":""},"categories":[21465,128,8,72,117,142,3,116,45],"tags":[12831,10412,2142,107],"class_list":{"0":"post-243831","1":"post","2":"type-post","3":"status-publish","4":"format-standard","5":"has-post-thumbnail","7":"category-dana","8":"category-infraestructuras","9":"category-la-comarca","10":"category-sin-categorizar","11":"category-medio-ambiente-la-comarca","12":"category-politica-la-comarca","13":"category-seccion","14":"category-sucesos-la-comarca","15":"category-ventana","16":"tag-dana-2","17":"tag-infraestructuras","18":"tag-la-comunitat","19":"tag-medio-ambiente"},"_links":{"self":[{"href":"https:\/\/www.tucomarca.com\/wordpress\/segunda\/wp-json\/wp\/v2\/posts\/243831","targetHints":{"allow":["GET"]}}],"collection":[{"href":"https:\/\/www.tucomarca.com\/wordpress\/segunda\/wp-json\/wp\/v2\/posts"}],"about":[{"href":"https:\/\/www.tucomarca.com\/wordpress\/segunda\/wp-json\/wp\/v2\/types\/post"}],"author":[{"embeddable":true,"href":"https:\/\/www.tucomarca.com\/wordpress\/segunda\/wp-json\/wp\/v2\/users\/13"}],"replies":[{"embeddable":true,"href":"https:\/\/www.tucomarca.com\/wordpress\/segunda\/wp-json\/wp\/v2\/comments?post=243831"}],"version-history":[{"count":0,"href":"https:\/\/www.tucomarca.com\/wordpress\/segunda\/wp-json\/wp\/v2\/posts\/243831\/revisions"}],"wp:featuredmedia":[{"embeddable":true,"href":"https:\/\/www.tucomarca.com\/wordpress\/segunda\/wp-json\/wp\/v2\/media\/243234"}],"wp:attachment":[{"href":"https:\/\/www.tucomarca.com\/wordpress\/segunda\/wp-json\/wp\/v2\/media?parent=243831"}],"wp:term":[{"taxonomy":"category","embeddable":true,"href":"https:\/\/www.tucomarca.com\/wordpress\/segunda\/wp-json\/wp\/v2\/categories?post=243831"},{"taxonomy":"post_tag","embeddable":true,"href":"https:\/\/www.tucomarca.com\/wordpress\/segunda\/wp-json\/wp\/v2\/tags?post=243831"}],"curies":[{"name":"wp","href":"https:\/\/api.w.org\/{rel}","templated":true}]}}