{"id":243879,"date":"2024-11-05T11:45:00","date_gmt":"2024-11-05T09:45:00","guid":{"rendered":"https:\/\/www.tucomarca.com\/wordpress\/segunda\/?p=243879"},"modified":"2024-11-05T20:46:06","modified_gmt":"2024-11-05T18:46:06","slug":"transporte-conectividad-y-servicios-basicos-principales-necesidades-de-afectados-por-la-riada-segun-encuesta-de-la-upv","status":"publish","type":"post","link":"https:\/\/www.tucomarca.com\/wordpress\/segunda\/transporte-conectividad-y-servicios-basicos-principales-necesidades-de-afectados-por-la-riada-segun-encuesta-de-la-upv\/","title":{"rendered":"Transporte, conectividad y servicios b\u00e1sicos: principales necesidades de afectados por la riada seg\u00fan encuesta de la UPV"},"content":{"rendered":"\n<p>La UPV ha realizado un proceso exhaustivo de atenci\u00f3n telef\u00f3nica, contactando con m\u00e1s de mil personas afectadas directamente por la riada, y localizadas en la zona cero.<\/p>\n\n\n\n<p>Tras documentar las necesidades comunicadas, se han alcanzado los datos recabados concluyendo las siguientes necesidades m\u00e1s demandadas por las personas contactadas:<\/p>\n\n\n\n<ul class=\"wp-block-list\">\n<li><strong>Transporte<\/strong>: Esta es la necesidad m\u00e1s mencionada, representando el <strong>35%<\/strong> del total. Muchas personas han perdido sus coches y enfrentan dificultades para desplazarse, afectando su acceso a servicios b\u00e1sicos, trabajo, y actividades acad\u00e9micas.<\/li>\n\n\n\n<li><strong>Internet y conectividad<\/strong>: La falta de conectividad es otra preocupaci\u00f3n importante, representando el <strong>23%<\/strong> de las necesidades. Este problema limita a muchos en sus actividades laborales o educativas, especialmente quienes necesitan acceso estable para el teletrabajo o estudios en l\u00ednea.<\/li>\n\n\n\n<li><strong>Agua y electricidad<\/strong>: Un 20<strong>%<\/strong> de las respuestas mencionaron la falta de agua y electricidad en sus domicilios, lo que impacta su vida diaria y las labores de limpieza y recuperaci\u00f3n tras la riada.<\/li>\n\n\n\n<li><strong>Material de limpieza y protecci\u00f3n<\/strong>: Un <strong>12%<\/strong> de los afectados necesita elementos de limpieza, como botas, guantes, y mascarillas, para poder trabajar en la recuperaci\u00f3n de sus hogares y comunidades.<\/li>\n\n\n\n<li><strong>Apoyo psicol\u00f3gico<\/strong>: El <strong>9%<\/strong> de las personas manifest\u00f3 la necesidad de apoyo psicol\u00f3gico debido a la p\u00e9rdida de bienes, experiencias traum\u00e1ticas, o la presi\u00f3n de las labores de recuperaci\u00f3n.<\/li>\n\n\n\n<li><strong>Apoyo econ\u00f3mico<\/strong>: Finalmente, un <strong>6%<\/strong> de los encuestados indic\u00f3 requerir ayuda econ\u00f3mica para cubrir da\u00f1os materiales, especialmente quienes perdieron veh\u00edculos, maquinaria, o mobiliario en sus viviendas o negocios.<\/li>\n<\/ul>\n\n\n\n<p>Estos porcentajes muestran las \u00e1reas de intervenci\u00f3n prioritaria para asistir a los afectados por la inundaci\u00f3n y se ponen en comunicaci\u00f3n a las autoridades para que sean conscientes de la percepci\u00f3n de los afectados y act\u00faen en consonancia.<\/p>\n","protected":false},"excerpt":{"rendered":"<div class=\"mh-excerpt\">La UPV ha realizado un proceso exhaustivo de atenci\u00f3n telef\u00f3nica, contactando con m\u00e1s de mil personas afectadas directamente por la riada, y localizadas en la zona cero. Tras documentar las necesidades comunicadas, se han alcanzado <a class=\"mh-excerpt-more\" href=\"https:\/\/www.tucomarca.com\/wordpress\/segunda\/transporte-conectividad-y-servicios-basicos-principales-necesidades-de-afectados-por-la-riada-segun-encuesta-de-la-upv\/\" title=\"Transporte, conectividad y servicios b\u00e1sicos: principales necesidades de afectados por la riada seg\u00fan encuesta de la UPV\">[+] <\/a><\/div>\n","protected":false},"author":13,"featured_media":243927,"comment_status":"open","ping_status":"open","sticky":false,"template":"","format":"standard","meta":{"footnotes":""},"categories":[21465,72,45],"tags":[854,12831,2142,12690],"class_list":{"0":"post-243879","1":"post","2":"type-post","3":"status-publish","4":"format-standard","5":"has-post-thumbnail","7":"category-dana","8":"category-sin-categorizar","9":"category-ventana","10":"tag-ayuda","11":"tag-dana-2","12":"tag-la-comunitat","13":"tag-upv"},"_links":{"self":[{"href":"https:\/\/www.tucomarca.com\/wordpress\/segunda\/wp-json\/wp\/v2\/posts\/243879","targetHints":{"allow":["GET"]}}],"collection":[{"href":"https:\/\/www.tucomarca.com\/wordpress\/segunda\/wp-json\/wp\/v2\/posts"}],"about":[{"href":"https:\/\/www.tucomarca.com\/wordpress\/segunda\/wp-json\/wp\/v2\/types\/post"}],"author":[{"embeddable":true,"href":"https:\/\/www.tucomarca.com\/wordpress\/segunda\/wp-json\/wp\/v2\/users\/13"}],"replies":[{"embeddable":true,"href":"https:\/\/www.tucomarca.com\/wordpress\/segunda\/wp-json\/wp\/v2\/comments?post=243879"}],"version-history":[{"count":0,"href":"https:\/\/www.tucomarca.com\/wordpress\/segunda\/wp-json\/wp\/v2\/posts\/243879\/revisions"}],"wp:featuredmedia":[{"embeddable":true,"href":"https:\/\/www.tucomarca.com\/wordpress\/segunda\/wp-json\/wp\/v2\/media\/243927"}],"wp:attachment":[{"href":"https:\/\/www.tucomarca.com\/wordpress\/segunda\/wp-json\/wp\/v2\/media?parent=243879"}],"wp:term":[{"taxonomy":"category","embeddable":true,"href":"https:\/\/www.tucomarca.com\/wordpress\/segunda\/wp-json\/wp\/v2\/categories?post=243879"},{"taxonomy":"post_tag","embeddable":true,"href":"https:\/\/www.tucomarca.com\/wordpress\/segunda\/wp-json\/wp\/v2\/tags?post=243879"}],"curies":[{"name":"wp","href":"https:\/\/api.w.org\/{rel}","templated":true}]}}