{"id":244033,"date":"2024-11-06T13:00:00","date_gmt":"2024-11-06T11:00:00","guid":{"rendered":"https:\/\/www.tucomarca.com\/wordpress\/segunda\/?p=244033"},"modified":"2024-11-06T14:22:03","modified_gmt":"2024-11-06T12:22:03","slug":"vocacion-de-servicio-poner-en-riesgo-tu-vida-para-salvar-la-de-los-demas","status":"publish","type":"post","link":"https:\/\/www.tucomarca.com\/wordpress\/segunda\/vocacion-de-servicio-poner-en-riesgo-tu-vida-para-salvar-la-de-los-demas\/","title":{"rendered":"Vocaci\u00f3n de servicio: poner en riesgo tu vida para salvar la de los dem\u00e1s"},"content":{"rendered":"\n<p>Conforme van pasando los d\u00edas se van conociendo situaciones y episodios que durante la tr\u00e1gica noche del martes pasado se vivieron en muchos lugares afectados por la DANA, entre ellos muchas de las heroicidades por parte de miembros de los cuerpos de seguridad el Estado, Guardia Civil, Polic\u00eda Local e incluso por parte de particulares; que se llevaron a cabo a lo ancho y largo de nuestros pueblos y t\u00e9rminos municipales afectados por la mayor cat\u00e1strofe de nuestra historia reciente.<\/p>\n\n\n\n<figure class=\"wp-block-image size-full\"><img loading=\"lazy\" decoding=\"async\" width=\"850\" height=\"579\" src=\"https:\/\/www.tucomarca.com\/wordpress\/segunda\/wp-content\/uploads\/2024\/11\/DanaChivaAgua.png\" alt=\"\" class=\"wp-image-244103\" srcset=\"https:\/\/www.tucomarca.com\/wordpress\/segunda\/wp-content\/uploads\/2024\/11\/DanaChivaAgua.png 850w, https:\/\/www.tucomarca.com\/wordpress\/segunda\/wp-content\/uploads\/2024\/11\/DanaChivaAgua-300x204.png 300w, https:\/\/www.tucomarca.com\/wordpress\/segunda\/wp-content\/uploads\/2024\/11\/DanaChivaAgua-768x523.png 768w\" sizes=\"auto, (max-width: 850px) 100vw, 850px\" \/><figcaption class=\"wp-element-caption\"><em>Las calles de Chiva fueron anegadas y padecieron la fuerza del agua. <\/em><\/figcaption><\/figure>\n\n\n\n<p>Este es el caso de muchos miembros de la Guardia Civil destinados en los pueblos del interior por donde discurri\u00f3 la riada, y en concreto el de dos guardias civiles destinados (y a su vez vecinos) de Chiva: el cabo David M\u00fagica y el teniente Christian Lacalle, quienes se convirtieron en aut\u00e9nticos \u00e1ngeles de la guarda para muchos de sus convecinos al recorrer las calles convertidas en r\u00edos de la zona m\u00e1s afectada del municipio para socorrer, especialmente, a los m\u00e1s necesitados debido a sus problemas de movilidad.<\/p>\n\n\n\n<p>Unos miembros de la Guardia Civil quienes tambi\u00e9n han querido subrayar \u00abla ayuda durante esa tarde y noche fat\u00eddica de algunos paisanos, que se jugaron tambi\u00e9n el tipo como nosotros ayudando a sus convecinos\u00bb.<\/p>\n\n\n\n<p>Ellos pudieron ayudar a muchos vecinos poniendo en serio riesgo sus vidas por momentos; pero si un caso es todav\u00eda m\u00e1s estremecedor es el de un Guardia Civil (que prefiere que ocultemos su nombre) que acudi\u00f3 junto a varios compa\u00f1eros al fat\u00eddico punto de la Autov\u00eda A3 entre Bu\u00f1ol y Chiva para ayudar a los cientos de personas all\u00ed atrapadas en sus veh\u00edculos y que casi perdi\u00f3 la vida en el intento al ser arrastrado por las aguas.<\/p>\n\n\n\n<p>\u00abEl agua lo arrastr\u00f3 y se lo trag\u00f3. El agua, el barro, las piedras le entraron por la boca; y durante un momento el agua hizo una ola y consigui\u00f3 sacar un brazo y agarrarse a un hierro para sacar la cabeza y respirar. Salv\u00f3 la vida de milagro\u00bb, como ha relatado uno de sus compa\u00f1eros que ha vivido muy de cerca la tragedia.<\/p>\n\n\n\n<figure class=\"wp-block-image size-full\"><img loading=\"lazy\" decoding=\"async\" width=\"1181\" height=\"775\" src=\"https:\/\/www.tucomarca.com\/wordpress\/segunda\/wp-content\/uploads\/2024\/11\/DanaA3Bunol_Chiva.jpg\" alt=\"\" class=\"wp-image-244127\" srcset=\"https:\/\/www.tucomarca.com\/wordpress\/segunda\/wp-content\/uploads\/2024\/11\/DanaA3Bunol_Chiva.jpg 1181w, https:\/\/www.tucomarca.com\/wordpress\/segunda\/wp-content\/uploads\/2024\/11\/DanaA3Bunol_Chiva-300x197.jpg 300w, https:\/\/www.tucomarca.com\/wordpress\/segunda\/wp-content\/uploads\/2024\/11\/DanaA3Bunol_Chiva-1024x672.jpg 1024w, https:\/\/www.tucomarca.com\/wordpress\/segunda\/wp-content\/uploads\/2024\/11\/DanaA3Bunol_Chiva-768x504.jpg 768w\" sizes=\"auto, (max-width: 1181px) 100vw, 1181px\" \/><\/figure>\n\n\n\n<p>\u00abEstuvo ayudando a todos los conductores atrapados en la trampa mortal de la Autov\u00eda A3 en la que se convirti\u00f3 el tramo entre Chiva y Bu\u00f1ol bajo el viaducto; en el que se quedaron atrapados cerca de tres cientos veh\u00edculos; y durante un momento la corriente era tan intensa que pudo con \u00e9l y se lo llev\u00f3, salv\u00f3 la vida de milagro\u00bb, reitera el compa\u00f1ero.<\/p>\n\n\n\n<p>\u00abEsto sucedi\u00f3 sobre las siete de la tarde, en pleno momento de la riada, cuando corr\u00eda un aut\u00e9ntico r\u00edo por la Autov\u00eda en la que ha habido personas fallecidas\u00bb, tal como describe.<\/p>\n\n\n\n<p>Gracias a sus esfuerzos y a poner en riesgo en sus vidas, fueron m\u00e1s de 130 las personas que pudieron ser atendidas la noche del martes en Bu\u00f1ol. Personas que fueron acogidas por el Ayuntamiento de la localidad en la Sala El Mercado.  <\/p>\n\n\n\n<p>Sin embargo, el propio Guardia Civil consultado por <strong>tucomarca.com<\/strong> no quiere atribuirse ning\u00fan m\u00e9rito y asegura: \u00abme moj\u00e9, sal\u00ed, me vine para casa y me duch\u00e9. Y al d\u00eda siguiente a trabajar, no le quise dar m\u00e1s vueltas\u00bb. Una experiencia l\u00edmite la vivida en un tramo de la autov\u00eda A3 convertido en un aut\u00e9ntico drama, \u00aben el que intentamos ayudar a la gente; hicimos lo que pudimos\u00bb.<\/p>\n","protected":false},"excerpt":{"rendered":"<div class=\"mh-excerpt\">Conforme van pasando los d\u00edas se van conociendo situaciones y episodios que durante la tr\u00e1gica noche del martes pasado se vivieron en muchos lugares afectados por la DANA, entre ellos muchas de las heroicidades por <a class=\"mh-excerpt-more\" href=\"https:\/\/www.tucomarca.com\/wordpress\/segunda\/vocacion-de-servicio-poner-en-riesgo-tu-vida-para-salvar-la-de-los-demas\/\" title=\"Vocaci\u00f3n de servicio: poner en riesgo tu vida para salvar la de los dem\u00e1s\">[+] <\/a><\/div>\n","protected":false},"author":1,"featured_media":244112,"comment_status":"open","ping_status":"open","sticky":false,"template":"","format":"standard","meta":{"footnotes":""},"categories":[18,16,21465,128,8,72,10,117,142,3,116,45],"tags":[10385,12831,5952],"class_list":{"0":"post-244033","1":"post","2":"type-post","3":"status-publish","4":"format-standard","5":"has-post-thumbnail","7":"category-bunol","8":"category-chiva","9":"category-dana","10":"category-infraestructuras","11":"category-la-comarca","12":"category-sin-categorizar","13":"category-la-hoya","14":"category-medio-ambiente-la-comarca","15":"category-politica-la-comarca","16":"category-seccion","17":"category-sucesos-la-comarca","18":"category-ventana","19":"tag-bunol","20":"tag-dana-2","21":"tag-la-hoya-de-bunol-chiva"},"_links":{"self":[{"href":"https:\/\/www.tucomarca.com\/wordpress\/segunda\/wp-json\/wp\/v2\/posts\/244033","targetHints":{"allow":["GET"]}}],"collection":[{"href":"https:\/\/www.tucomarca.com\/wordpress\/segunda\/wp-json\/wp\/v2\/posts"}],"about":[{"href":"https:\/\/www.tucomarca.com\/wordpress\/segunda\/wp-json\/wp\/v2\/types\/post"}],"author":[{"embeddable":true,"href":"https:\/\/www.tucomarca.com\/wordpress\/segunda\/wp-json\/wp\/v2\/users\/1"}],"replies":[{"embeddable":true,"href":"https:\/\/www.tucomarca.com\/wordpress\/segunda\/wp-json\/wp\/v2\/comments?post=244033"}],"version-history":[{"count":0,"href":"https:\/\/www.tucomarca.com\/wordpress\/segunda\/wp-json\/wp\/v2\/posts\/244033\/revisions"}],"wp:featuredmedia":[{"embeddable":true,"href":"https:\/\/www.tucomarca.com\/wordpress\/segunda\/wp-json\/wp\/v2\/media\/244112"}],"wp:attachment":[{"href":"https:\/\/www.tucomarca.com\/wordpress\/segunda\/wp-json\/wp\/v2\/media?parent=244033"}],"wp:term":[{"taxonomy":"category","embeddable":true,"href":"https:\/\/www.tucomarca.com\/wordpress\/segunda\/wp-json\/wp\/v2\/categories?post=244033"},{"taxonomy":"post_tag","embeddable":true,"href":"https:\/\/www.tucomarca.com\/wordpress\/segunda\/wp-json\/wp\/v2\/tags?post=244033"}],"curies":[{"name":"wp","href":"https:\/\/api.w.org\/{rel}","templated":true}]}}