{"id":244294,"date":"2024-11-07T09:00:00","date_gmt":"2024-11-07T07:00:00","guid":{"rendered":"https:\/\/www.tucomarca.com\/wordpress\/segunda\/?p=244294"},"modified":"2024-11-07T19:42:34","modified_gmt":"2024-11-07T17:42:34","slug":"la-diputacio-de-valencia-habilita-un-visor-cartografico-para-consultar-en-tiempo-real-el-estado-de-las-carreteras-provinciales","status":"publish","type":"post","link":"https:\/\/www.tucomarca.com\/wordpress\/segunda\/la-diputacio-de-valencia-habilita-un-visor-cartografico-para-consultar-en-tiempo-real-el-estado-de-las-carreteras-provinciales\/","title":{"rendered":"La Diputaci\u00f3 de Val\u00e8ncia habilita un visor cartogr\u00e1fico para consultar en tiempo real el estado de las carreteras provinciales"},"content":{"rendered":"\n<h3 class=\"wp-block-heading\"><strong>La p\u00e1gina de inicio del portal web de la instituci\u00f3n provincial (www.dival.es) incluye ya un banner que dirige a un mapa que muestra las v\u00edas cortadas y permite hacer b\u00fasquedas por municipio o denominaci\u00f3n de carreteras.\u00a0<\/strong><\/h3>\n\n\n\n<h3 class=\"wp-block-heading\"><strong>La diputada de Carreteras, Reme Mazzolari, indica que \u201cson muchas las v\u00edas en que se est\u00e1 trabajando desde el minuto uno\u201d y recuerda a la ciudadan\u00eda \u201cla importancia de consultar la informaci\u00f3n del tr\u00e1fico actualizada, evitando en la medida de lo posible desplazamientos por las zonas donde est\u00e1n trabajando las m\u00e1quinas\u201d.\u00a0<\/strong><\/h3>\n\n\n\n<p>Un visor cartogr\u00e1fico alojado en el portal web de la Diputaci\u00f3 de Val\u00e8ncia (<a href=\"http:\/\/www.dival.es\">www.dival.es<\/a>) permite que cualquier usuario pueda consultar el estado de la red provincial de carreteras, actualizado en tiempo real por el personal t\u00e9cnico de la instituci\u00f3n.<\/p>\n\n\n\n<p>Esta herramienta inform\u00e1tica cuenta con un potente buscador en el que se puede recabar informaci\u00f3n por municipios o denominaci\u00f3n de carreteras, entre otros datos. Asimismo, entre sus funcionalidades incluye la posibilidad de mostrar cartograf\u00eda del catastro o del ICV, as\u00ed como ortofotos de la provincia.<\/p>\n\n\n\n<p>La diputada de Carreteras y vicepresidenta segunda de la Diputaci\u00f3, Reme Mazzolari, afirma que \u201cuna de las respuestas que debemos dar las instituciones en situaciones de crisis es el acceso a informaci\u00f3n de servicio actualizada\u201d, y recuerda que \u201cson muchas las carreteras sobre las que la Diputaci\u00f3 est\u00e1 trabajando desde el minuto uno, por lo que es fundamental conocer el estado real de la red\u201d.<\/p>\n\n\n\n<p>Asimismo, Mazzolari ha querido hacer un llamamiento para que \u201clos vecinos eviten cuando sea posible desplazamientos por las zonas donde est\u00e1n trabajando las m\u00e1quinas, y en las zonas de obras donde no se haya cortado la v\u00eda, extremen las precauciones para no comprometer la seguridad tanto de los propios conductores como de los trabajadores\u201d.&nbsp;<\/p>\n\n\n\n<p><strong>Contratos urgentes de reparaci\u00f3n y de reconstrucci\u00f3n<\/strong><\/p>\n\n\n\n<p>El presidente de la Diputaci\u00f3, Vicent Momp\u00f3 activ\u00f3 el pasado 31 de octubre el procedimiento de emergencia para comenzar los trabajos de reparaci\u00f3n de las carreteras afectadas por la DANA en cinco de las seis demarcaciones en que se organiza la gesti\u00f3n de la red provincial.<\/p>\n\n\n\n<p>Esto posibilit\u00f3 adjudicar por v\u00eda de urgencia los contratos con cinco empresas que trabajan ya sobre el terreno, bajo la supervisi\u00f3n del personal t\u00e9cnico del \u00e1rea de Carreteras responsable de cada demarcaci\u00f3n.<\/p>\n\n\n\n<p>Tambi\u00e9n el procedimiento extraordinario de emergencia permitir\u00e1 el inminente inicio de la reconstrucci\u00f3n de 26 puentes seleccionados para una primera intervenci\u00f3n urgente por su valor estrat\u00e9gico, ya que se trata de infraestructuras que posibilitan el acceso a n\u00facleos principales de poblaci\u00f3n.<\/p>\n\n\n\n<p>De manera paralela, la diputada de Carreteras ha anunciado que \u201cse han establecido contactos para solicitar que la Unidad Militar de Emergencias (UME) construya puentes provisionales sobre la CV-378 en Cheste y sobre la CV-336 en el t\u00e9rmino de Riba-Roja de T\u00faria, as\u00ed como para el estudio de la ejecuci\u00f3n de puentes provisionales en otros emplazamientos donde sea posible\u201d.<\/p>\n\n\n\n<figure class=\"wp-block-image size-large\"><img loading=\"lazy\" decoding=\"async\" width=\"1024\" height=\"519\" src=\"https:\/\/www.tucomarca.com\/wordpress\/segunda\/wp-content\/uploads\/2024\/11\/DanaVisorDiputacio-1024x519.png\" alt=\"\" class=\"wp-image-244295\" srcset=\"https:\/\/www.tucomarca.com\/wordpress\/segunda\/wp-content\/uploads\/2024\/11\/DanaVisorDiputacio-1024x519.png 1024w, https:\/\/www.tucomarca.com\/wordpress\/segunda\/wp-content\/uploads\/2024\/11\/DanaVisorDiputacio-300x152.png 300w, https:\/\/www.tucomarca.com\/wordpress\/segunda\/wp-content\/uploads\/2024\/11\/DanaVisorDiputacio-768x389.png 768w, https:\/\/www.tucomarca.com\/wordpress\/segunda\/wp-content\/uploads\/2024\/11\/DanaVisorDiputacio-1536x778.png 1536w, https:\/\/www.tucomarca.com\/wordpress\/segunda\/wp-content\/uploads\/2024\/11\/DanaVisorDiputacio.png 1693w\" sizes=\"auto, (max-width: 1024px) 100vw, 1024px\" \/><\/figure>\n","protected":false},"excerpt":{"rendered":"<div class=\"mh-excerpt\">La p\u00e1gina de inicio del portal web de la instituci\u00f3n provincial (www.dival.es) incluye ya un banner que dirige a un mapa que muestra las v\u00edas cortadas y permite hacer b\u00fasquedas por municipio o denominaci\u00f3n de <a class=\"mh-excerpt-more\" href=\"https:\/\/www.tucomarca.com\/wordpress\/segunda\/la-diputacio-de-valencia-habilita-un-visor-cartografico-para-consultar-en-tiempo-real-el-estado-de-las-carreteras-provinciales\/\" title=\"La Diputaci\u00f3 de Val\u00e8ncia habilita un visor cartogr\u00e1fico para consultar en tiempo real el estado de las carreteras provinciales\">[+] <\/a><\/div>\n","protected":false},"author":13,"featured_media":244297,"comment_status":"open","ping_status":"open","sticky":false,"template":"","format":"standard","meta":{"footnotes":""},"categories":[21465,128,8,72,117,142,3,116,45],"tags":[12831,10412,2142,20938,21083],"class_list":{"0":"post-244294","1":"post","2":"type-post","3":"status-publish","4":"format-standard","5":"has-post-thumbnail","7":"category-dana","8":"category-infraestructuras","9":"category-la-comarca","10":"category-sin-categorizar","11":"category-medio-ambiente-la-comarca","12":"category-politica-la-comarca","13":"category-seccion","14":"category-sucesos-la-comarca","15":"category-ventana","16":"tag-dana-2","17":"tag-infraestructuras","18":"tag-la-comunitat","19":"tag-la-diputacio-de-valencia","20":"tag-la-diputacio-en-las-comarcas"},"_links":{"self":[{"href":"https:\/\/www.tucomarca.com\/wordpress\/segunda\/wp-json\/wp\/v2\/posts\/244294","targetHints":{"allow":["GET"]}}],"collection":[{"href":"https:\/\/www.tucomarca.com\/wordpress\/segunda\/wp-json\/wp\/v2\/posts"}],"about":[{"href":"https:\/\/www.tucomarca.com\/wordpress\/segunda\/wp-json\/wp\/v2\/types\/post"}],"author":[{"embeddable":true,"href":"https:\/\/www.tucomarca.com\/wordpress\/segunda\/wp-json\/wp\/v2\/users\/13"}],"replies":[{"embeddable":true,"href":"https:\/\/www.tucomarca.com\/wordpress\/segunda\/wp-json\/wp\/v2\/comments?post=244294"}],"version-history":[{"count":0,"href":"https:\/\/www.tucomarca.com\/wordpress\/segunda\/wp-json\/wp\/v2\/posts\/244294\/revisions"}],"wp:featuredmedia":[{"embeddable":true,"href":"https:\/\/www.tucomarca.com\/wordpress\/segunda\/wp-json\/wp\/v2\/media\/244297"}],"wp:attachment":[{"href":"https:\/\/www.tucomarca.com\/wordpress\/segunda\/wp-json\/wp\/v2\/media?parent=244294"}],"wp:term":[{"taxonomy":"category","embeddable":true,"href":"https:\/\/www.tucomarca.com\/wordpress\/segunda\/wp-json\/wp\/v2\/categories?post=244294"},{"taxonomy":"post_tag","embeddable":true,"href":"https:\/\/www.tucomarca.com\/wordpress\/segunda\/wp-json\/wp\/v2\/tags?post=244294"}],"curies":[{"name":"wp","href":"https:\/\/api.w.org\/{rel}","templated":true}]}}