{"id":244437,"date":"2024-11-08T13:00:00","date_gmt":"2024-11-08T11:00:00","guid":{"rendered":"https:\/\/www.tucomarca.com\/wordpress\/segunda\/?p=244437"},"modified":"2024-11-08T22:29:53","modified_gmt":"2024-11-08T20:29:53","slug":"la-unio-ofrece-las-casas-de-temporeros-del-tollo-y-casas-de-utiel-para-alojar-a-las-personas-afectadas-por-la-dana-en-utiel","status":"publish","type":"post","link":"https:\/\/www.tucomarca.com\/wordpress\/segunda\/la-unio-ofrece-las-casas-de-temporeros-del-tollo-y-casas-de-utiel-para-alojar-a-las-personas-afectadas-por-la-dana-en-utiel\/","title":{"rendered":"La Uni\u00f3 ofrece las casas de temporeros del Tollo y Casas de Utiel para alojar a las personas afectadas por la DANA en Utiel"},"content":{"rendered":"\n<h3 class=\"wp-block-heading\">La organizaci\u00f3n tambi\u00e9n ha lanzado esta semana una campa\u00f1a de recogida de donaciones.<\/h3>\n\n\n\n<p>La Uni\u00f3 Llauradora ha ofrecido al Ayuntamiento de Utiel las casas para temporeros que posee en El Tollo (Utiel) y en Casas de Utiel para acoger a las personas afectadas por la DANA que se han quedado sin vivienda.<br>En estas viviendas, que cuentan con varias casas independientes, y que se utilizan para alojar a los trabajadores temporeros durante la campa\u00f1a de la vendimia, podr\u00edan instalarse varias familias enteras con ni\u00f1os y est\u00e1n acondicionadas para vivir en su interior.<br>La organizaci\u00f3n tambi\u00e9n ha lanzado esta semana una campa\u00f1a de recogida de donaciones para que las personas agricultoras y ganaderas afectadas por la DANA puedan recuperarse y seguir adelante con sus explotaciones agrarias.<br>Para ello ha habilitado una cuenta corriente solidaria de Caixa Popular: ES2931590079132531713424 para que se puedan realizar estas donaciones mediante transferencia bancaria y, para facilitar la ayuda, tambi\u00e9n un n\u00famero de Bizum asociado a esta: 10519.<br>La Uni\u00f3 recuerda que la DANA tambi\u00e9n ha devastado campos y granjas de numerosos agricultores y ganaderos, dej\u00e1ndolos sin cosechas, sin cultivos, con maquinaria da\u00f1ada e infraestructuras totalmente destrozadas. Las p\u00e9rdidas iniciales estimadas son superiores a los 800 millones de euros.<br>Paralelamente, La Uni\u00f3 contin\u00faa colaborando con tractores y palas de sus personas asociadas y de otras comunidades aut\u00f3nomas en diversas zonas afectadas por la DANA para ayudar en todas aquellas tareas en la que se les requiere, como es por ejemplo quitar el barro y apartar coches para despejar calles y carreteras. Una parte de las donaciones ir\u00e1 as\u00ed mismo destinada a sufragar los gastos del gas\u00f3leo empleado por los tractoristas en esta labor.<br>La organizaci\u00f3n ha puesto as\u00ed a disposici\u00f3n de Administraciones, Ayuntamientos y personas afectadas todos los medios a su alcance para colaborar en la medida de sus posibilidades en la minimizaci\u00f3n de los da\u00f1os de esta cat\u00e1strofe.<br>Los agricultores y ganaderos de la Comunitat Valenciana que no se han visto afectados siguen cumpliendo con su principal responsabilidad que no es otra que proporcionar alimentos sanos, de calidad y de proximidad a toda la sociedad y conf\u00eda La Uni\u00f3 en que ese reconocimiento social de su labor no se olvide despu\u00e9s.<br>La organizaci\u00f3n espera que las distintas Administraciones est\u00e9n a la altura de la magnitud del desastre que ha causado este fuerte temporal de lluvias para que los agricultores y ganaderos de la Comunitat Valenciana afectados puedan ver as\u00ed compensadas en parte los da\u00f1os sufridos.<\/p>\n\n\n\n<figure class=\"wp-block-gallery has-nested-images columns-1 is-cropped wp-block-gallery-1 is-layout-flex wp-block-gallery-is-layout-flex\">\n<figure class=\"wp-block-image size-large\"><img loading=\"lazy\" decoding=\"async\" width=\"1024\" height=\"768\" data-id=\"244443\" src=\"https:\/\/www.tucomarca.com\/wordpress\/segunda\/wp-content\/uploads\/2024\/11\/UnioTollo-Utiel-1024x768.jpg\" alt=\"\" class=\"wp-image-244443\" srcset=\"https:\/\/www.tucomarca.com\/wordpress\/segunda\/wp-content\/uploads\/2024\/11\/UnioTollo-Utiel-1024x768.jpg 1024w, https:\/\/www.tucomarca.com\/wordpress\/segunda\/wp-content\/uploads\/2024\/11\/UnioTollo-Utiel-300x225.jpg 300w, https:\/\/www.tucomarca.com\/wordpress\/segunda\/wp-content\/uploads\/2024\/11\/UnioTollo-Utiel-768x576.jpg 768w, https:\/\/www.tucomarca.com\/wordpress\/segunda\/wp-content\/uploads\/2024\/11\/UnioTollo-Utiel-1536x1152.jpg 1536w, https:\/\/www.tucomarca.com\/wordpress\/segunda\/wp-content\/uploads\/2024\/11\/UnioTollo-Utiel-678x509.jpg 678w, https:\/\/www.tucomarca.com\/wordpress\/segunda\/wp-content\/uploads\/2024\/11\/UnioTollo-Utiel-326x245.jpg 326w, https:\/\/www.tucomarca.com\/wordpress\/segunda\/wp-content\/uploads\/2024\/11\/UnioTollo-Utiel-80x60.jpg 80w, https:\/\/www.tucomarca.com\/wordpress\/segunda\/wp-content\/uploads\/2024\/11\/UnioTollo-Utiel.jpg 1600w\" sizes=\"auto, (max-width: 1024px) 100vw, 1024px\" \/><\/figure>\n\n\n\n<figure class=\"wp-block-image size-large\"><img loading=\"lazy\" decoding=\"async\" width=\"768\" height=\"1024\" data-id=\"244441\" src=\"https:\/\/www.tucomarca.com\/wordpress\/segunda\/wp-content\/uploads\/2024\/11\/UnioCasasTolloUtiel-768x1024.jpg\" alt=\"\" class=\"wp-image-244441\" srcset=\"https:\/\/www.tucomarca.com\/wordpress\/segunda\/wp-content\/uploads\/2024\/11\/UnioCasasTolloUtiel-768x1024.jpg 768w, https:\/\/www.tucomarca.com\/wordpress\/segunda\/wp-content\/uploads\/2024\/11\/UnioCasasTolloUtiel-225x300.jpg 225w, https:\/\/www.tucomarca.com\/wordpress\/segunda\/wp-content\/uploads\/2024\/11\/UnioCasasTolloUtiel-1152x1536.jpg 1152w, https:\/\/www.tucomarca.com\/wordpress\/segunda\/wp-content\/uploads\/2024\/11\/UnioCasasTolloUtiel-1536x2048.jpg 1536w, https:\/\/www.tucomarca.com\/wordpress\/segunda\/wp-content\/uploads\/2024\/11\/UnioCasasTolloUtiel-scaled.jpg 1920w\" sizes=\"auto, (max-width: 768px) 100vw, 768px\" \/><\/figure>\n<\/figure>\n","protected":false},"excerpt":{"rendered":"<div class=\"mh-excerpt\">La organizaci\u00f3n tambi\u00e9n ha lanzado esta semana una campa\u00f1a de recogida de donaciones. La Uni\u00f3 Llauradora ha ofrecido al Ayuntamiento de Utiel las casas para temporeros que posee en El Tollo (Utiel) y en Casas <a class=\"mh-excerpt-more\" href=\"https:\/\/www.tucomarca.com\/wordpress\/segunda\/la-unio-ofrece-las-casas-de-temporeros-del-tollo-y-casas-de-utiel-para-alojar-a-las-personas-afectadas-por-la-dana-en-utiel\/\" title=\"La Uni\u00f3 ofrece las casas de temporeros del Tollo y Casas de Utiel para alojar a las personas afectadas por la DANA en Utiel\">[+] <\/a><\/div>\n","protected":false},"author":12,"featured_media":244439,"comment_status":"open","ping_status":"open","sticky":false,"template":"","format":"gallery","meta":{"footnotes":""},"categories":[21465,128,8,72,142,27,3,116,29,45],"tags":[12831,18020,10387,10389],"class_list":{"0":"post-244437","1":"post","2":"type-post","3":"status-publish","4":"format-gallery","5":"has-post-thumbnail","7":"category-dana","8":"category-infraestructuras","9":"category-la-comarca","10":"category-sin-categorizar","11":"category-politica-la-comarca","12":"category-requena-utiel","13":"category-seccion","14":"category-sucesos-la-comarca","15":"category-utiel","16":"category-ventana","17":"tag-dana-2","18":"tag-la-unio-llauradora","19":"tag-requena-utiel","20":"tag-utiel","21":"post_format-post-format-gallery"},"_links":{"self":[{"href":"https:\/\/www.tucomarca.com\/wordpress\/segunda\/wp-json\/wp\/v2\/posts\/244437","targetHints":{"allow":["GET"]}}],"collection":[{"href":"https:\/\/www.tucomarca.com\/wordpress\/segunda\/wp-json\/wp\/v2\/posts"}],"about":[{"href":"https:\/\/www.tucomarca.com\/wordpress\/segunda\/wp-json\/wp\/v2\/types\/post"}],"author":[{"embeddable":true,"href":"https:\/\/www.tucomarca.com\/wordpress\/segunda\/wp-json\/wp\/v2\/users\/12"}],"replies":[{"embeddable":true,"href":"https:\/\/www.tucomarca.com\/wordpress\/segunda\/wp-json\/wp\/v2\/comments?post=244437"}],"version-history":[{"count":0,"href":"https:\/\/www.tucomarca.com\/wordpress\/segunda\/wp-json\/wp\/v2\/posts\/244437\/revisions"}],"wp:featuredmedia":[{"embeddable":true,"href":"https:\/\/www.tucomarca.com\/wordpress\/segunda\/wp-json\/wp\/v2\/media\/244439"}],"wp:attachment":[{"href":"https:\/\/www.tucomarca.com\/wordpress\/segunda\/wp-json\/wp\/v2\/media?parent=244437"}],"wp:term":[{"taxonomy":"category","embeddable":true,"href":"https:\/\/www.tucomarca.com\/wordpress\/segunda\/wp-json\/wp\/v2\/categories?post=244437"},{"taxonomy":"post_tag","embeddable":true,"href":"https:\/\/www.tucomarca.com\/wordpress\/segunda\/wp-json\/wp\/v2\/tags?post=244437"}],"curies":[{"name":"wp","href":"https:\/\/api.w.org\/{rel}","templated":true}]}}