{"id":244545,"date":"2024-11-10T10:00:00","date_gmt":"2024-11-10T08:00:00","guid":{"rendered":"https:\/\/www.tucomarca.com\/wordpress\/segunda\/?p=244545"},"modified":"2024-11-11T12:01:43","modified_gmt":"2024-11-11T10:01:43","slug":"el-consell-desarrollara-junto-al-sector-un-plan-de-reconstruccion-comercial-para-los-municipios-afectados-por-la-dana","status":"publish","type":"post","link":"https:\/\/www.tucomarca.com\/wordpress\/segunda\/el-consell-desarrollara-junto-al-sector-un-plan-de-reconstruccion-comercial-para-los-municipios-afectados-por-la-dana\/","title":{"rendered":"El Consell desarrollar\u00e1 junto al sector un plan de reconstrucci\u00f3n comercial para los municipios afectados por la DANA"},"content":{"rendered":"\n<h3 class=\"wp-block-heading\"><strong>Co<\/strong>mercio y Consumo recoge las reivindicaciones de comerciantes, consumidores y sindicatos en un Observatorio de Comercio.<\/h3>\n\n\n\n<h3 class=\"wp-block-heading\">El Centro de Artesan\u00eda su apoyo a las empresas del sector con problemas y ha abierto un espacio en su web con toda la informaci\u00f3n sobre ayudas.<\/h3>\n\n\n\n<p>La Conselleria de Innovaci\u00f3n, Industria, Comercio y Turismo, dirigida por Nuria Montes, ha iniciado ya los trabajos para desarrollar un plan de reconstrucci\u00f3n comercial en los municipios afectados por la DANA.&nbsp;<\/p>\n\n\n\n<p>El pasado viernes se reuni\u00f3 de manera extraordinaria el Observatorio de Comercio, en el que la directora general de Comercio, Artesan\u00eda y Consumo, Maribel S\u00e1ez, escuch\u00f3 las reivindicaciones de asociaciones, agentes comerciales, consumidores y sindicatos respecto a la necesidad de idear un proyecto de reconstrucci\u00f3n desde la Conselleria para paliar las consecuencias econ\u00f3micas de las inundaciones.<\/p>\n\n\n\n<p>Este nuevo plan se articular\u00e1 en varios ejes que servir\u00e1n para desarrollar las distintas ayudas a los damnificados, articular\u00e1 mecanismos de asesoramiento personal y gesti\u00f3n de las reclamaciones por parte de los consumidores e impulsar\u00e1 las posteriores campa\u00f1as de promoci\u00f3n del comercio local.&nbsp;<\/p>\n\n\n\n<p>Tambi\u00e9n se prev\u00e9 la elaboraci\u00f3n y aprobaci\u00f3n de un Decreto Ley de las materias de Conselleria que regule aspectos como subvenciones, as\u00ed como articular ayudas extraordinarias a empresas y ayuntamientos de la zona.&nbsp;<\/p>\n\n\n\n<p><strong>Centro de Artesan\u00eda<\/strong><\/p>\n\n\n\n<p>Por otra parte, el Centro de Artesan\u00eda de la Comunitat Valenciana, dependiente de la Conselleria, se ha puesto en marcha para ayudar a todo el sector que haya podido ser afectado por la DANA.<\/p>\n\n\n\n<p>En primer lugar, el centro ha contactado con los gremios y asociaciones del sector, para que hagan llegar una primera evaluaci\u00f3n y le trasladen las necesidades de los artesanos de las zonas m\u00e1s afectadas, as\u00ed como las medidas que estiman necesarias, tanto a corto como a medio plazo, para ayudar al mantenimiento del empleo y de la actividad en el sector.<br>Adem\u00e1s, por indicaci\u00f3n de la directora general, el centro tambi\u00e9n prestar\u00e1 apoyo a las empresas artesanas que se han visto afectadas, informando y asesorando en la gesti\u00f3n de las ayudas que las distintas administraciones est\u00e1n poniendo en marcha y en particular sobre las espec\u00edficamente dirigidas para el sector a trav\u00e9s de esa direcci\u00f3n general.<\/p>\n\n\n\n<p>En este sentido, el centro ya ha abierto un espacio espec\u00edfico en la p\u00e1gina web&nbsp;<a href=\"https:\/\/www.centroartesaniacv.com\/?acceso=publico&amp;menu=actividades&amp;submenu=actividades&amp;idactividad=356\" target=\"_blank\" rel=\"noreferrer noopener\">Centro Artesan\u00eda Comunitat Valenciana<\/a>&nbsp;en donde se va actualizando toda la informaci\u00f3n relacionada con ayudas oficiales y campa\u00f1as solidarias de recaudaci\u00f3n de recursos econ\u00f3micos y materiales. &nbsp;<\/p>\n\n\n\n<p>El sector artesano de la Comunitat Valenciana ha sido duramente golpeado por la DANA ya que las inundaciones se han concentrado en localidades con un amplio tejido artesanal, como Aldaia, centro neur\u00e1lgico de la tradici\u00f3n del abanico.<\/p>\n","protected":false},"excerpt":{"rendered":"<div class=\"mh-excerpt\">Comercio y Consumo recoge las reivindicaciones de comerciantes, consumidores y sindicatos en un Observatorio de Comercio. El Centro de Artesan\u00eda su apoyo a las empresas del sector con problemas y ha abierto un espacio en <a class=\"mh-excerpt-more\" href=\"https:\/\/www.tucomarca.com\/wordpress\/segunda\/el-consell-desarrollara-junto-al-sector-un-plan-de-reconstruccion-comercial-para-los-municipios-afectados-por-la-dana\/\" title=\"El Consell desarrollar\u00e1 junto al sector un plan de reconstrucci\u00f3n comercial para los municipios afectados por la DANA\">[+] <\/a><\/div>\n","protected":false},"author":12,"featured_media":244547,"comment_status":"open","ping_status":"open","sticky":false,"template":"","format":"standard","meta":{"footnotes":""},"categories":[46,21465,128,8,72,42,117,142,27,3,116,45],"tags":[10395,21502,12831,10716,5952,21503,10387],"class_list":{"0":"post-244545","1":"post","2":"type-post","3":"status-publish","4":"format-standard","5":"has-post-thumbnail","7":"category-camp-de-turia","8":"category-dana","9":"category-infraestructuras","10":"category-la-comarca","11":"category-sin-categorizar","12":"category-la-ribera","13":"category-medio-ambiente-la-comarca","14":"category-politica-la-comarca","15":"category-requena-utiel","16":"category-seccion","17":"category-sucesos-la-comarca","18":"category-ventana","19":"tag-camp-de-turia","20":"tag-conselleria-de-comercio-y-consumo","21":"tag-dana-2","22":"tag-generalitat-valenciana","23":"tag-la-hoya-de-bunol-chiva","24":"tag-plan-de-reconstruccion","25":"tag-requena-utiel"},"_links":{"self":[{"href":"https:\/\/www.tucomarca.com\/wordpress\/segunda\/wp-json\/wp\/v2\/posts\/244545","targetHints":{"allow":["GET"]}}],"collection":[{"href":"https:\/\/www.tucomarca.com\/wordpress\/segunda\/wp-json\/wp\/v2\/posts"}],"about":[{"href":"https:\/\/www.tucomarca.com\/wordpress\/segunda\/wp-json\/wp\/v2\/types\/post"}],"author":[{"embeddable":true,"href":"https:\/\/www.tucomarca.com\/wordpress\/segunda\/wp-json\/wp\/v2\/users\/12"}],"replies":[{"embeddable":true,"href":"https:\/\/www.tucomarca.com\/wordpress\/segunda\/wp-json\/wp\/v2\/comments?post=244545"}],"version-history":[{"count":0,"href":"https:\/\/www.tucomarca.com\/wordpress\/segunda\/wp-json\/wp\/v2\/posts\/244545\/revisions"}],"wp:featuredmedia":[{"embeddable":true,"href":"https:\/\/www.tucomarca.com\/wordpress\/segunda\/wp-json\/wp\/v2\/media\/244547"}],"wp:attachment":[{"href":"https:\/\/www.tucomarca.com\/wordpress\/segunda\/wp-json\/wp\/v2\/media?parent=244545"}],"wp:term":[{"taxonomy":"category","embeddable":true,"href":"https:\/\/www.tucomarca.com\/wordpress\/segunda\/wp-json\/wp\/v2\/categories?post=244545"},{"taxonomy":"post_tag","embeddable":true,"href":"https:\/\/www.tucomarca.com\/wordpress\/segunda\/wp-json\/wp\/v2\/tags?post=244545"}],"curies":[{"name":"wp","href":"https:\/\/api.w.org\/{rel}","templated":true}]}}