{"id":244612,"date":"2024-11-11T08:45:00","date_gmt":"2024-11-11T06:45:00","guid":{"rendered":"https:\/\/www.tucomarca.com\/wordpress\/segunda\/?p=244612"},"modified":"2024-11-11T19:47:49","modified_gmt":"2024-11-11T17:47:49","slug":"cuarenta-y-siete-centros-educativos-de-la-zona-afectada-por-la-dana-retoman-su-actividad-este-lunes","status":"publish","type":"post","link":"https:\/\/www.tucomarca.com\/wordpress\/segunda\/cuarenta-y-siete-centros-educativos-de-la-zona-afectada-por-la-dana-retoman-su-actividad-este-lunes\/","title":{"rendered":"Cuarenta y siete centros educativos de la zona afectada por la DANA retoman su actividad este lunes"},"content":{"rendered":"\n<h3 class=\"wp-block-heading\">El CEIP Blasco Ib\u00e1\u00f1ez de Benet\u00fasser y el CEIP Batallar de l\u2019Alcudia pasan a tener entrada de alumnado progresiva tras comunicarlo los consistorios.<\/h3>\n\n\n\n<h3 class=\"wp-block-heading\">Una vez comunicados a la Conselleria los dos \u00fanicos cambios, se ha procedido esta tarde a una actualizaci\u00f3n de los anexos I (inicio de las clases el lunes 11) y II (entrada progresiva del alumnado) de la circular 3\/2024 emitida el pasado viernes.<\/h3>\n\n\n\n<p>Los centros educativos de la zona afectada por la DANA en la provincia de Valencia que retoman la actividad este lunes ser\u00e1n 47 tras la \u00faltima actualizaci\u00f3n con los Ayuntamientos.&nbsp;<\/p>\n\n\n\n<p>As\u00ed, el CEIP Blasco Ib\u00e1\u00f1ez de Benet\u00fasser y el CEIP Batallar de l\u2019Alcudia pasan a tener entrada de alumnado progresiva tras comunicarlo los consistorios, a falta de peque\u00f1as actuaciones que ser\u00e1n solventadas en breve.&nbsp;<\/p>\n\n\n\n<p>El resto de centros de Alaqu\u00e0s, Aldaia, Algemes\u00ed, Alginet, Cheste, Dos Aguas, Godelleta, l\u2019Alcudia, Montroi, Siete Aguas, Torrent, Utiel y Y\u00e1tova, as\u00ed como las pedan\u00edas de Valencia mantienen su apertura como estaba anunciada. En algunos casos ya se retom\u00f3 la actividad a finales de la semana pasada.&nbsp;<\/p>\n\n\n\n<p>Una vez comunicados a la Conselleria los dos \u00fanicos cambios, se ha procedido esta tarde a una actualizaci\u00f3n de los anexos I (inicio de las clases el lunes 11) y II (entrada progresiva del alumnado) de la circular 3\/2024 emitida el pasado viernes.&nbsp;<\/p>\n\n\n\n<p>La nueva circular y sus anexos se pueden<a href=\"https:\/\/ceice.gva.es\/documents\/161634256\/387453799\/CIRCULAR+3+DANA-actualizado.pdf\/86d7ba17-de9f-e6de-bb43-d9e062e6dbb7?t=1731269323539\">&nbsp;consultar aqu\u00ed<\/a><\/p>\n\n\n\n<figure class=\"wp-block-image size-full\"><img loading=\"lazy\" decoding=\"async\" width=\"1024\" height=\"768\" src=\"https:\/\/www.tucomarca.com\/wordpress\/segunda\/wp-content\/uploads\/2019\/02\/GinerRiosCheste.jpg\" alt=\"Colegio Giner de los Rios de Cheste.\" class=\"wp-image-82000\" srcset=\"https:\/\/www.tucomarca.com\/wordpress\/segunda\/wp-content\/uploads\/2019\/02\/GinerRiosCheste.jpg 1024w, https:\/\/www.tucomarca.com\/wordpress\/segunda\/wp-content\/uploads\/2019\/02\/GinerRiosCheste-300x225.jpg 300w, https:\/\/www.tucomarca.com\/wordpress\/segunda\/wp-content\/uploads\/2019\/02\/GinerRiosCheste-768x576.jpg 768w\" sizes=\"auto, (max-width: 1024px) 100vw, 1024px\" \/><figcaption class=\"wp-element-caption\">Colegio Giner de los Rios de Cheste.<\/figcaption><\/figure>\n","protected":false},"excerpt":{"rendered":"<div class=\"mh-excerpt\">El CEIP Blasco Ib\u00e1\u00f1ez de Benet\u00fasser y el CEIP Batallar de l\u2019Alcudia pasan a tener entrada de alumnado progresiva tras comunicarlo los consistorios. Una vez comunicados a la Conselleria los dos \u00fanicos cambios, se ha <a class=\"mh-excerpt-more\" href=\"https:\/\/www.tucomarca.com\/wordpress\/segunda\/cuarenta-y-siete-centros-educativos-de-la-zona-afectada-por-la-dana-retoman-su-actividad-este-lunes\/\" title=\"Cuarenta y siete centros educativos de la zona afectada por la DANA retoman su actividad este lunes\">[+] <\/a><\/div>\n","protected":false},"author":12,"featured_media":148060,"comment_status":"open","ping_status":"open","sticky":false,"template":"","format":"standard","meta":{"footnotes":""},"categories":[99,17,21465,15,14,128,292,8,72,10,42,160,7,142,27,3,12,116,29,45,11],"tags":[12512,12831,5952,10387,1407],"class_list":{"0":"post-244612","1":"post","2":"type-post","3":"status-publish","4":"format-standard","5":"has-post-thumbnail","7":"category-algemesi","8":"category-cheste","9":"category-dana","10":"category-dos-aguas","11":"category-godelleta","12":"category-infraestructuras","13":"category-lalcudia","14":"category-la-comarca","15":"category-sin-categorizar","16":"category-la-hoya","17":"category-la-ribera","18":"category-montroi","19":"category-ocio-y-cultura","20":"category-politica-la-comarca","21":"category-requena-utiel","22":"category-seccion","23":"category-siete-aguas","24":"category-sucesos-la-comarca","25":"category-utiel","26":"category-ventana","27":"category-yatova","28":"tag-conselleria-deducacio","29":"tag-dana-2","30":"tag-la-hoya-de-bunol-chiva","31":"tag-requena-utiel","32":"tag-ribera-alta"},"_links":{"self":[{"href":"https:\/\/www.tucomarca.com\/wordpress\/segunda\/wp-json\/wp\/v2\/posts\/244612","targetHints":{"allow":["GET"]}}],"collection":[{"href":"https:\/\/www.tucomarca.com\/wordpress\/segunda\/wp-json\/wp\/v2\/posts"}],"about":[{"href":"https:\/\/www.tucomarca.com\/wordpress\/segunda\/wp-json\/wp\/v2\/types\/post"}],"author":[{"embeddable":true,"href":"https:\/\/www.tucomarca.com\/wordpress\/segunda\/wp-json\/wp\/v2\/users\/12"}],"replies":[{"embeddable":true,"href":"https:\/\/www.tucomarca.com\/wordpress\/segunda\/wp-json\/wp\/v2\/comments?post=244612"}],"version-history":[{"count":0,"href":"https:\/\/www.tucomarca.com\/wordpress\/segunda\/wp-json\/wp\/v2\/posts\/244612\/revisions"}],"wp:featuredmedia":[{"embeddable":true,"href":"https:\/\/www.tucomarca.com\/wordpress\/segunda\/wp-json\/wp\/v2\/media\/148060"}],"wp:attachment":[{"href":"https:\/\/www.tucomarca.com\/wordpress\/segunda\/wp-json\/wp\/v2\/media?parent=244612"}],"wp:term":[{"taxonomy":"category","embeddable":true,"href":"https:\/\/www.tucomarca.com\/wordpress\/segunda\/wp-json\/wp\/v2\/categories?post=244612"},{"taxonomy":"post_tag","embeddable":true,"href":"https:\/\/www.tucomarca.com\/wordpress\/segunda\/wp-json\/wp\/v2\/tags?post=244612"}],"curies":[{"name":"wp","href":"https:\/\/api.w.org\/{rel}","templated":true}]}}