{"id":244624,"date":"2024-11-11T08:45:00","date_gmt":"2024-11-11T06:45:00","guid":{"rendered":"https:\/\/www.tucomarca.com\/wordpress\/segunda\/?p=244624"},"modified":"2024-11-11T20:08:31","modified_gmt":"2024-11-11T18:08:31","slug":"aplazada-la-entrega-de-los-premios-de-la-mancomunidad-hoya-de-bunol-chiva","status":"publish","type":"post","link":"https:\/\/www.tucomarca.com\/wordpress\/segunda\/aplazada-la-entrega-de-los-premios-de-la-mancomunidad-hoya-de-bunol-chiva\/","title":{"rendered":"Aplazada la entrega de los premios de la Mancomunidad Hoya de Bu\u00f1ol-Chiva"},"content":{"rendered":"\n<p>La Mancomunidad Hoya de Bu\u00f1ol Chiva aplaza el acto de entrega de los galardones entregados por esta entidad en su tercera edici\u00f3n en se\u00f1al de respeto tras los terribles sucesos vividos por la provincia tras el paso de la DANA.<\/p>\n\n\n\n<p>Los galardones que deb\u00edan ser otorgados durante el pr\u00f3ximo mes de diciembre reconocen el esfuerzo de personas o entidades y premian la labor social, cient\u00edfica, deportiva, o de cualquier otro tipo, que aporten un impacto muy positivo en la sociedad en la comarca.<\/p>\n\n\n\n<p>La nueva fecha de entrega ser\u00e1 anunciada debidamente una vez, los municipios afectados recuperen una cierta normalidad.<\/p>\n","protected":false},"excerpt":{"rendered":"<div class=\"mh-excerpt\">La Mancomunidad Hoya de Bu\u00f1ol Chiva aplaza el acto de entrega de los galardones entregados por esta entidad en su tercera edici\u00f3n en se\u00f1al de respeto tras los terribles sucesos vividos por la provincia tras <a class=\"mh-excerpt-more\" href=\"https:\/\/www.tucomarca.com\/wordpress\/segunda\/aplazada-la-entrega-de-los-premios-de-la-mancomunidad-hoya-de-bunol-chiva\/\" title=\"Aplazada la entrega de los premios de la Mancomunidad Hoya de Bu\u00f1ol-Chiva\">[+] <\/a><\/div>\n","protected":false},"author":13,"featured_media":244625,"comment_status":"open","ping_status":"open","sticky":false,"template":"","format":"standard","meta":{"footnotes":""},"categories":[4,19,18,17,16,21465,15,14,128,8,72,10,13,7,142,3,12,11],"tags":[12831,2142,5952,15855],"class_list":{"0":"post-244624","1":"post","2":"type-post","3":"status-publish","4":"format-standard","5":"has-post-thumbnail","7":"category-agenda","8":"category-alborache","9":"category-bunol","10":"category-cheste","11":"category-chiva","12":"category-dana","13":"category-dos-aguas","14":"category-godelleta","15":"category-infraestructuras","16":"category-la-comarca","17":"category-sin-categorizar","18":"category-la-hoya","19":"category-macastre","20":"category-ocio-y-cultura","21":"category-politica-la-comarca","22":"category-seccion","23":"category-siete-aguas","24":"category-yatova","25":"tag-dana-2","26":"tag-la-comunitat","27":"tag-la-hoya-de-bunol-chiva","28":"tag-ocio-y-cultura"},"_links":{"self":[{"href":"https:\/\/www.tucomarca.com\/wordpress\/segunda\/wp-json\/wp\/v2\/posts\/244624","targetHints":{"allow":["GET"]}}],"collection":[{"href":"https:\/\/www.tucomarca.com\/wordpress\/segunda\/wp-json\/wp\/v2\/posts"}],"about":[{"href":"https:\/\/www.tucomarca.com\/wordpress\/segunda\/wp-json\/wp\/v2\/types\/post"}],"author":[{"embeddable":true,"href":"https:\/\/www.tucomarca.com\/wordpress\/segunda\/wp-json\/wp\/v2\/users\/13"}],"replies":[{"embeddable":true,"href":"https:\/\/www.tucomarca.com\/wordpress\/segunda\/wp-json\/wp\/v2\/comments?post=244624"}],"version-history":[{"count":0,"href":"https:\/\/www.tucomarca.com\/wordpress\/segunda\/wp-json\/wp\/v2\/posts\/244624\/revisions"}],"wp:featuredmedia":[{"embeddable":true,"href":"https:\/\/www.tucomarca.com\/wordpress\/segunda\/wp-json\/wp\/v2\/media\/244625"}],"wp:attachment":[{"href":"https:\/\/www.tucomarca.com\/wordpress\/segunda\/wp-json\/wp\/v2\/media?parent=244624"}],"wp:term":[{"taxonomy":"category","embeddable":true,"href":"https:\/\/www.tucomarca.com\/wordpress\/segunda\/wp-json\/wp\/v2\/categories?post=244624"},{"taxonomy":"post_tag","embeddable":true,"href":"https:\/\/www.tucomarca.com\/wordpress\/segunda\/wp-json\/wp\/v2\/tags?post=244624"}],"curies":[{"name":"wp","href":"https:\/\/api.w.org\/{rel}","templated":true}]}}