{"id":244805,"date":"2024-11-12T14:00:00","date_gmt":"2024-11-12T12:00:00","guid":{"rendered":"https:\/\/www.tucomarca.com\/wordpress\/segunda\/?p=244805"},"modified":"2024-11-12T16:23:06","modified_gmt":"2024-11-12T14:23:06","slug":"testimonios-de-la-tragedia-el-agua-y-el-barro-inundan-las-viviendas-de-chiva-ubicadas-en-la-calle-bunol","status":"publish","type":"post","link":"https:\/\/www.tucomarca.com\/wordpress\/segunda\/testimonios-de-la-tragedia-el-agua-y-el-barro-inundan-las-viviendas-de-chiva-ubicadas-en-la-calle-bunol\/","title":{"rendered":"Testimonios de la tragedia: el agua y el barro inundan las viviendas de Chiva ubicadas en la calle Bu\u00f1ol"},"content":{"rendered":"\n<figure class=\"wp-block-embed is-type-video is-provider-youtube wp-block-embed-youtube wp-embed-aspect-16-9 wp-has-aspect-ratio\"><div class=\"wp-block-embed__wrapper\">\n<iframe loading=\"lazy\" title=\"Testimonios de la tragedia: el agua y barro inunda las viviendas de Chiva ubicadas en la calle Bu\u00f1ol\" width=\"500\" height=\"281\" src=\"https:\/\/www.youtube.com\/embed\/ehXru9cTOHI?feature=oembed\" frameborder=\"0\" allow=\"accelerometer; autoplay; clipboard-write; encrypted-media; gyroscope; picture-in-picture; web-share\" referrerpolicy=\"strict-origin-when-cross-origin\" allowfullscreen><\/iframe>\n<\/div><\/figure>\n\n\n\n<p>Las viviendas ubicadas en la calle Bu\u00f1ol, junto al barranco, han sido las que han sufrido el mayor embate de la riada del pasado 29 de octubre en Chiva, donde vecinos, familiares, amigos y voluntarios se han afanado estos d\u00edas en retirar el fango all\u00ed acumulado tras llegar el agua hasta una altura de metro y setenta cent\u00edmetros de altura, como Mar\u00eda Jes\u00fas Tar\u00edn ha explicado a <strong>tucomarca televisi\u00f3n<\/strong>.<\/p>\n","protected":false},"excerpt":{"rendered":"<div class=\"mh-excerpt\">Las viviendas ubicadas en la calle Bu\u00f1ol, junto al barranco, han sido las que han sufrido el mayor embate de la riada del pasado 29 de octubre en Chiva, donde vecinos, familiares, amigos y voluntarios <a class=\"mh-excerpt-more\" href=\"https:\/\/www.tucomarca.com\/wordpress\/segunda\/testimonios-de-la-tragedia-el-agua-y-el-barro-inundan-las-viviendas-de-chiva-ubicadas-en-la-calle-bunol\/\" title=\"Testimonios de la tragedia: el agua y el barro inundan las viviendas de Chiva ubicadas en la calle Bu\u00f1ol\">[+] <\/a><\/div>\n","protected":false},"author":1,"featured_media":244806,"comment_status":"open","ping_status":"open","sticky":false,"template":"","format":"video","meta":{"footnotes":""},"categories":[16,21465,128,8,72,10,5,117,3,116,45,26],"tags":[21523,10385,1697,10384,12831,21522,5952,9229],"class_list":{"0":"post-244805","1":"post","2":"type-post","3":"status-publish","4":"format-video","5":"has-post-thumbnail","7":"category-chiva","8":"category-dana","9":"category-infraestructuras","10":"category-la-comarca","11":"category-sin-categorizar","12":"category-la-hoya","13":"category-la-semana-en-imagenes","14":"category-medio-ambiente-la-comarca","15":"category-seccion","16":"category-sucesos-la-comarca","17":"category-ventana","18":"category-video","19":"tag-barro","20":"tag-bunol","21":"tag-calle","22":"tag-chiva","23":"tag-dana-2","24":"tag-fango","25":"tag-la-hoya-de-bunol-chiva","26":"tag-temporal","27":"post_format-post-format-video"},"_links":{"self":[{"href":"https:\/\/www.tucomarca.com\/wordpress\/segunda\/wp-json\/wp\/v2\/posts\/244805","targetHints":{"allow":["GET"]}}],"collection":[{"href":"https:\/\/www.tucomarca.com\/wordpress\/segunda\/wp-json\/wp\/v2\/posts"}],"about":[{"href":"https:\/\/www.tucomarca.com\/wordpress\/segunda\/wp-json\/wp\/v2\/types\/post"}],"author":[{"embeddable":true,"href":"https:\/\/www.tucomarca.com\/wordpress\/segunda\/wp-json\/wp\/v2\/users\/1"}],"replies":[{"embeddable":true,"href":"https:\/\/www.tucomarca.com\/wordpress\/segunda\/wp-json\/wp\/v2\/comments?post=244805"}],"version-history":[{"count":0,"href":"https:\/\/www.tucomarca.com\/wordpress\/segunda\/wp-json\/wp\/v2\/posts\/244805\/revisions"}],"wp:featuredmedia":[{"embeddable":true,"href":"https:\/\/www.tucomarca.com\/wordpress\/segunda\/wp-json\/wp\/v2\/media\/244806"}],"wp:attachment":[{"href":"https:\/\/www.tucomarca.com\/wordpress\/segunda\/wp-json\/wp\/v2\/media?parent=244805"}],"wp:term":[{"taxonomy":"category","embeddable":true,"href":"https:\/\/www.tucomarca.com\/wordpress\/segunda\/wp-json\/wp\/v2\/categories?post=244805"},{"taxonomy":"post_tag","embeddable":true,"href":"https:\/\/www.tucomarca.com\/wordpress\/segunda\/wp-json\/wp\/v2\/tags?post=244805"}],"curies":[{"name":"wp","href":"https:\/\/api.w.org\/{rel}","templated":true}]}}