{"id":244830,"date":"2024-11-12T09:10:00","date_gmt":"2024-11-12T07:10:00","guid":{"rendered":"https:\/\/www.tucomarca.com\/wordpress\/segunda\/?p=244830"},"modified":"2024-11-12T18:57:29","modified_gmt":"2024-11-12T16:57:29","slug":"la-diputacio-de-valencia-coordina-con-cruz-roja-la-entrega-de-kits-de-abrigo-en-municipios-afectados-por-la-dana","status":"publish","type":"post","link":"https:\/\/www.tucomarca.com\/wordpress\/segunda\/la-diputacio-de-valencia-coordina-con-cruz-roja-la-entrega-de-kits-de-abrigo-en-municipios-afectados-por-la-dana\/","title":{"rendered":"La Diputaci\u00f3 de Val\u00e8ncia coordina con Cruz Roja la entrega de kits de abrigo en municipios afectados por la DANA"},"content":{"rendered":"\n<h3 class=\"wp-block-heading\">Durante el martes y el mi\u00e9rcoles se repartir\u00e1n 1.800 cajas con materiales estandarizados de la Direcci\u00f3n General de Protecci\u00f3n Civil y Emergencias del Ministerio del Interior, que dar\u00e1n cobertura a 9.000 personas de Aldaia, Catarroja, Paiporta, Sedav\u00ed, Picanya, Albal, Alfafar y Beniparrell.<\/h3>\n\n\n\n<p>La Diputaci\u00f3 de Val\u00e8ncia coordina con Cruz Roja la entrega de kits de abrigo e higiene de la Direcci\u00f3n General de Protecci\u00f3n Civil a la poblaci\u00f3n afectada por la DANA en los municipios de Aldaia, Catarroja, Paiporta, Sedav\u00ed, Picanya, Albal, Alfafar y Beniparrell. El dispositivo, que se llevar\u00e1 a cabo durante las jornadas del martes y el mi\u00e9rcoles ante la previsi\u00f3n del descenso de las temperaturas, supondr\u00e1 el reparto por parte de Cruz Roja de 1.800 cajas que dar\u00e1n cobertura a 9.000 personas; se trata de kits con materiales estandarizados de Protecci\u00f3n Civil que, mediante un acuerdo entre el Ministerio del Interior y la entidad social, esta \u00faltima realiza la entrega con la colaboraci\u00f3n de la Diputaci\u00f3 de Val\u00e8ncia, que coordina la distribuci\u00f3n en las poblaciones.<\/p>\n\n\n\n<p>El reparto se est\u00e1 llevando a cabo en diferentes puntos de distribuci\u00f3n de estos municipios, que han sido seleccionados por la Diputaci\u00f3 de Val\u00e8ncia junto con los ayuntamientos. Se trata de cajas que incluyen elementos esenciales para el descanso y la higiene de una familia integrada por cinco personas; contiene cinco camas inflables, cinco mantas acr\u00edlicas polares, una bomba de inflado manual y cinco neceseres con productos de aseo, una toalla y una s\u00e1bana saco desechable.<\/p>\n\n\n\n<figure class=\"wp-block-image size-large\"><img loading=\"lazy\" decoding=\"async\" width=\"1024\" height=\"684\" src=\"https:\/\/www.tucomarca.com\/wordpress\/segunda\/wp-content\/uploads\/2024\/11\/DANADipu_CruzRoja1-1024x684.jpg\" alt=\"\" class=\"wp-image-244833\" srcset=\"https:\/\/www.tucomarca.com\/wordpress\/segunda\/wp-content\/uploads\/2024\/11\/DANADipu_CruzRoja1-1024x684.jpg 1024w, https:\/\/www.tucomarca.com\/wordpress\/segunda\/wp-content\/uploads\/2024\/11\/DANADipu_CruzRoja1-300x200.jpg 300w, https:\/\/www.tucomarca.com\/wordpress\/segunda\/wp-content\/uploads\/2024\/11\/DANADipu_CruzRoja1-768x513.jpg 768w, https:\/\/www.tucomarca.com\/wordpress\/segunda\/wp-content\/uploads\/2024\/11\/DANADipu_CruzRoja1.jpg 1181w\" sizes=\"auto, (max-width: 1024px) 100vw, 1024px\" \/><\/figure>\n\n\n\n<p>\u201cEstamos poniendo todas nuestras herramientas al servicio de las entidades para dar respuesta a nuestros pueblos, con las personas en el centro de nuestras actuaciones\u201d, ha apuntado el presidente de la Diputaci\u00f3 de Val\u00e8ncia, Vicent Momp\u00f3. En este sentido, ha se\u00f1alado que desde el primer momento la corporaci\u00f3n provincial ha puesto todos sus medios al servicio de los alcaldes y alcaldesas. \u201cQueremos que sepan que en estos momentos tan complicados, la Diputaci\u00f3n est\u00e1 a su lado, ayud\u00e1ndoles en lo que necesiten; a las actuaciones de reparaci\u00f3n en carreteras,&nbsp;recuperaci\u00f3n de las redes de agua potable, trabajos de auxilio y limpieza por parte del Consorcio de Bomberos y las inversiones de urgencia, se han sumado tambi\u00e9n otras medidas de car\u00e1cter administrativo y tributario con el fin de facilitar el trabajo a los alcaldes y alcaldesas, adem\u00e1s de mediar y colaborar con otras instituciones y organismos\u201d, ha destacado.<\/p>\n","protected":false},"excerpt":{"rendered":"<div class=\"mh-excerpt\">Durante el martes y el mi\u00e9rcoles se repartir\u00e1n 1.800 cajas con materiales estandarizados de la Direcci\u00f3n General de Protecci\u00f3n Civil y Emergencias del Ministerio del Interior, que dar\u00e1n cobertura a 9.000 personas de Aldaia, Catarroja, <a class=\"mh-excerpt-more\" href=\"https:\/\/www.tucomarca.com\/wordpress\/segunda\/la-diputacio-de-valencia-coordina-con-cruz-roja-la-entrega-de-kits-de-abrigo-en-municipios-afectados-por-la-dana\/\" title=\"La Diputaci\u00f3 de Val\u00e8ncia coordina con Cruz Roja la entrega de kits de abrigo en municipios afectados por la DANA\">[+] <\/a><\/div>\n","protected":false},"author":12,"featured_media":244835,"comment_status":"open","ping_status":"open","sticky":false,"template":"","format":"standard","meta":{"footnotes":""},"categories":[21465,128,8,72,142,3,116,45],"tags":[1149,12831,3677],"class_list":{"0":"post-244830","1":"post","2":"type-post","3":"status-publish","4":"format-standard","5":"has-post-thumbnail","7":"category-dana","8":"category-infraestructuras","9":"category-la-comarca","10":"category-sin-categorizar","11":"category-politica-la-comarca","12":"category-seccion","13":"category-sucesos-la-comarca","14":"category-ventana","15":"tag-cruz-roja","16":"tag-dana-2","17":"tag-diputacio-de-valencia"},"_links":{"self":[{"href":"https:\/\/www.tucomarca.com\/wordpress\/segunda\/wp-json\/wp\/v2\/posts\/244830","targetHints":{"allow":["GET"]}}],"collection":[{"href":"https:\/\/www.tucomarca.com\/wordpress\/segunda\/wp-json\/wp\/v2\/posts"}],"about":[{"href":"https:\/\/www.tucomarca.com\/wordpress\/segunda\/wp-json\/wp\/v2\/types\/post"}],"author":[{"embeddable":true,"href":"https:\/\/www.tucomarca.com\/wordpress\/segunda\/wp-json\/wp\/v2\/users\/12"}],"replies":[{"embeddable":true,"href":"https:\/\/www.tucomarca.com\/wordpress\/segunda\/wp-json\/wp\/v2\/comments?post=244830"}],"version-history":[{"count":0,"href":"https:\/\/www.tucomarca.com\/wordpress\/segunda\/wp-json\/wp\/v2\/posts\/244830\/revisions"}],"wp:featuredmedia":[{"embeddable":true,"href":"https:\/\/www.tucomarca.com\/wordpress\/segunda\/wp-json\/wp\/v2\/media\/244835"}],"wp:attachment":[{"href":"https:\/\/www.tucomarca.com\/wordpress\/segunda\/wp-json\/wp\/v2\/media?parent=244830"}],"wp:term":[{"taxonomy":"category","embeddable":true,"href":"https:\/\/www.tucomarca.com\/wordpress\/segunda\/wp-json\/wp\/v2\/categories?post=244830"},{"taxonomy":"post_tag","embeddable":true,"href":"https:\/\/www.tucomarca.com\/wordpress\/segunda\/wp-json\/wp\/v2\/tags?post=244830"}],"curies":[{"name":"wp","href":"https:\/\/api.w.org\/{rel}","templated":true}]}}