{"id":244881,"date":"2024-11-12T12:00:00","date_gmt":"2024-11-12T10:00:00","guid":{"rendered":"https:\/\/www.tucomarca.com\/wordpress\/segunda\/?p=244881"},"modified":"2024-11-12T20:28:23","modified_gmt":"2024-11-12T18:28:23","slug":"mas-de-100-operarios-y-20-brigadas-especializadas-avanzan-en-la-limpieza-y-puesta-a-punto-de-las-areas-industriales-afectadas-por-las-inundaciones","status":"publish","type":"post","link":"https:\/\/www.tucomarca.com\/wordpress\/segunda\/mas-de-100-operarios-y-20-brigadas-especializadas-avanzan-en-la-limpieza-y-puesta-a-punto-de-las-areas-industriales-afectadas-por-las-inundaciones\/","title":{"rendered":"M\u00e1s de 100 operarios y 20 brigadas especializadas avanzan en la limpieza y puesta a punto de las \u00e1reas industriales afectadas por las inundaciones"},"content":{"rendered":"\n<h3 class=\"wp-block-heading\">Ivace+i moviliza un total de 48 veh\u00edculos que ya est\u00e1n operativos en Riba-roja, Albal, Beniparrell, Catarroja, Massanassa, Paiporta, Aldaia, Quart de Poblet y Algemes\u00ed.<\/h3>\n\n\n\n<h3 class=\"wp-block-heading\">La finalidad es ayudar a recuperar el entorno de los pol\u00edgonos industriales para reanudar la actividad econ\u00f3mica.<\/h3>\n\n\n\n<p>La Conselleria de Innovaci\u00f3n, Industria, Comercio y Turismo ha movilizado, a trav\u00e9s de Ivace+i, a un total de 105 operarios y 20 brigadas especializadas que est\u00e1n avanzando en las tareas de limpieza y puesta a punto de las \u00e1reas industriales afectadas por las inundaciones.<\/p>\n\n\n\n<p>Los trabajos est\u00e1n centrados en la retirada de lodo, enseres, escombros y de veh\u00edculos de los viales y accesos de los pol\u00edgonos que han sufrido los efectos de la DANA, as\u00ed como del baldeo de las calles.<\/p>\n\n\n\n<p>Para ello se dispone de un dispositivo de 48 veh\u00edculos entre los que se encuentran m\u00e1quinas retroexcavadoras, camiones pulpo, ba\u00f1era, r\u00edgidos auto cargantes y porta coches, as\u00ed como m\u00e1quinas frontales, dumpers, camiones barredores y de baldeo.<\/p>\n\n\n\n<p>Estas tareas est\u00e1n financiadas por Ivace+i con un total de 1,16 millones de euros con la finalidad de ayudar a los municipios, empresas y pymes a recuperar el entorno de los pol\u00edgonos industriales y a reanudar la actividad econ\u00f3mica.<\/p>\n\n\n\n<p>La prestaci\u00f3n de estos servicios se est\u00e1 ejecutando a trav\u00e9s de diferentes empresas que act\u00faan en cuatro zonas geogr\u00e1ficas que ya est\u00e1n operativas en su totalidad.<\/p>\n\n\n\n<p>En concreto, las brigadas est\u00e1n trabajando en las \u00e1reas industriales de Riba-roja (L\u2019Oliveral), Albal (Sector 2A, Cam\u00ed la Marjal II y l\u2019Hort de Calafre), Beniparrell (Vereda Sud, Carrascal Oeste, Carrascal Este, San Francisco y El Poli\u00f3), Catarroja (El Bony), el pol\u00edgono industrial de Massanassa, Paiporta (La Mina y Pascualeta), Aldaia (El Coscollar), Algemes\u00ed (Cotes) y Quart de Poblet (Suelo Industrial A).<\/p>\n\n\n\n<p>En los pr\u00f3ximos d\u00edas est\u00e1 previsto el inicio de las tareas de limpieza en las zonas industriales afectadas de Sedav\u00ed, Xirivella, Valencia y Benet\u00fasser.<\/p>\n","protected":false},"excerpt":{"rendered":"<div class=\"mh-excerpt\">Ivace+i moviliza un total de 48 veh\u00edculos que ya est\u00e1n operativos en Riba-roja, Albal, Beniparrell, Catarroja, Massanassa, Paiporta, Aldaia, Quart de Poblet y Algemes\u00ed. La finalidad es ayudar a recuperar el entorno de los pol\u00edgonos <a class=\"mh-excerpt-more\" href=\"https:\/\/www.tucomarca.com\/wordpress\/segunda\/mas-de-100-operarios-y-20-brigadas-especializadas-avanzan-en-la-limpieza-y-puesta-a-punto-de-las-areas-industriales-afectadas-por-las-inundaciones\/\" title=\"M\u00e1s de 100 operarios y 20 brigadas especializadas avanzan en la limpieza y puesta a punto de las \u00e1reas industriales afectadas por las inundaciones\">[+] <\/a><\/div>\n","protected":false},"author":13,"featured_media":244885,"comment_status":"open","ping_status":"open","sticky":false,"template":"","format":"standard","meta":{"footnotes":""},"categories":[99,46,21465,128,8,72,42,117,142,182,3,116,45],"tags":[10409,10395,12831,10412,2142,3640,1504],"class_list":{"0":"post-244881","1":"post","2":"type-post","3":"status-publish","4":"format-standard","5":"has-post-thumbnail","7":"category-algemesi","8":"category-camp-de-turia","9":"category-dana","10":"category-infraestructuras","11":"category-la-comarca","12":"category-sin-categorizar","13":"category-la-ribera","14":"category-medio-ambiente-la-comarca","15":"category-politica-la-comarca","16":"category-riba-roja","17":"category-seccion","18":"category-sucesos-la-comarca","19":"category-ventana","20":"tag-algemesi","21":"tag-camp-de-turia","22":"tag-dana-2","23":"tag-infraestructuras","24":"tag-la-comunitat","25":"tag-la-ribera-alta","26":"tag-riba-roja-2"},"_links":{"self":[{"href":"https:\/\/www.tucomarca.com\/wordpress\/segunda\/wp-json\/wp\/v2\/posts\/244881","targetHints":{"allow":["GET"]}}],"collection":[{"href":"https:\/\/www.tucomarca.com\/wordpress\/segunda\/wp-json\/wp\/v2\/posts"}],"about":[{"href":"https:\/\/www.tucomarca.com\/wordpress\/segunda\/wp-json\/wp\/v2\/types\/post"}],"author":[{"embeddable":true,"href":"https:\/\/www.tucomarca.com\/wordpress\/segunda\/wp-json\/wp\/v2\/users\/13"}],"replies":[{"embeddable":true,"href":"https:\/\/www.tucomarca.com\/wordpress\/segunda\/wp-json\/wp\/v2\/comments?post=244881"}],"version-history":[{"count":0,"href":"https:\/\/www.tucomarca.com\/wordpress\/segunda\/wp-json\/wp\/v2\/posts\/244881\/revisions"}],"wp:featuredmedia":[{"embeddable":true,"href":"https:\/\/www.tucomarca.com\/wordpress\/segunda\/wp-json\/wp\/v2\/media\/244885"}],"wp:attachment":[{"href":"https:\/\/www.tucomarca.com\/wordpress\/segunda\/wp-json\/wp\/v2\/media?parent=244881"}],"wp:term":[{"taxonomy":"category","embeddable":true,"href":"https:\/\/www.tucomarca.com\/wordpress\/segunda\/wp-json\/wp\/v2\/categories?post=244881"},{"taxonomy":"post_tag","embeddable":true,"href":"https:\/\/www.tucomarca.com\/wordpress\/segunda\/wp-json\/wp\/v2\/tags?post=244881"}],"curies":[{"name":"wp","href":"https:\/\/api.w.org\/{rel}","templated":true}]}}