{"id":245024,"date":"2024-11-13T08:30:00","date_gmt":"2024-11-13T06:30:00","guid":{"rendered":"https:\/\/www.tucomarca.com\/wordpress\/segunda\/?p=245024"},"modified":"2024-11-13T18:55:29","modified_gmt":"2024-11-13T16:55:29","slug":"la-diputacio-de-valencia-destina-370-000-euros-en-ayudas-para-frenar-plagas-en-las-zonas-afectadas-por-la-dana","status":"publish","type":"post","link":"https:\/\/www.tucomarca.com\/wordpress\/segunda\/la-diputacio-de-valencia-destina-370-000-euros-en-ayudas-para-frenar-plagas-en-las-zonas-afectadas-por-la-dana\/","title":{"rendered":"La Diputaci\u00f3 de Val\u00e8ncia destina 370.000 euros en ayudas para frenar plagas en las zonas afectadas por la DANA"},"content":{"rendered":"\n<h3 class=\"wp-block-heading\">La corporaci\u00f3n provincial ha abierto una l\u00ednea de actuaci\u00f3n para atender de forma urgente los trabajos de desinfecci\u00f3n y desinsectaci\u00f3n que deban realizarse en los municipios damnificados.<\/h3>\n\n\n\n<p>La Diputaci\u00f3 de Val\u00e8ncia ha abierto una l\u00ednea de actuaci\u00f3n urgente para cubrir los trabajos de desinfecci\u00f3n y desinsectaci\u00f3n en los municipios afectados por la DANA, y transferir\u00e1 ayudas directas por un valor m\u00e1ximo de 5.000 euros por actuaci\u00f3n municipal a los ayuntamientos que lo soliciten con el fin de hacer frente a plagas de moscas y mosquitos o cualquier otra situaci\u00f3n pand\u00e9mica.<\/p>\n\n\n\n<p>As\u00ed, ante la necesidad de dar respuesta de forma urgente a las necesidades de las poblaciones y con el objetivo de garantizar la salubridad de las zonas afectadas, la Diputaci\u00f3 de Val\u00e8ncia destina una partida econ\u00f3mica de 370.000 euros para atender de forma urgente las actuaciones de desinfecci\u00f3n y desinsectaci\u00f3n que deban realizarse.&nbsp;<\/p>\n\n\n\n<p>La corporaci\u00f3n provincial se ha puesto en contacto con los alcaldes y alcaldesas para informarles de esta l\u00ednea de ayudas que, tal como explica la diputada de Bienestar e Inclusi\u00f3n Social y Salud P\u00fablica, Imma Gonz\u00e1lez, \u201ctienen como objetivo dar respuesta de forma urgente a la necesidad de garantizar la salubridad de las zonas afectadas\u201d. En este sentido, ha apuntado que \u201ces importante tener en cuenta las recomendaciones de las autoridades sanitarias y tomar todas las precauciones necesarias\u201d.&nbsp;<\/p>\n\n\n\n<p>Asimismo, ha subrayado que la Diputaci\u00f3 de Val\u00e8ncia, presidida por Vicent Momp\u00f3, \u201cha puesto desde el primer momento todos sus medios y herramientas al servicio de los alcaldes y alcaldesas para hacer frente a todos los problemas que van surgiendo, mediando con otras instituciones o empresas, y coordinando junto con entidades sociales el suministro de productos de primera necesidad\u201d.&nbsp;<\/p>\n\n\n\n<p>El presidente Vicent Momp\u00f3 apunta que desde la Diputaci\u00f3 de Val\u00e8ncia \u201cestamos centrados en dar respuesta a todas las necesidades de los pueblos, ya sea en cuanto a servicios de emergencia, reparaci\u00f3n de carreteras y recuperaci\u00f3n de las redes de agua potable, y tambi\u00e9n en materia de salud p\u00fablica, algo primordial, por ello es necesario priorizar la inversi\u00f3n para velar por la salud de la poblaci\u00f3n\u201d. Asimismo, ha se\u00f1alado que la corporaci\u00f3n provincial \u201cest\u00e1 trabajando en configurar unos presupuestos para que la provincia de Valencia restablezca la normalidad y continuar as\u00ed con el camino hacia la recuperaci\u00f3n de la mayor cat\u00e1strofe natural que se recuerda en nuestro territorio\u201d.<\/p>\n","protected":false},"excerpt":{"rendered":"<div class=\"mh-excerpt\">La corporaci\u00f3n provincial ha abierto una l\u00ednea de actuaci\u00f3n para atender de forma urgente los trabajos de desinfecci\u00f3n y desinsectaci\u00f3n que deban realizarse en los municipios damnificados. La Diputaci\u00f3 de Val\u00e8ncia ha abierto una l\u00ednea <a class=\"mh-excerpt-more\" href=\"https:\/\/www.tucomarca.com\/wordpress\/segunda\/la-diputacio-de-valencia-destina-370-000-euros-en-ayudas-para-frenar-plagas-en-las-zonas-afectadas-por-la-dana\/\" title=\"La Diputaci\u00f3 de Val\u00e8ncia destina 370.000 euros en ayudas para frenar plagas en las zonas afectadas por la DANA\">[+] <\/a><\/div>\n","protected":false},"author":12,"featured_media":245026,"comment_status":"open","ping_status":"open","sticky":false,"template":"","format":"standard","meta":{"footnotes":""},"categories":[21465,128,8,72,42,117,142,3,116,45],"tags":[12831,3677,12848],"class_list":{"0":"post-245024","1":"post","2":"type-post","3":"status-publish","4":"format-standard","5":"has-post-thumbnail","7":"category-dana","8":"category-infraestructuras","9":"category-la-comarca","10":"category-sin-categorizar","11":"category-la-ribera","12":"category-medio-ambiente-la-comarca","13":"category-politica-la-comarca","14":"category-seccion","15":"category-sucesos-la-comarca","16":"category-ventana","17":"tag-dana-2","18":"tag-diputacio-de-valencia","19":"tag-plagas"},"_links":{"self":[{"href":"https:\/\/www.tucomarca.com\/wordpress\/segunda\/wp-json\/wp\/v2\/posts\/245024","targetHints":{"allow":["GET"]}}],"collection":[{"href":"https:\/\/www.tucomarca.com\/wordpress\/segunda\/wp-json\/wp\/v2\/posts"}],"about":[{"href":"https:\/\/www.tucomarca.com\/wordpress\/segunda\/wp-json\/wp\/v2\/types\/post"}],"author":[{"embeddable":true,"href":"https:\/\/www.tucomarca.com\/wordpress\/segunda\/wp-json\/wp\/v2\/users\/12"}],"replies":[{"embeddable":true,"href":"https:\/\/www.tucomarca.com\/wordpress\/segunda\/wp-json\/wp\/v2\/comments?post=245024"}],"version-history":[{"count":0,"href":"https:\/\/www.tucomarca.com\/wordpress\/segunda\/wp-json\/wp\/v2\/posts\/245024\/revisions"}],"wp:featuredmedia":[{"embeddable":true,"href":"https:\/\/www.tucomarca.com\/wordpress\/segunda\/wp-json\/wp\/v2\/media\/245026"}],"wp:attachment":[{"href":"https:\/\/www.tucomarca.com\/wordpress\/segunda\/wp-json\/wp\/v2\/media?parent=245024"}],"wp:term":[{"taxonomy":"category","embeddable":true,"href":"https:\/\/www.tucomarca.com\/wordpress\/segunda\/wp-json\/wp\/v2\/categories?post=245024"},{"taxonomy":"post_tag","embeddable":true,"href":"https:\/\/www.tucomarca.com\/wordpress\/segunda\/wp-json\/wp\/v2\/tags?post=245024"}],"curies":[{"name":"wp","href":"https:\/\/api.w.org\/{rel}","templated":true}]}}