{"id":245073,"date":"2024-11-13T17:00:00","date_gmt":"2024-11-13T15:00:00","guid":{"rendered":"https:\/\/www.tucomarca.com\/wordpress\/segunda\/?p=245073"},"modified":"2024-11-13T20:06:32","modified_gmt":"2024-11-13T18:06:32","slug":"el-cecopi-acuerda-restricciones-de-movilidad-de-vehiculos-privados-ante-el-impacto-que-pueda-causar-la-nueva-dana","status":"publish","type":"post","link":"https:\/\/www.tucomarca.com\/wordpress\/segunda\/el-cecopi-acuerda-restricciones-de-movilidad-de-vehiculos-privados-ante-el-impacto-que-pueda-causar-la-nueva-dana\/","title":{"rendered":"El CECOPI acuerda restricciones de movilidad de veh\u00edculos privados ante el impacto que pueda causar la nueva DANA"},"content":{"rendered":"\n<h3 class=\"wp-block-heading\">Las restricciones de movilidad de veh\u00edculos privados en las zonas que detalla la orden comenzar\u00e1n a las 18.00 horas de hoy y se mantendr\u00e1 hasta las 18,00 horas de ma\u00f1ana.<\/h3>\n\n\n\n<h3 class=\"wp-block-heading\">El CECOPI ha acordado difundir las recomendaciones a la ciudadan\u00eda de manera escalada a trav\u00e9s de todos los canales ante este nuevo episodio de gota fr\u00eda.<\/h3>\n\n\n\n<h3 class=\"wp-block-heading\">La orden busca garantizar de manera preventiva la seguridad de las personas y de todos los efectivos que est\u00e1n actuando puedan ejercer su tarea con seguridad y efectividad.<\/h3>\n\n\n\n<p>La directora general de Prevenci\u00f3n de Incendios, Rosa Tour\u00eds, ha informado de la \u00faltima hora sobre los trabajos que se est\u00e1n efectuando en la emergencia que desde el pasado 29 de octubre afecta a la provincia de Valencia, tras la celebraci\u00f3n de la \u00faltima reuni\u00f3n del CECOPI, en la que ha participado el president de la Generalitat, Carlos Maz\u00f3n, y la delegada del Gobierno, Pilar Bernab\u00e9.<\/p>\n\n\n\n<p>La portavoz Rosa Tour\u00eds ha explicado que en la \u00faltima reuni\u00f3n del CECOPI se ha hecho un especial seguimiento de la nueva DANA que afecta a la Comunitat Valenciana y se ha acordado realizar -a trav\u00e9s de una nueva orden- restricciones de movilidad de 24 horas que comenzar\u00e1 a las 18.00 horas de hoy hasta las 18.00 horas de ma\u00f1ana jueves debido a la severidad que este nuevo episodio puede tener sobre las zonas ya afectadas.<\/p>\n\n\n\n<p>Asimismo, el CECOPI ha acordado llevar a cabo una labor de comunicaci\u00f3n a la ciudadan\u00eda que, de manera escalada, trasladar\u00e1 a la poblaci\u00f3n a trav\u00e9s de todos los canales disponibles, estas medidas.<\/p>\n\n\n\n<p>Esta orden busca garantizar de manera preventiva la seguridad de las personas y tambi\u00e9n que todos los efectivos que est\u00e1n actuando coordinadamente desde el inicio, de las diferentes administraciones p\u00fablicas, as\u00ed como de empresas y otros sectores, que est\u00e1n trabajando, no solo para asistir a las personas afectadas, sino tambi\u00e9n para recuperar a la mayor brevedad posible los servicios b\u00e1sicos, puedan ejercer su tarea con seguridad y efectividad.<\/p>\n\n\n\n<p>Tour\u00eds ha explicado que en estos momentos de la emergencia \u201cresulta necesario limitar la circulaci\u00f3n en veh\u00edculo privado en aquellas zonas con una mayor afecci\u00f3n\u201d.<\/p>\n\n\n\n<p>Tour\u00eds ha matizado que existen excepciones a esta orden que son las siguientes: aquellos desplazamientos urgentes, adecuadamente justificados que se produzcan por la asistencia a centros, servicios y establecimientos sanitarios, el retorno al lugar de residencia habitual o familiar, la asistencia y cuidado a personas mayores, menores, dependientes, personas con discapacidad o personas especialmente vulnerables, por causa de fuerza mayor o situaci\u00f3n de necesidad y cualquier otra actividad de an\u00e1loga naturaleza, debidamente acreditada<\/p>\n\n\n\n<p>En cuanto a los municipios que quedan afectados por esta orden son los siguientes: Alaqu\u00e0s, Albal, Aldaia, Alfafar, Algemes\u00ed, Alginet, Benet\u00fasser, Beniparrell, Catarroja, Chiva, Guadassuar, L\u2019Alc\u00f9dia, Llocnou de la Corona, Massanasa, Paiporta, Picanya, Sedav\u00ed, Torrent, Val\u00e8ncia (pedan\u00edas sur) y Xirivella.<\/p>\n\n\n\n<p><strong>Labores sobre el terreno<\/strong><\/p>\n\n\n\n<p>Sobre la b\u00fasqueda y rescate de v\u00edctimas el trabajo del grupo especial de rescate permanece en la zona de l\u2019Albufera y su \u00e1rea de influencia. Hoy se ha alcanzado el objetivo de desag\u00fce de entre 10-12 cent\u00edmetros, tal y como hab\u00eda indicado desde Guardia Civil. La b\u00fasqueda por mar se ha visto comprometida como consecuencia del temporal mar\u00edtimo que afecta a Gandia y D\u00e9nia. Tras este episodio meteorol\u00f3gico se evaluar\u00e1n de nuevo las mareas para avanzar en el dispositivo de b\u00fasqueda.<\/p>\n\n\n\n<p><strong>Retirada de lodos<\/strong><\/p>\n\n\n\n<p>Seg\u00fan ha explicado la directora general sigue siendo prioritaria la retirada de enseres y lodos. Esta noche -ha indicado- \u201cel balance ha sido de 15.000 toneladas evacuadas, un dato significativo dado que son 5.000 m\u00e1s que las que se retiraron ayer, cumpliendo as\u00ed el objetivo que se traslad\u00f3 desde la Conselleria de Medio Ambiente\u201d. &nbsp;Adem\u00e1s, la directora general ha indicado que \u201chay 71 camiones de extracci\u00f3n de lodos trabajando en las zonas afectadas y se prev\u00e9 que a lo largo de la jornada se sumen al menos 36 m\u00e1s\u201d.<\/p>\n\n\n\n<p><strong>Efectivos y labores de b\u00fasqueda<\/strong><\/p>\n\n\n\n<p>Respecto a los efectivos desplegados, contin\u00faan trabajando sobre el terreno 2.791 bomberos de m\u00e1s de 45 organismos y 8.608 efectivos del Ej\u00e9rcito de los cuales 2.103 pertenecen a la UME. Adem\u00e1s de m\u00e1s de 800 voluntarios de Protecci\u00f3n Civil de toda Espa\u00f1a.<\/p>\n\n\n\n<p>En el \u00e1mbito de la seguridad ciudadana, permanecen 9.728 agentes, entre Polic\u00edas nacionales y Guardia civil, m\u00e1s de 500 efectivos de las distintas polic\u00edas locales y m\u00e1s de 130 efectivos de la Polic\u00eda de la Generalitat.<\/p>\n\n\n\n<p>Adem\u00e1s, se ha incorporado un grupo de 70 agentes medioambientales procedentes de la Comunidad de Madrid para colaborar en labores de apoyo a la Guardia civil en la zona de l\u2019Albufera.<\/p>\n","protected":false},"excerpt":{"rendered":"<div class=\"mh-excerpt\">Las restricciones de movilidad de veh\u00edculos privados en las zonas que detalla la orden comenzar\u00e1n a las 18.00 horas de hoy y se mantendr\u00e1 hasta las 18,00 horas de ma\u00f1ana. El CECOPI ha acordado difundir <a class=\"mh-excerpt-more\" href=\"https:\/\/www.tucomarca.com\/wordpress\/segunda\/el-cecopi-acuerda-restricciones-de-movilidad-de-vehiculos-privados-ante-el-impacto-que-pueda-causar-la-nueva-dana\/\" title=\"El CECOPI acuerda restricciones de movilidad de veh\u00edculos privados ante el impacto que pueda causar la nueva DANA\">[+] <\/a><\/div>\n","protected":false},"author":12,"featured_media":245078,"comment_status":"open","ping_status":"open","sticky":false,"template":"","format":"standard","meta":{"footnotes":""},"categories":[99,16,21465,143,128,292,8,72,10,42,117,142,3,116,45],"tags":[10409,10384,10463,5952,21547,1407],"class_list":{"0":"post-245073","1":"post","2":"type-post","3":"status-publish","4":"format-standard","5":"has-post-thumbnail","7":"category-algemesi","8":"category-chiva","9":"category-dana","10":"category-guadassuar","11":"category-infraestructuras","12":"category-lalcudia","13":"category-la-comarca","14":"category-sin-categorizar","15":"category-la-hoya","16":"category-la-ribera","17":"category-medio-ambiente-la-comarca","18":"category-politica-la-comarca","19":"category-seccion","20":"category-sucesos-la-comarca","21":"category-ventana","22":"tag-algemesi","23":"tag-chiva","24":"tag-lalcudia","25":"tag-la-hoya-de-bunol-chiva","26":"tag-restricciones-de-movilidad-por-carretera","27":"tag-ribera-alta"},"_links":{"self":[{"href":"https:\/\/www.tucomarca.com\/wordpress\/segunda\/wp-json\/wp\/v2\/posts\/245073","targetHints":{"allow":["GET"]}}],"collection":[{"href":"https:\/\/www.tucomarca.com\/wordpress\/segunda\/wp-json\/wp\/v2\/posts"}],"about":[{"href":"https:\/\/www.tucomarca.com\/wordpress\/segunda\/wp-json\/wp\/v2\/types\/post"}],"author":[{"embeddable":true,"href":"https:\/\/www.tucomarca.com\/wordpress\/segunda\/wp-json\/wp\/v2\/users\/12"}],"replies":[{"embeddable":true,"href":"https:\/\/www.tucomarca.com\/wordpress\/segunda\/wp-json\/wp\/v2\/comments?post=245073"}],"version-history":[{"count":0,"href":"https:\/\/www.tucomarca.com\/wordpress\/segunda\/wp-json\/wp\/v2\/posts\/245073\/revisions"}],"wp:featuredmedia":[{"embeddable":true,"href":"https:\/\/www.tucomarca.com\/wordpress\/segunda\/wp-json\/wp\/v2\/media\/245078"}],"wp:attachment":[{"href":"https:\/\/www.tucomarca.com\/wordpress\/segunda\/wp-json\/wp\/v2\/media?parent=245073"}],"wp:term":[{"taxonomy":"category","embeddable":true,"href":"https:\/\/www.tucomarca.com\/wordpress\/segunda\/wp-json\/wp\/v2\/categories?post=245073"},{"taxonomy":"post_tag","embeddable":true,"href":"https:\/\/www.tucomarca.com\/wordpress\/segunda\/wp-json\/wp\/v2\/tags?post=245073"}],"curies":[{"name":"wp","href":"https:\/\/api.w.org\/{rel}","templated":true}]}}