{"id":245075,"date":"2024-11-13T17:30:00","date_gmt":"2024-11-13T15:30:00","guid":{"rendered":"https:\/\/www.tucomarca.com\/wordpress\/segunda\/?p=245075"},"modified":"2024-11-13T20:22:56","modified_gmt":"2024-11-13T18:22:56","slug":"detienen-en-chiva-a-un-individuo-por-trafico-de-drogas-y-que-se-hacia-pasar-por-voluntario-de-la-cruz-roja","status":"publish","type":"post","link":"https:\/\/www.tucomarca.com\/wordpress\/segunda\/detienen-en-chiva-a-un-individuo-por-trafico-de-drogas-y-que-se-hacia-pasar-por-voluntario-de-la-cruz-roja\/","title":{"rendered":"Detienen en Chiva a un individuo por tr\u00e1fico de drogas y que se hac\u00eda pasar por voluntario de la Cruz Roja"},"content":{"rendered":"\n<p>Seg\u00fan ha informado la Comandancia de la Guardia Civil de Valencia, agentes del cuerpo han detenido este mi\u00e9rcoles a mediod\u00eda en Chiva a una persona por presunto delito de tr\u00e1fico de drogas, si\u00e9ndole intervenida metanfetamina y diversas herramientas susceptibles de ser utilizadas para forzar cerraduras.<\/p>\n\n\n\n<p>Este individuo vest\u00eda adem\u00e1s un chaleco de Cruz Roja para granjearse confianza de ciudadanos y cuerpos de seguridad para as\u00ed intentar pasar desapercibido como un voluntario en las poblaciones afectadas por las riadas.<\/p>\n","protected":false},"excerpt":{"rendered":"<div class=\"mh-excerpt\">Seg\u00fan ha informado la Comandancia de la Guardia Civil de Valencia, agentes del cuerpo han detenido este mi\u00e9rcoles a mediod\u00eda en Chiva a una persona por presunto delito de tr\u00e1fico de drogas, si\u00e9ndole intervenida metanfetamina <a class=\"mh-excerpt-more\" href=\"https:\/\/www.tucomarca.com\/wordpress\/segunda\/detienen-en-chiva-a-un-individuo-por-trafico-de-drogas-y-que-se-hacia-pasar-por-voluntario-de-la-cruz-roja\/\" title=\"Detienen en Chiva a un individuo por tr\u00e1fico de drogas y que se hac\u00eda pasar por voluntario de la Cruz Roja\">[+] <\/a><\/div>\n","protected":false},"author":1,"featured_media":245089,"comment_status":"open","ping_status":"open","sticky":false,"template":"","format":"standard","meta":{"footnotes":""},"categories":[16,21465,8,72,10,3,116,45],"tags":[10384,12831,951,1098,5952],"class_list":{"0":"post-245075","1":"post","2":"type-post","3":"status-publish","4":"format-standard","5":"has-post-thumbnail","7":"category-chiva","8":"category-dana","9":"category-la-comarca","10":"category-sin-categorizar","11":"category-la-hoya","12":"category-seccion","13":"category-sucesos-la-comarca","14":"category-ventana","15":"tag-chiva","16":"tag-dana-2","17":"tag-detenido","18":"tag-guardia-civil","19":"tag-la-hoya-de-bunol-chiva"},"_links":{"self":[{"href":"https:\/\/www.tucomarca.com\/wordpress\/segunda\/wp-json\/wp\/v2\/posts\/245075","targetHints":{"allow":["GET"]}}],"collection":[{"href":"https:\/\/www.tucomarca.com\/wordpress\/segunda\/wp-json\/wp\/v2\/posts"}],"about":[{"href":"https:\/\/www.tucomarca.com\/wordpress\/segunda\/wp-json\/wp\/v2\/types\/post"}],"author":[{"embeddable":true,"href":"https:\/\/www.tucomarca.com\/wordpress\/segunda\/wp-json\/wp\/v2\/users\/1"}],"replies":[{"embeddable":true,"href":"https:\/\/www.tucomarca.com\/wordpress\/segunda\/wp-json\/wp\/v2\/comments?post=245075"}],"version-history":[{"count":0,"href":"https:\/\/www.tucomarca.com\/wordpress\/segunda\/wp-json\/wp\/v2\/posts\/245075\/revisions"}],"wp:featuredmedia":[{"embeddable":true,"href":"https:\/\/www.tucomarca.com\/wordpress\/segunda\/wp-json\/wp\/v2\/media\/245089"}],"wp:attachment":[{"href":"https:\/\/www.tucomarca.com\/wordpress\/segunda\/wp-json\/wp\/v2\/media?parent=245075"}],"wp:term":[{"taxonomy":"category","embeddable":true,"href":"https:\/\/www.tucomarca.com\/wordpress\/segunda\/wp-json\/wp\/v2\/categories?post=245075"},{"taxonomy":"post_tag","embeddable":true,"href":"https:\/\/www.tucomarca.com\/wordpress\/segunda\/wp-json\/wp\/v2\/tags?post=245075"}],"curies":[{"name":"wp","href":"https:\/\/api.w.org\/{rel}","templated":true}]}}