{"id":245109,"date":"2024-11-13T20:58:14","date_gmt":"2024-11-13T18:58:14","guid":{"rendered":"https:\/\/www.tucomarca.com\/wordpress\/segunda\/?p=245109"},"modified":"2024-11-13T20:58:19","modified_gmt":"2024-11-13T18:58:19","slug":"proteccion-civil-emite-una-nueva-alerta-roja-en-la-zona-ya-afectada-por-la-anterior-dana","status":"publish","type":"post","link":"https:\/\/www.tucomarca.com\/wordpress\/segunda\/proteccion-civil-emite-una-nueva-alerta-roja-en-la-zona-ya-afectada-por-la-anterior-dana\/","title":{"rendered":"Protecci\u00f3n Civil emite una nueva alerta roja en la zona ya afectada por la anterior DANA"},"content":{"rendered":"\n<p>El sistema EsAlert ha enviado este mi\u00e9rcoles por la tarde un<strong>&nbsp;nuevo mensaje de alerta a la poblaci\u00f3n<\/strong>&nbsp;de los municipios de la zona ya afectados por la dana de hace dos semanas. La notificaci\u00f3n ha llegado a muchos ciudadanos a las 19,47 horas y en ella se informa de \u00abALERTA NIVEL ROJO EN TODO EL LITORAL DE VALENCIA. Se producir\u00e1n fuertes lluvias desde la tarde-noche del d\u00eda 13 y durante el d\u00eda 14. Suspendida actividad educativa, deportiva y centros de d\u00eda. Restringido el tr\u00e1fico de veh\u00edculos privados\u00bb.<\/p>\n\n\n\n<figure class=\"wp-block-image size-large\"><img loading=\"lazy\" decoding=\"async\" width=\"1024\" height=\"803\" src=\"https:\/\/www.tucomarca.com\/wordpress\/segunda\/wp-content\/uploads\/2024\/11\/AlertaRoja13112024-1024x803.jpg\" alt=\"\" class=\"wp-image-245110\" srcset=\"https:\/\/www.tucomarca.com\/wordpress\/segunda\/wp-content\/uploads\/2024\/11\/AlertaRoja13112024-1024x803.jpg 1024w, https:\/\/www.tucomarca.com\/wordpress\/segunda\/wp-content\/uploads\/2024\/11\/AlertaRoja13112024-300x235.jpg 300w, https:\/\/www.tucomarca.com\/wordpress\/segunda\/wp-content\/uploads\/2024\/11\/AlertaRoja13112024-768x603.jpg 768w, https:\/\/www.tucomarca.com\/wordpress\/segunda\/wp-content\/uploads\/2024\/11\/AlertaRoja13112024.jpg 1170w\" sizes=\"auto, (max-width: 1024px) 100vw, 1024px\" \/><\/figure>\n","protected":false},"excerpt":{"rendered":"<div class=\"mh-excerpt\">El sistema EsAlert ha enviado este mi\u00e9rcoles por la tarde un&nbsp;nuevo mensaje de alerta a la poblaci\u00f3n&nbsp;de los municipios de la zona ya afectados por la dana de hace dos semanas. La notificaci\u00f3n ha llegado <a class=\"mh-excerpt-more\" href=\"https:\/\/www.tucomarca.com\/wordpress\/segunda\/proteccion-civil-emite-una-nueva-alerta-roja-en-la-zona-ya-afectada-por-la-anterior-dana\/\" title=\"Protecci\u00f3n Civil emite una nueva alerta roja en la zona ya afectada por la anterior DANA\">[+] <\/a><\/div>\n","protected":false},"author":1,"featured_media":245110,"comment_status":"open","ping_status":"open","sticky":false,"template":"","format":"standard","meta":{"footnotes":""},"categories":[46,21465,72,10,42,45],"tags":[10395,12831,5952],"class_list":{"0":"post-245109","1":"post","2":"type-post","3":"status-publish","4":"format-standard","5":"has-post-thumbnail","7":"category-camp-de-turia","8":"category-dana","9":"category-sin-categorizar","10":"category-la-hoya","11":"category-la-ribera","12":"category-ventana","13":"tag-camp-de-turia","14":"tag-dana-2","15":"tag-la-hoya-de-bunol-chiva"},"_links":{"self":[{"href":"https:\/\/www.tucomarca.com\/wordpress\/segunda\/wp-json\/wp\/v2\/posts\/245109","targetHints":{"allow":["GET"]}}],"collection":[{"href":"https:\/\/www.tucomarca.com\/wordpress\/segunda\/wp-json\/wp\/v2\/posts"}],"about":[{"href":"https:\/\/www.tucomarca.com\/wordpress\/segunda\/wp-json\/wp\/v2\/types\/post"}],"author":[{"embeddable":true,"href":"https:\/\/www.tucomarca.com\/wordpress\/segunda\/wp-json\/wp\/v2\/users\/1"}],"replies":[{"embeddable":true,"href":"https:\/\/www.tucomarca.com\/wordpress\/segunda\/wp-json\/wp\/v2\/comments?post=245109"}],"version-history":[{"count":0,"href":"https:\/\/www.tucomarca.com\/wordpress\/segunda\/wp-json\/wp\/v2\/posts\/245109\/revisions"}],"wp:featuredmedia":[{"embeddable":true,"href":"https:\/\/www.tucomarca.com\/wordpress\/segunda\/wp-json\/wp\/v2\/media\/245110"}],"wp:attachment":[{"href":"https:\/\/www.tucomarca.com\/wordpress\/segunda\/wp-json\/wp\/v2\/media?parent=245109"}],"wp:term":[{"taxonomy":"category","embeddable":true,"href":"https:\/\/www.tucomarca.com\/wordpress\/segunda\/wp-json\/wp\/v2\/categories?post=245109"},{"taxonomy":"post_tag","embeddable":true,"href":"https:\/\/www.tucomarca.com\/wordpress\/segunda\/wp-json\/wp\/v2\/tags?post=245109"}],"curies":[{"name":"wp","href":"https:\/\/api.w.org\/{rel}","templated":true}]}}