{"id":245129,"date":"2024-11-14T09:00:00","date_gmt":"2024-11-14T07:00:00","guid":{"rendered":"https:\/\/www.tucomarca.com\/wordpress\/segunda\/?p=245129"},"modified":"2024-11-14T12:38:41","modified_gmt":"2024-11-14T10:38:41","slug":"el-centro-de-coordinacion-de-emergencias-112-actualiza-sus-avisos-por-fenomenos-meteorologicos-y-rebaja-a-nivel-naranja-la-alerta","status":"publish","type":"post","link":"https:\/\/www.tucomarca.com\/wordpress\/segunda\/el-centro-de-coordinacion-de-emergencias-112-actualiza-sus-avisos-por-fenomenos-meteorologicos-y-rebaja-a-nivel-naranja-la-alerta\/","title":{"rendered":"El Centro de Coordinaci\u00f3n de Emergencias 112 actualiza sus avisos por fen\u00f3menos meteorol\u00f3gicos y rebaja a nivel naranja la alerta"},"content":{"rendered":"<div class=\"wp-block-image\">\n<figure class=\"alignleft size-large is-resized\"><img loading=\"lazy\" decoding=\"async\" width=\"724\" height=\"1024\" src=\"https:\/\/www.tucomarca.com\/wordpress\/segunda\/wp-content\/uploads\/2024\/11\/Emergencias112dana14NOV-724x1024.jpg\" alt=\"\" class=\"wp-image-245132\" style=\"width:428px;height:auto\" srcset=\"https:\/\/www.tucomarca.com\/wordpress\/segunda\/wp-content\/uploads\/2024\/11\/Emergencias112dana14NOV-724x1024.jpg 724w, https:\/\/www.tucomarca.com\/wordpress\/segunda\/wp-content\/uploads\/2024\/11\/Emergencias112dana14NOV-212x300.jpg 212w, https:\/\/www.tucomarca.com\/wordpress\/segunda\/wp-content\/uploads\/2024\/11\/Emergencias112dana14NOV-768x1086.jpg 768w, https:\/\/www.tucomarca.com\/wordpress\/segunda\/wp-content\/uploads\/2024\/11\/Emergencias112dana14NOV.jpg 886w\" sizes=\"auto, (max-width: 724px) 100vw, 724px\" \/><\/figure>\n<\/div>\n\n\n<p>El Centro de Coordinaci\u00f3n de Emergencias ha actualizado las alertas meteorol\u00f3gicas. <\/p>\n\n\n\n<p>Se ha declarado alerta naranja por lluvias en todo el litoral de Valencia, el interior sur de Castell\u00f3n y el litoral norte de Alicante, con precipitaciones de entre 50 y 100 L\/m\u00b2 seg\u00fan AEMET. En el litoral sur de Castell\u00f3n y <strong>el interior de Valencia<\/strong> <strong>se mantiene la alerta amarilla<\/strong>, con previsi\u00f3n de lluvias entre 20 y 80 L\/m\u00b2.<\/p>\n\n\n\n<p>Adem\u00e1s, se han activado los planes de inundaci\u00f3n: el nivel 2 en toda la provincia de Valencia y el nivel 1 en el Baix Maestrat, Castell\u00f3n.<\/p>\n","protected":false},"excerpt":{"rendered":"<div class=\"mh-excerpt\">El Centro de Coordinaci\u00f3n de Emergencias ha actualizado las alertas meteorol\u00f3gicas. Se ha declarado alerta naranja por lluvias en todo el litoral de Valencia, el interior sur de Castell\u00f3n y el litoral norte de Alicante, <a class=\"mh-excerpt-more\" href=\"https:\/\/www.tucomarca.com\/wordpress\/segunda\/el-centro-de-coordinacion-de-emergencias-112-actualiza-sus-avisos-por-fenomenos-meteorologicos-y-rebaja-a-nivel-naranja-la-alerta\/\" title=\"El Centro de Coordinaci\u00f3n de Emergencias 112 actualiza sus avisos por fen\u00f3menos meteorol\u00f3gicos y rebaja a nivel naranja la alerta\">[+] <\/a><\/div>\n","protected":false},"author":12,"featured_media":245132,"comment_status":"open","ping_status":"open","sticky":false,"template":"","format":"standard","meta":{"footnotes":""},"categories":[46,21465,128,8,72,10,42,117,142,3,116,45],"tags":[2261,21449,12831],"class_list":{"0":"post-245129","1":"post","2":"type-post","3":"status-publish","4":"format-standard","5":"has-post-thumbnail","7":"category-camp-de-turia","8":"category-dana","9":"category-infraestructuras","10":"category-la-comarca","11":"category-sin-categorizar","12":"category-la-hoya","13":"category-la-ribera","14":"category-medio-ambiente-la-comarca","15":"category-politica-la-comarca","16":"category-seccion","17":"category-sucesos-la-comarca","18":"category-ventana","19":"tag-2261","20":"tag-centro-coordinador-de-emergencias","21":"tag-dana-2"},"_links":{"self":[{"href":"https:\/\/www.tucomarca.com\/wordpress\/segunda\/wp-json\/wp\/v2\/posts\/245129","targetHints":{"allow":["GET"]}}],"collection":[{"href":"https:\/\/www.tucomarca.com\/wordpress\/segunda\/wp-json\/wp\/v2\/posts"}],"about":[{"href":"https:\/\/www.tucomarca.com\/wordpress\/segunda\/wp-json\/wp\/v2\/types\/post"}],"author":[{"embeddable":true,"href":"https:\/\/www.tucomarca.com\/wordpress\/segunda\/wp-json\/wp\/v2\/users\/12"}],"replies":[{"embeddable":true,"href":"https:\/\/www.tucomarca.com\/wordpress\/segunda\/wp-json\/wp\/v2\/comments?post=245129"}],"version-history":[{"count":0,"href":"https:\/\/www.tucomarca.com\/wordpress\/segunda\/wp-json\/wp\/v2\/posts\/245129\/revisions"}],"wp:featuredmedia":[{"embeddable":true,"href":"https:\/\/www.tucomarca.com\/wordpress\/segunda\/wp-json\/wp\/v2\/media\/245132"}],"wp:attachment":[{"href":"https:\/\/www.tucomarca.com\/wordpress\/segunda\/wp-json\/wp\/v2\/media?parent=245129"}],"wp:term":[{"taxonomy":"category","embeddable":true,"href":"https:\/\/www.tucomarca.com\/wordpress\/segunda\/wp-json\/wp\/v2\/categories?post=245129"},{"taxonomy":"post_tag","embeddable":true,"href":"https:\/\/www.tucomarca.com\/wordpress\/segunda\/wp-json\/wp\/v2\/tags?post=245129"}],"curies":[{"name":"wp","href":"https:\/\/api.w.org\/{rel}","templated":true}]}}