{"id":245200,"date":"2024-11-15T08:20:00","date_gmt":"2024-11-15T06:20:00","guid":{"rendered":"https:\/\/www.tucomarca.com\/wordpress\/segunda\/?p=245200"},"modified":"2024-11-15T10:11:04","modified_gmt":"2024-11-15T08:11:04","slug":"el-ivc-retoma-la-programacion-cultural-en-los-teatros-principal-y-rialto-de-valencia-este-fin-de-semana-con-el-objetivo-de-reactivar-el-sector-cultural","status":"publish","type":"post","link":"https:\/\/www.tucomarca.com\/wordpress\/segunda\/el-ivc-retoma-la-programacion-cultural-en-los-teatros-principal-y-rialto-de-valencia-este-fin-de-semana-con-el-objetivo-de-reactivar-el-sector-cultural\/","title":{"rendered":"El IVC retoma la programaci\u00f3n cultural en los teatros Principal y Rialto de Val\u00e8ncia este fin de semana con el objetivo de reactivar el sector cultural tras la DANA"},"content":{"rendered":"\n<h3 class=\"wp-block-heading\">En el Teatro Principal se podr\u00e1 ver el premiado mon\u00f3logo inspirado en Ricardo III \u2018Hist\u00f2ria d\u2019un senglar\u2019.<\/h3>\n\n\n\n<h3 class=\"wp-block-heading\">En la Sala 7 del Rialto se presenta \u2018For (D)\u2019 de la valenciana Olga Clavel, un espect\u00e1culo de danza sobre el impacto de la m\u00fasica en el cuerpo.<\/h3>\n\n\n\n<p>La Conselleria de Educaci\u00f3n, Cultura, Universidades y Empleo retoma la actividad programada por la direcci\u00f3n adjunta de Artes Esc\u00e9nicas del Institut Valenci\u00e0 de Cultura en los teatros Principal y Rialto de Val\u00e8ncia con el objetivo de reactivar el sector cultural.<\/p>\n\n\n\n<p>Se trata de dos propuestas en formato \u00edntimo que requieren una cercan\u00eda especial con el p\u00fablico. En concreto, en el Teatro Principal se podr\u00e1 ver el premiado mon\u00f3logo \u2018Hist\u00f2ria d\u2019un senglar\u2019 mientras que en el Teatro Rialto se presenta el espect\u00e1culo sobre el impacto de la m\u00fasica en el cuerpo \u2018For (D)\u2019, de la valenciana Olga Clavel.&nbsp;<\/p>\n\n\n\n<p>Hist\u00f2ria d\u2019un Senglar\u2019 (O alguna cosa de Ricard) es un mon\u00f3logo, escrito y dirigido por Gabriel Calder\u00f3n, inspirado en Ricardo III, que reflexiona alrededor de los mecanismos de poder contempor\u00e1neos, el deseo, el resentimiento y los l\u00edmites de la ambici\u00f3n humana.&nbsp;<\/p>\n\n\n\n<p>Se podr\u00e1 ver los d\u00edas 16 y 17 de noviembre en el Teatro Principal con un aforo reducido, ya que el espect\u00e1culo requiere cierta cercan\u00eda con el espectador.<\/p>\n\n\n\n<p>Seg\u00fan su autor, \u201cdialogar con un cl\u00e1sico implica encontrar las palabras, ideas y situaciones contempor\u00e1neas que encuentren su eco, resuenen y se acoplen en un arm\u00f3nico di\u00e1logo con aquellos signos escritos hace siglos atr\u00e1s\u201d.&nbsp;<\/p>\n\n\n\n<p>Su protagonista, Joan Carreras, obtuvo el Premio Max y el Premio Butaca a mejor actor por su interpretaci\u00f3n en esta obra. El actor se enfrenta al reto de interpretar Ricardo III, el monarca despiadado de la tragedia de William Shakespeare. Durante la construcci\u00f3n del personaje, las afinidades entre el actor y el monarca ingl\u00e9s empiezan a aflorar. Los dos son ambiciosos e inteligentes.<\/p>\n\n\n\n<p>Como Ricardo III, Joan no se conforma con poco, tiene ansia de poder y no est\u00e1 dispuesto a perder el tiempo con actores blandos, hipersensibles o mediocres. A medida que se entrelazan sus historias de vida, la relaci\u00f3n entre el actor, el personaje y el espectador acontece cada vez m\u00e1s estrecha.<\/p>\n\n\n\n<p>El espect\u00e1culo tambi\u00e9n obtuvo el Premio Butaca a mejor producci\u00f3n de peque\u00f1o formato y fue finalista al premio Max mejor espacio esc\u00e9nico.<\/p>\n\n\n\n<figure class=\"wp-block-image size-large\"><img loading=\"lazy\" decoding=\"async\" width=\"1024\" height=\"683\" src=\"https:\/\/www.tucomarca.com\/wordpress\/segunda\/wp-content\/uploads\/2024\/11\/IVC_Ford-1024x683.jpg\" alt=\"\" class=\"wp-image-245221\" srcset=\"https:\/\/www.tucomarca.com\/wordpress\/segunda\/wp-content\/uploads\/2024\/11\/IVC_Ford-1024x683.jpg 1024w, https:\/\/www.tucomarca.com\/wordpress\/segunda\/wp-content\/uploads\/2024\/11\/IVC_Ford-300x200.jpg 300w, https:\/\/www.tucomarca.com\/wordpress\/segunda\/wp-content\/uploads\/2024\/11\/IVC_Ford-768x512.jpg 768w, https:\/\/www.tucomarca.com\/wordpress\/segunda\/wp-content\/uploads\/2024\/11\/IVC_Ford.jpg 1200w\" sizes=\"auto, (max-width: 1024px) 100vw, 1024px\" \/><\/figure>\n\n\n\n<p><strong>For (D) en el Teatro Rialto<\/strong><\/p>\n\n\n\n<p>Por otra parte, en la Sala 7 del Rialto se podr\u00e1 ver, el 15 y 16 de noviembre, \u2018For (D)\u2019 de la valenciana Olga Clavel, una propuesta de movimiento sobre el impacto de la m\u00fasica en el cuerpo. Adem\u00e1s, se realizar\u00e1 una funci\u00f3n matinal el d\u00eda 15 con un coloquio posterior con el p\u00fablico.<\/p>\n\n\n\n<p>\u201c\u2018For(D)\u2019 ha sido un proceso donde hemos investigado sobre la resonancia, y la huella que provoca la m\u00fasica en este caso la m\u00fasica tecno, sobre el cuerpo\u201d, afirma su directora y core\u00f3grafa, Olga Clavel.<\/p>\n\n\n\n<p>La pieza, que cuenta con la colaboraci\u00f3n de Teatre L\u2019Artes\u00e0 y Espai La Granja, busca la conexi\u00f3n con el espectador por lo que busca descentralizar el \u2018espacio discoteca\u2019 y el espacio esc\u00e9nico, para convertir For(D) en una experiencia compartida con el p\u00fablico \u201cdonde nos encontramos en una primera parte con el cuerpo recibiendo el impacto de la m\u00fasica, el espacio, la luz y luego este cuerpo desaparece provocando una memoria (resonancia) espacial y el cuerpo p\u00fablico ocupa este vac\u00edo, lleno de contenido\u201d, cuenta la compa\u00f1\u00eda.<\/p>\n\n\n\n<p>Las entradas se pueden adquirir en las taquillas del teatro, as\u00ed como en la&nbsp;<a href=\"https:\/\/taquilla.ivc.gva.es\/janto\/main.php\">taquilla online<\/a>.<\/p>\n","protected":false},"excerpt":{"rendered":"<div class=\"mh-excerpt\">En el Teatro Principal se podr\u00e1 ver el premiado mon\u00f3logo inspirado en Ricardo III \u2018Hist\u00f2ria d\u2019un senglar\u2019. En la Sala 7 del Rialto se presenta \u2018For (D)\u2019 de la valenciana Olga Clavel, un espect\u00e1culo de <a class=\"mh-excerpt-more\" href=\"https:\/\/www.tucomarca.com\/wordpress\/segunda\/el-ivc-retoma-la-programacion-cultural-en-los-teatros-principal-y-rialto-de-valencia-este-fin-de-semana-con-el-objetivo-de-reactivar-el-sector-cultural\/\" title=\"El IVC retoma la programaci\u00f3n cultural en los teatros Principal y Rialto de Val\u00e8ncia este fin de semana con el objetivo de reactivar el sector cultural tras la DANA\">[+] <\/a><\/div>\n","protected":false},"author":12,"featured_media":245219,"comment_status":"open","ping_status":"open","sticky":false,"template":"","format":"standard","meta":{"footnotes":""},"categories":[4,66,8,72,7,3,45],"tags":[13272,17757,21556,21285],"class_list":{"0":"post-245200","1":"post","2":"type-post","3":"status-publish","4":"format-standard","5":"has-post-thumbnail","7":"category-agenda","8":"category-musica","9":"category-la-comarca","10":"category-sin-categorizar","11":"category-ocio-y-cultura","12":"category-seccion","13":"category-ventana","14":"tag-institut-valencia-de-cultura","15":"tag-ivc","16":"tag-teatro-principal-de-valencia","17":"tag-teatro-rialto"},"_links":{"self":[{"href":"https:\/\/www.tucomarca.com\/wordpress\/segunda\/wp-json\/wp\/v2\/posts\/245200","targetHints":{"allow":["GET"]}}],"collection":[{"href":"https:\/\/www.tucomarca.com\/wordpress\/segunda\/wp-json\/wp\/v2\/posts"}],"about":[{"href":"https:\/\/www.tucomarca.com\/wordpress\/segunda\/wp-json\/wp\/v2\/types\/post"}],"author":[{"embeddable":true,"href":"https:\/\/www.tucomarca.com\/wordpress\/segunda\/wp-json\/wp\/v2\/users\/12"}],"replies":[{"embeddable":true,"href":"https:\/\/www.tucomarca.com\/wordpress\/segunda\/wp-json\/wp\/v2\/comments?post=245200"}],"version-history":[{"count":0,"href":"https:\/\/www.tucomarca.com\/wordpress\/segunda\/wp-json\/wp\/v2\/posts\/245200\/revisions"}],"wp:featuredmedia":[{"embeddable":true,"href":"https:\/\/www.tucomarca.com\/wordpress\/segunda\/wp-json\/wp\/v2\/media\/245219"}],"wp:attachment":[{"href":"https:\/\/www.tucomarca.com\/wordpress\/segunda\/wp-json\/wp\/v2\/media?parent=245200"}],"wp:term":[{"taxonomy":"category","embeddable":true,"href":"https:\/\/www.tucomarca.com\/wordpress\/segunda\/wp-json\/wp\/v2\/categories?post=245200"},{"taxonomy":"post_tag","embeddable":true,"href":"https:\/\/www.tucomarca.com\/wordpress\/segunda\/wp-json\/wp\/v2\/tags?post=245200"}],"curies":[{"name":"wp","href":"https:\/\/api.w.org\/{rel}","templated":true}]}}