{"id":245201,"date":"2024-11-14T15:00:00","date_gmt":"2024-11-14T13:00:00","guid":{"rendered":"https:\/\/www.tucomarca.com\/wordpress\/segunda\/?p=245201"},"modified":"2024-11-14T17:20:35","modified_gmt":"2024-11-14T15:20:35","slug":"las-ultimas-intensas-lluvias-del-13-y-14-de-noviembre-no-provocan-ningun-incidente-resenable-en-chiva","status":"publish","type":"post","link":"https:\/\/www.tucomarca.com\/wordpress\/segunda\/las-ultimas-intensas-lluvias-del-13-y-14-de-noviembre-no-provocan-ningun-incidente-resenable-en-chiva\/","title":{"rendered":"Las \u00faltimas intensas lluvias del 13 y 14 de noviembre no provocan ning\u00fan incidente rese\u00f1able en Chiva"},"content":{"rendered":"\n<p>El Ayuntamiento de Chiva informa que, tras las intensas lluvias de la noche del 13 al 14 de noviembre, \u00abse ha evaluado la situaci\u00f3n en el municipio. Afortunadamente, gracias a los trabajos previos de limpieza de los colectores, no se ha producido ning\u00fan incidente rese\u00f1able. Sin embargo, los equipos de trabajo siguen actuando en las zonas afectadas, especialmente en urbanizaciones y puntos que a\u00fan est\u00e1n da\u00f1ados por las lluvias y la riada del pasado 29 de octubre\u00bb.<\/p>\n\n\n\n<p>\u00abSin embargo, en la pasarela provisional de Sierra Perenchiza, se recomienda evitar la circulaci\u00f3n de veh\u00edculos por la ella debido a un aumento leve en el caudal del agua por la bajada del Barranco Gallego, esta fue habilitada con la colaboraci\u00f3n de los vecinos y bajo la coordinaci\u00f3n del Ayuntamiento. Aunque la pasarela permanecer\u00e1 abierta para peatones, se aconseja a los conductores que utilicen el acceso alternativo por Calicanto, que es un poco m\u00e1s largo, pero m\u00e1s seguro\u00bb.<\/p>\n\n\n\n<p>\u00abSe espera que la pasarela quede nuevamente abierta en las pr\u00f3ximas horas para veh\u00edculos. Mientras tanto, por seguridad, se pide evitar su uso para circulaci\u00f3n de coches\u00bb.<\/p>\n\n\n\n<p>\u00abEl Ayuntamiento de Chiva contin\u00faa trabajando de manera activa en la recuperaci\u00f3n de las zonas afectadas, incluyendo las viviendas desalojadas.\u00a0Seguiremos informando sobre la evoluci\u00f3n de la situaci\u00f3n y las medidas a seguir\u00bb, han finalizado.<\/p>\n","protected":false},"excerpt":{"rendered":"<div class=\"mh-excerpt\">El Ayuntamiento de Chiva informa que, tras las intensas lluvias de la noche del 13 al 14 de noviembre, \u00abse ha evaluado la situaci\u00f3n en el municipio. Afortunadamente, gracias a los trabajos previos de limpieza <a class=\"mh-excerpt-more\" href=\"https:\/\/www.tucomarca.com\/wordpress\/segunda\/las-ultimas-intensas-lluvias-del-13-y-14-de-noviembre-no-provocan-ningun-incidente-resenable-en-chiva\/\" title=\"Las \u00faltimas intensas lluvias del 13 y 14 de noviembre no provocan ning\u00fan incidente rese\u00f1able en Chiva\">[+] <\/a><\/div>\n","protected":false},"author":13,"featured_media":245202,"comment_status":"open","ping_status":"open","sticky":false,"template":"","format":"standard","meta":{"footnotes":""},"categories":[16,21465,128,8,72,10,117,142,3,116,45],"tags":[10384,12831,10412,2142,5952,107],"class_list":{"0":"post-245201","1":"post","2":"type-post","3":"status-publish","4":"format-standard","5":"has-post-thumbnail","7":"category-chiva","8":"category-dana","9":"category-infraestructuras","10":"category-la-comarca","11":"category-sin-categorizar","12":"category-la-hoya","13":"category-medio-ambiente-la-comarca","14":"category-politica-la-comarca","15":"category-seccion","16":"category-sucesos-la-comarca","17":"category-ventana","18":"tag-chiva","19":"tag-dana-2","20":"tag-infraestructuras","21":"tag-la-comunitat","22":"tag-la-hoya-de-bunol-chiva","23":"tag-medio-ambiente"},"_links":{"self":[{"href":"https:\/\/www.tucomarca.com\/wordpress\/segunda\/wp-json\/wp\/v2\/posts\/245201","targetHints":{"allow":["GET"]}}],"collection":[{"href":"https:\/\/www.tucomarca.com\/wordpress\/segunda\/wp-json\/wp\/v2\/posts"}],"about":[{"href":"https:\/\/www.tucomarca.com\/wordpress\/segunda\/wp-json\/wp\/v2\/types\/post"}],"author":[{"embeddable":true,"href":"https:\/\/www.tucomarca.com\/wordpress\/segunda\/wp-json\/wp\/v2\/users\/13"}],"replies":[{"embeddable":true,"href":"https:\/\/www.tucomarca.com\/wordpress\/segunda\/wp-json\/wp\/v2\/comments?post=245201"}],"version-history":[{"count":0,"href":"https:\/\/www.tucomarca.com\/wordpress\/segunda\/wp-json\/wp\/v2\/posts\/245201\/revisions"}],"wp:featuredmedia":[{"embeddable":true,"href":"https:\/\/www.tucomarca.com\/wordpress\/segunda\/wp-json\/wp\/v2\/media\/245202"}],"wp:attachment":[{"href":"https:\/\/www.tucomarca.com\/wordpress\/segunda\/wp-json\/wp\/v2\/media?parent=245201"}],"wp:term":[{"taxonomy":"category","embeddable":true,"href":"https:\/\/www.tucomarca.com\/wordpress\/segunda\/wp-json\/wp\/v2\/categories?post=245201"},{"taxonomy":"post_tag","embeddable":true,"href":"https:\/\/www.tucomarca.com\/wordpress\/segunda\/wp-json\/wp\/v2\/tags?post=245201"}],"curies":[{"name":"wp","href":"https:\/\/api.w.org\/{rel}","templated":true}]}}