{"id":245310,"date":"2024-11-15T09:45:00","date_gmt":"2024-11-15T07:45:00","guid":{"rendered":"https:\/\/www.tucomarca.com\/wordpress\/segunda\/?p=245310"},"modified":"2024-11-15T16:49:34","modified_gmt":"2024-11-15T14:49:34","slug":"el-operativo-de-retirada-de-residuos-evacua-17-000-toneladas-de-enseres-en-las-ultimas-24-horas","status":"publish","type":"post","link":"https:\/\/www.tucomarca.com\/wordpress\/segunda\/el-operativo-de-retirada-de-residuos-evacua-17-000-toneladas-de-enseres-en-las-ultimas-24-horas\/","title":{"rendered":"El operativo de retirada de residuos evac\u00faa 17.000 toneladas de enseres en las \u00faltimas 24 horas"},"content":{"rendered":"\n<h3 class=\"wp-block-heading\">El CECOPI reeval\u00faa las necesidades de cada sector para adaptar de manera pormenorizada las actuaciones sobre el terreno.<\/h3>\n\n\n\n<h3 class=\"wp-block-heading\">Las condiciones meteorol\u00f3gicas permiten que se reanude la b\u00fasqueda por mar y los trabajos de rastreo persisten en l\u2019Albufera y la rambla del Poyo.<\/h3>\n\n\n\n<p>La directora general de Prevenci\u00f3n de Incendios, Rosa Tour\u00eds, ha informado de las cuestiones que se han abordado en la reuni\u00f3n del CECOPI en el que han participado el president de la Generalitat, Carlos Maz\u00f3n, y el ministro del Interior, Fernando Grande Marlaska.<\/p>\n\n\n\n<p>El CECOPI ha reevaluado las necesidades de cada uno de los sectores en los que se est\u00e1 trabajando para atender de manera pormenorizada las diferentes actuaciones que se est\u00e1n desarrollando sobre el terreno \u201cy poder as\u00ed ser m\u00e1s efectivos en el proceso hacia una primera situaci\u00f3n de normalidad\u201d.<\/p>\n\n\n\n<p>Tour\u00eds ha explicado que, \u201cde esta forma, se van a estudiar las prioridades respecto a medios log\u00edsticos, maquinaria y medios operativos que son necesarios para cada tipo de intervenci\u00f3n\u201d. Gracias a esta manera de proceder -ha a\u00f1adido- \u201cen las \u00faltimas 24 horas se ha conseguido evacuar la mayor cantidad de residuos de las zonas afectadas, un total de 17.000 toneladas\u201d.<\/p>\n\n\n\n<p>Sobre la b\u00fasqueda y rescate de v\u00edctimas, la portavoz ha indicado que \u201cel trabajo del grupo especial de recate permanece hoy en la zona de l\u2019Albufera y su \u00e1rea de influencia. &nbsp;Se mantiene el nivel entre 10-12 cent\u00edmetros, tal y como solicit\u00f3 Guardia Civil para facilitar estas labores\u201d. Respecto a la b\u00fasqueda en el mar de posibles v\u00edctimas se reanud\u00f3 este jueves conforme las condiciones meteorol\u00f3gicas lo permitieron.<\/p>\n\n\n\n<p><strong>Efectivos sobre el terreno<\/strong><\/p>\n\n\n\n<p>Rosa Tour\u00eds ha detallado que los efectivos de emergencia que contin\u00faan trabajando: Sobre el terreno est\u00e1n desplegados 2.190 bomberos de cerca de 40 organismos y 8.500 efectivos del Ej\u00e9rcito de los cuales 2.100 pertenecen a la UME. &nbsp;M\u00e1s de 800 voluntarios de Protecci\u00f3n Civil de toda Espa\u00f1a, 9.728 agentes, entre polic\u00edas nacionales y guardia civil, m\u00e1s de 500 efectivos de las distintas polic\u00edas locales y m\u00e1s de 130 efectivos de la Polic\u00eda de la Generalitat.<\/p>\n\n\n\n<p><strong>Seguimiento de la situaci\u00f3n meteorol\u00f3gica<\/strong><\/p>\n\n\n\n<p>Sobre el seguimiento de la situaci\u00f3n meteorol\u00f3gica, Tour\u00eds ha se\u00f1alado que, \u201cen estos momentos estamos sin ninguna alerta meteorol\u00f3gica en la Comunitat Valenciana, aunque continuamos con la situaci\u00f3n 2 del Plan de Inundaciones en toda la provincia de Valencia y situaci\u00f3n 1 del Plan Especial de Inundaciones por lluvias en la comarca del Baix Maestrat, en Castell\u00f3n\u201d.<\/p>\n","protected":false},"excerpt":{"rendered":"<div class=\"mh-excerpt\">El CECOPI reeval\u00faa las necesidades de cada sector para adaptar de manera pormenorizada las actuaciones sobre el terreno. Las condiciones meteorol\u00f3gicas permiten que se reanude la b\u00fasqueda por mar y los trabajos de rastreo persisten <a class=\"mh-excerpt-more\" href=\"https:\/\/www.tucomarca.com\/wordpress\/segunda\/el-operativo-de-retirada-de-residuos-evacua-17-000-toneladas-de-enseres-en-las-ultimas-24-horas\/\" title=\"El operativo de retirada de residuos evac\u00faa 17.000 toneladas de enseres en las \u00faltimas 24 horas\">[+] <\/a><\/div>\n","protected":false},"author":12,"featured_media":245312,"comment_status":"open","ping_status":"open","sticky":false,"template":"","format":"standard","meta":{"footnotes":""},"categories":[46,16,21465,128,8,72,10,117,142,182,3,116,45],"tags":[12831,10716,21566],"class_list":{"0":"post-245310","1":"post","2":"type-post","3":"status-publish","4":"format-standard","5":"has-post-thumbnail","7":"category-camp-de-turia","8":"category-chiva","9":"category-dana","10":"category-infraestructuras","11":"category-la-comarca","12":"category-sin-categorizar","13":"category-la-hoya","14":"category-medio-ambiente-la-comarca","15":"category-politica-la-comarca","16":"category-riba-roja","17":"category-seccion","18":"category-sucesos-la-comarca","19":"category-ventana","20":"tag-dana-2","21":"tag-generalitat-valenciana","22":"tag-retirada-de-residuos"},"_links":{"self":[{"href":"https:\/\/www.tucomarca.com\/wordpress\/segunda\/wp-json\/wp\/v2\/posts\/245310","targetHints":{"allow":["GET"]}}],"collection":[{"href":"https:\/\/www.tucomarca.com\/wordpress\/segunda\/wp-json\/wp\/v2\/posts"}],"about":[{"href":"https:\/\/www.tucomarca.com\/wordpress\/segunda\/wp-json\/wp\/v2\/types\/post"}],"author":[{"embeddable":true,"href":"https:\/\/www.tucomarca.com\/wordpress\/segunda\/wp-json\/wp\/v2\/users\/12"}],"replies":[{"embeddable":true,"href":"https:\/\/www.tucomarca.com\/wordpress\/segunda\/wp-json\/wp\/v2\/comments?post=245310"}],"version-history":[{"count":0,"href":"https:\/\/www.tucomarca.com\/wordpress\/segunda\/wp-json\/wp\/v2\/posts\/245310\/revisions"}],"wp:featuredmedia":[{"embeddable":true,"href":"https:\/\/www.tucomarca.com\/wordpress\/segunda\/wp-json\/wp\/v2\/media\/245312"}],"wp:attachment":[{"href":"https:\/\/www.tucomarca.com\/wordpress\/segunda\/wp-json\/wp\/v2\/media?parent=245310"}],"wp:term":[{"taxonomy":"category","embeddable":true,"href":"https:\/\/www.tucomarca.com\/wordpress\/segunda\/wp-json\/wp\/v2\/categories?post=245310"},{"taxonomy":"post_tag","embeddable":true,"href":"https:\/\/www.tucomarca.com\/wordpress\/segunda\/wp-json\/wp\/v2\/tags?post=245310"}],"curies":[{"name":"wp","href":"https:\/\/api.w.org\/{rel}","templated":true}]}}