{"id":245384,"date":"2024-11-16T08:30:00","date_gmt":"2024-11-16T06:30:00","guid":{"rendered":"https:\/\/www.tucomarca.com\/wordpress\/segunda\/?p=245384"},"modified":"2024-11-16T14:14:43","modified_gmt":"2024-11-16T12:14:43","slug":"cheste-honra-a-las-victimas-de-la-dana-con-un-minuto-de-silencio","status":"publish","type":"post","link":"https:\/\/www.tucomarca.com\/wordpress\/segunda\/cheste-honra-a-las-victimas-de-la-dana-con-un-minuto-de-silencio\/","title":{"rendered":"Cheste honra a las v\u00edctimas de la DANA con un minuto de silencio"},"content":{"rendered":"\n<p>Cheste ha rendido homenaje a las v\u00edctimas de la devastadora DANA con un emotivo minuto de silencio, al que acudieron vecinos, vecinas, representantes de la Polic\u00eda Local, Guardia Civil, Protecci\u00f3n Civil, autoridades municipales y miembros de la Unidad Militar de Emergencias (UME), quienes han desempe\u00f1ado un papel fundamental en la respuesta a esta tragedia.<\/p>\n\n\n\n<figure class=\"wp-block-gallery has-nested-images columns-default is-cropped wp-block-gallery-1 is-layout-flex wp-block-gallery-is-layout-flex\">\n<figure class=\"wp-block-image size-large\"><img loading=\"lazy\" decoding=\"async\" width=\"1024\" height=\"683\" data-id=\"245388\" src=\"https:\/\/www.tucomarca.com\/wordpress\/segunda\/wp-content\/uploads\/2024\/11\/ChesteMinutoDANA1-1024x683.jpg\" alt=\"\" class=\"wp-image-245388\" srcset=\"https:\/\/www.tucomarca.com\/wordpress\/segunda\/wp-content\/uploads\/2024\/11\/ChesteMinutoDANA1-1024x683.jpg 1024w, https:\/\/www.tucomarca.com\/wordpress\/segunda\/wp-content\/uploads\/2024\/11\/ChesteMinutoDANA1-300x200.jpg 300w, https:\/\/www.tucomarca.com\/wordpress\/segunda\/wp-content\/uploads\/2024\/11\/ChesteMinutoDANA1-768x512.jpg 768w, https:\/\/www.tucomarca.com\/wordpress\/segunda\/wp-content\/uploads\/2024\/11\/ChesteMinutoDANA1.jpg 1440w\" sizes=\"auto, (max-width: 1024px) 100vw, 1024px\" \/><\/figure>\n\n\n\n<figure class=\"wp-block-image size-large\"><img loading=\"lazy\" decoding=\"async\" width=\"1024\" height=\"683\" data-id=\"245390\" src=\"https:\/\/www.tucomarca.com\/wordpress\/segunda\/wp-content\/uploads\/2024\/11\/ChesteMinutoDANA3-1024x683.jpg\" alt=\"\" class=\"wp-image-245390\" srcset=\"https:\/\/www.tucomarca.com\/wordpress\/segunda\/wp-content\/uploads\/2024\/11\/ChesteMinutoDANA3-1024x683.jpg 1024w, https:\/\/www.tucomarca.com\/wordpress\/segunda\/wp-content\/uploads\/2024\/11\/ChesteMinutoDANA3-300x200.jpg 300w, https:\/\/www.tucomarca.com\/wordpress\/segunda\/wp-content\/uploads\/2024\/11\/ChesteMinutoDANA3-768x512.jpg 768w, https:\/\/www.tucomarca.com\/wordpress\/segunda\/wp-content\/uploads\/2024\/11\/ChesteMinutoDANA3.jpg 1440w\" sizes=\"auto, (max-width: 1024px) 100vw, 1024px\" \/><\/figure>\n<\/figure>\n\n\n\n<p>El alcalde de Cheste, Jos\u00e9 Morell, comparti\u00f3 unas palabras llenas de reflexi\u00f3n y dolor:<\/p>\n\n\n\n<p>\u201c6 fallecidos vecinos de Cheste. 10 cad\u00e1veres en el barranco. 1 vecina desaparecida. M\u00e1s de 200 en toda Valencia. Hoy era el d\u00eda para honrarles\u00bb.<\/p>\n\n\n\n<p>\u00abEs mucho el dolor que se ha producido a pocos metros de nuestras casas y en la provincia. Demasiada incertidumbre, miedo, incomprensi\u00f3n, pena y dificultades. Seguro que os pasa. A m\u00ed me pasa. Todos tenemos necesidad de encontrarnos y compartir c\u00f3mo hemos vivido estos d\u00edas dist\u00f3picos y aciagos\u201d.<\/p>\n\n\n\n<p>El acto tambi\u00e9n incluy\u00f3 un momento especial de m\u00fasica a cargo de Jorge Alarc\u00f3n, quien conmovi\u00f3 a los presentes con una interpretaci\u00f3n que reson\u00f3 con el sentir colectivo.<\/p>\n\n\n\n<p>La ceremonia fue una oportunidad para expresar gratitud hacia todos los que han colaborado en la emergencia y para unir a la comunidad en un duelo compartido por las vidas perdidas y los desaf\u00edos que ha dejado esta cat\u00e1strofe.<\/p>\n","protected":false},"excerpt":{"rendered":"<div class=\"mh-excerpt\">Cheste ha rendido homenaje a las v\u00edctimas de la devastadora DANA con un emotivo minuto de silencio, al que acudieron vecinos, vecinas, representantes de la Polic\u00eda Local, Guardia Civil, Protecci\u00f3n Civil, autoridades municipales y miembros <a class=\"mh-excerpt-more\" href=\"https:\/\/www.tucomarca.com\/wordpress\/segunda\/cheste-honra-a-las-victimas-de-la-dana-con-un-minuto-de-silencio\/\" title=\"Cheste honra a las v\u00edctimas de la DANA con un minuto de silencio\">[+] <\/a><\/div>\n","protected":false},"author":12,"featured_media":245392,"comment_status":"open","ping_status":"open","sticky":false,"template":"","format":"gallery","meta":{"footnotes":""},"categories":[17,21465,128,8,72,10,142,3,116,45],"tags":[339,12831,5952],"class_list":{"0":"post-245384","1":"post","2":"type-post","3":"status-publish","4":"format-gallery","5":"has-post-thumbnail","7":"category-cheste","8":"category-dana","9":"category-infraestructuras","10":"category-la-comarca","11":"category-sin-categorizar","12":"category-la-hoya","13":"category-politica-la-comarca","14":"category-seccion","15":"category-sucesos-la-comarca","16":"category-ventana","17":"tag-cheste-2","18":"tag-dana-2","19":"tag-la-hoya-de-bunol-chiva","20":"post_format-post-format-gallery"},"_links":{"self":[{"href":"https:\/\/www.tucomarca.com\/wordpress\/segunda\/wp-json\/wp\/v2\/posts\/245384","targetHints":{"allow":["GET"]}}],"collection":[{"href":"https:\/\/www.tucomarca.com\/wordpress\/segunda\/wp-json\/wp\/v2\/posts"}],"about":[{"href":"https:\/\/www.tucomarca.com\/wordpress\/segunda\/wp-json\/wp\/v2\/types\/post"}],"author":[{"embeddable":true,"href":"https:\/\/www.tucomarca.com\/wordpress\/segunda\/wp-json\/wp\/v2\/users\/12"}],"replies":[{"embeddable":true,"href":"https:\/\/www.tucomarca.com\/wordpress\/segunda\/wp-json\/wp\/v2\/comments?post=245384"}],"version-history":[{"count":0,"href":"https:\/\/www.tucomarca.com\/wordpress\/segunda\/wp-json\/wp\/v2\/posts\/245384\/revisions"}],"wp:featuredmedia":[{"embeddable":true,"href":"https:\/\/www.tucomarca.com\/wordpress\/segunda\/wp-json\/wp\/v2\/media\/245392"}],"wp:attachment":[{"href":"https:\/\/www.tucomarca.com\/wordpress\/segunda\/wp-json\/wp\/v2\/media?parent=245384"}],"wp:term":[{"taxonomy":"category","embeddable":true,"href":"https:\/\/www.tucomarca.com\/wordpress\/segunda\/wp-json\/wp\/v2\/categories?post=245384"},{"taxonomy":"post_tag","embeddable":true,"href":"https:\/\/www.tucomarca.com\/wordpress\/segunda\/wp-json\/wp\/v2\/tags?post=245384"}],"curies":[{"name":"wp","href":"https:\/\/api.w.org\/{rel}","templated":true}]}}