{"id":245397,"date":"2024-11-16T11:00:00","date_gmt":"2024-11-16T09:00:00","guid":{"rendered":"https:\/\/www.tucomarca.com\/wordpress\/segunda\/?p=245397"},"modified":"2024-11-16T14:17:42","modified_gmt":"2024-11-16T12:17:42","slug":"cheste-recibe-la-visita-de-la-ministra-de-defensa-durante-las-labores-previas-a-la-instalacion-del-puente-mabey-en-la-cv-50","status":"publish","type":"post","link":"https:\/\/www.tucomarca.com\/wordpress\/segunda\/cheste-recibe-la-visita-de-la-ministra-de-defensa-durante-las-labores-previas-a-la-instalacion-del-puente-mabey-en-la-cv-50\/","title":{"rendered":"Cheste recibe la visita de la Ministra de Defensa durante las labores previas a la instalaci\u00f3n del puente Mabey en la CV-50"},"content":{"rendered":"\n<p>Durante estos d\u00edas, la UME est\u00e1 trabajando en las fases previas a la instalaci\u00f3n de un puente Mabey provisional en la CV-50, en el tramo afectado por la DANA, para recuperar el tr\u00e1fico rodado por esta v\u00eda, que conecta Cheste con la A3.<\/p>\n\n\n\n<p>En este contexto, la Ministra de Defensa, Margarita Robles, visit\u00f3 ayer el lugar en el que instalar\u00e1 el puente, acompa\u00f1ada por el teniente general de la UME, Javier Marcos, donde fueron recibidos por el alcalde de Cheste, Jos\u00e9 Morell, y la primera y segunda tenientes de alcalde, M\u00aa \u00c1ngeles Llorente y Brenda Jim\u00e9nez, respectivamente.<\/p>\n\n\n\n<p>El puente provisional tendr\u00e1 una longitud de algo m\u00e1s de 30 metros, divididos en tres tramos, y ya ha viajado desde Torrej\u00f3n de Ardoz a Requena, donde estar\u00e1 almacenado hasta el momento de su instalaci\u00f3n, a la mayor brevedad posible. Estos puentes de apoyo log\u00edstico Mabey pueden soportar hasta 80 toneladas y se utilizan, fundamentalmente, para sustituir los puentes civiles da\u00f1ados, reemplazando las pasarelas de asalto temporales y de apoyo generales.<\/p>\n\n\n\n<p>La pasarela permitir\u00e1 el paso a veh\u00edculos pesados, restringido en los pasos provisionales abiertos hasta el momento en la poblaci\u00f3n, por lo que ayudar\u00e1 a paliar las actuales dificultades de acceso a transportistas y posibilitar\u00e1 la recuperaci\u00f3n del transporte p\u00fablico en autob\u00fas en la localidad. La circulaci\u00f3n en este puente provisional ser\u00e1 de un solo carril y se regular\u00e1 a trav\u00e9s de un sem\u00e1foro.<\/p>\n\n\n\n<figure class=\"wp-block-gallery has-nested-images columns-2 is-cropped wp-block-gallery-1 is-layout-flex wp-block-gallery-is-layout-flex\">\n<figure class=\"wp-block-image size-large\"><img loading=\"lazy\" decoding=\"async\" width=\"1024\" height=\"768\" data-id=\"245405\" src=\"https:\/\/www.tucomarca.com\/wordpress\/segunda\/wp-content\/uploads\/2024\/11\/Cheste_VisitaMinistraPuenteCV-50_4-1024x768.jpg\" alt=\"\" class=\"wp-image-245405\" srcset=\"https:\/\/www.tucomarca.com\/wordpress\/segunda\/wp-content\/uploads\/2024\/11\/Cheste_VisitaMinistraPuenteCV-50_4-1024x768.jpg 1024w, https:\/\/www.tucomarca.com\/wordpress\/segunda\/wp-content\/uploads\/2024\/11\/Cheste_VisitaMinistraPuenteCV-50_4-300x225.jpg 300w, https:\/\/www.tucomarca.com\/wordpress\/segunda\/wp-content\/uploads\/2024\/11\/Cheste_VisitaMinistraPuenteCV-50_4-768x576.jpg 768w, https:\/\/www.tucomarca.com\/wordpress\/segunda\/wp-content\/uploads\/2024\/11\/Cheste_VisitaMinistraPuenteCV-50_4-678x509.jpg 678w, https:\/\/www.tucomarca.com\/wordpress\/segunda\/wp-content\/uploads\/2024\/11\/Cheste_VisitaMinistraPuenteCV-50_4-326x245.jpg 326w, https:\/\/www.tucomarca.com\/wordpress\/segunda\/wp-content\/uploads\/2024\/11\/Cheste_VisitaMinistraPuenteCV-50_4-80x60.jpg 80w, https:\/\/www.tucomarca.com\/wordpress\/segunda\/wp-content\/uploads\/2024\/11\/Cheste_VisitaMinistraPuenteCV-50_4.jpg 1181w\" sizes=\"auto, (max-width: 1024px) 100vw, 1024px\" \/><\/figure>\n\n\n\n<figure class=\"wp-block-image size-large\"><img loading=\"lazy\" decoding=\"async\" width=\"1024\" height=\"768\" data-id=\"245403\" src=\"https:\/\/www.tucomarca.com\/wordpress\/segunda\/wp-content\/uploads\/2024\/11\/Cheste_VisitaMinistraPuenteCV-50_3-1024x768.jpg\" alt=\"\" class=\"wp-image-245403\" srcset=\"https:\/\/www.tucomarca.com\/wordpress\/segunda\/wp-content\/uploads\/2024\/11\/Cheste_VisitaMinistraPuenteCV-50_3-1024x768.jpg 1024w, https:\/\/www.tucomarca.com\/wordpress\/segunda\/wp-content\/uploads\/2024\/11\/Cheste_VisitaMinistraPuenteCV-50_3-300x225.jpg 300w, https:\/\/www.tucomarca.com\/wordpress\/segunda\/wp-content\/uploads\/2024\/11\/Cheste_VisitaMinistraPuenteCV-50_3-768x576.jpg 768w, https:\/\/www.tucomarca.com\/wordpress\/segunda\/wp-content\/uploads\/2024\/11\/Cheste_VisitaMinistraPuenteCV-50_3-678x509.jpg 678w, https:\/\/www.tucomarca.com\/wordpress\/segunda\/wp-content\/uploads\/2024\/11\/Cheste_VisitaMinistraPuenteCV-50_3-326x245.jpg 326w, https:\/\/www.tucomarca.com\/wordpress\/segunda\/wp-content\/uploads\/2024\/11\/Cheste_VisitaMinistraPuenteCV-50_3-80x60.jpg 80w, https:\/\/www.tucomarca.com\/wordpress\/segunda\/wp-content\/uploads\/2024\/11\/Cheste_VisitaMinistraPuenteCV-50_3.jpg 1181w\" sizes=\"auto, (max-width: 1024px) 100vw, 1024px\" \/><\/figure>\n\n\n\n<figure class=\"wp-block-image size-large\"><img loading=\"lazy\" decoding=\"async\" width=\"1024\" height=\"768\" data-id=\"245401\" src=\"https:\/\/www.tucomarca.com\/wordpress\/segunda\/wp-content\/uploads\/2024\/11\/Cheste_VisitaMinistraPuenteCV-50_2-1024x768.jpg\" alt=\"\" class=\"wp-image-245401\" srcset=\"https:\/\/www.tucomarca.com\/wordpress\/segunda\/wp-content\/uploads\/2024\/11\/Cheste_VisitaMinistraPuenteCV-50_2-1024x768.jpg 1024w, https:\/\/www.tucomarca.com\/wordpress\/segunda\/wp-content\/uploads\/2024\/11\/Cheste_VisitaMinistraPuenteCV-50_2-300x225.jpg 300w, https:\/\/www.tucomarca.com\/wordpress\/segunda\/wp-content\/uploads\/2024\/11\/Cheste_VisitaMinistraPuenteCV-50_2-768x576.jpg 768w, https:\/\/www.tucomarca.com\/wordpress\/segunda\/wp-content\/uploads\/2024\/11\/Cheste_VisitaMinistraPuenteCV-50_2-678x509.jpg 678w, https:\/\/www.tucomarca.com\/wordpress\/segunda\/wp-content\/uploads\/2024\/11\/Cheste_VisitaMinistraPuenteCV-50_2-326x245.jpg 326w, https:\/\/www.tucomarca.com\/wordpress\/segunda\/wp-content\/uploads\/2024\/11\/Cheste_VisitaMinistraPuenteCV-50_2-80x60.jpg 80w, https:\/\/www.tucomarca.com\/wordpress\/segunda\/wp-content\/uploads\/2024\/11\/Cheste_VisitaMinistraPuenteCV-50_2.jpg 1181w\" sizes=\"auto, (max-width: 1024px) 100vw, 1024px\" \/><\/figure>\n<\/figure>\n\n\n\n<p><strong>Reconstrucci\u00f3n de infraestructuras<\/strong><\/p>\n\n\n\n<p>Tras la instalaci\u00f3n del puente provisional, comenzar\u00e1n las obras del puente de la antigua gasolinera, que conectaba la poblaci\u00f3n con la CV-378 y la A3, por parte de Diputaci\u00f3n. Con este puente ya en funcionamiento, se proceder\u00e1 a la desinstalaci\u00f3n del puente Mabey de la CV-50 y a la reconstrucci\u00f3n definitiva del tramo afectado, por parte de la Generalitat.<\/p>\n\n\n\n<p>De esta forma se facilitar\u00e1 la conectividad de la poblaci\u00f3n, asegurando en todo el proceso de reconstrucci\u00f3n de accesos que habr\u00e1 un puente abierto a la circulaci\u00f3n.<\/p>\n","protected":false},"excerpt":{"rendered":"<div class=\"mh-excerpt\">Durante estos d\u00edas, la UME est\u00e1 trabajando en las fases previas a la instalaci\u00f3n de un puente Mabey provisional en la CV-50, en el tramo afectado por la DANA, para recuperar el tr\u00e1fico rodado por <a class=\"mh-excerpt-more\" href=\"https:\/\/www.tucomarca.com\/wordpress\/segunda\/cheste-recibe-la-visita-de-la-ministra-de-defensa-durante-las-labores-previas-a-la-instalacion-del-puente-mabey-en-la-cv-50\/\" title=\"Cheste recibe la visita de la Ministra de Defensa durante las labores previas a la instalaci\u00f3n del puente Mabey en la CV-50\">[+] <\/a><\/div>\n","protected":false},"author":12,"featured_media":245399,"comment_status":"open","ping_status":"open","sticky":false,"template":"","format":"gallery","meta":{"footnotes":""},"categories":[17,21465,128,8,72,10,142,3,116,45],"tags":[339,12831,5952,21572,21570,21571,1811],"class_list":{"0":"post-245397","1":"post","2":"type-post","3":"status-publish","4":"format-gallery","5":"has-post-thumbnail","7":"category-cheste","8":"category-dana","9":"category-infraestructuras","10":"category-la-comarca","11":"category-sin-categorizar","12":"category-la-hoya","13":"category-politica-la-comarca","14":"category-seccion","15":"category-sucesos-la-comarca","16":"category-ventana","17":"tag-cheste-2","18":"tag-dana-2","19":"tag-la-hoya-de-bunol-chiva","20":"tag-margarita-robles","21":"tag-ministra-de-defensa","22":"tag-puente-mabey","23":"tag-ume","24":"post_format-post-format-gallery"},"_links":{"self":[{"href":"https:\/\/www.tucomarca.com\/wordpress\/segunda\/wp-json\/wp\/v2\/posts\/245397","targetHints":{"allow":["GET"]}}],"collection":[{"href":"https:\/\/www.tucomarca.com\/wordpress\/segunda\/wp-json\/wp\/v2\/posts"}],"about":[{"href":"https:\/\/www.tucomarca.com\/wordpress\/segunda\/wp-json\/wp\/v2\/types\/post"}],"author":[{"embeddable":true,"href":"https:\/\/www.tucomarca.com\/wordpress\/segunda\/wp-json\/wp\/v2\/users\/12"}],"replies":[{"embeddable":true,"href":"https:\/\/www.tucomarca.com\/wordpress\/segunda\/wp-json\/wp\/v2\/comments?post=245397"}],"version-history":[{"count":0,"href":"https:\/\/www.tucomarca.com\/wordpress\/segunda\/wp-json\/wp\/v2\/posts\/245397\/revisions"}],"wp:featuredmedia":[{"embeddable":true,"href":"https:\/\/www.tucomarca.com\/wordpress\/segunda\/wp-json\/wp\/v2\/media\/245399"}],"wp:attachment":[{"href":"https:\/\/www.tucomarca.com\/wordpress\/segunda\/wp-json\/wp\/v2\/media?parent=245397"}],"wp:term":[{"taxonomy":"category","embeddable":true,"href":"https:\/\/www.tucomarca.com\/wordpress\/segunda\/wp-json\/wp\/v2\/categories?post=245397"},{"taxonomy":"post_tag","embeddable":true,"href":"https:\/\/www.tucomarca.com\/wordpress\/segunda\/wp-json\/wp\/v2\/tags?post=245397"}],"curies":[{"name":"wp","href":"https:\/\/api.w.org\/{rel}","templated":true}]}}