{"id":245507,"date":"2024-11-18T08:33:00","date_gmt":"2024-11-18T06:33:00","guid":{"rendered":"https:\/\/www.tucomarca.com\/wordpress\/segunda\/?p=245507"},"modified":"2024-11-18T20:15:32","modified_gmt":"2024-11-18T18:15:32","slug":"el-pleno-de-cheste-da-luz-verde-al-proyecto-de-mejora-de-la-canalizacion-de-aguas-pluviales-y-a-los-tramites-previos-a-la-licitacion-de-la-gestion-deportiva-municipal","status":"publish","type":"post","link":"https:\/\/www.tucomarca.com\/wordpress\/segunda\/el-pleno-de-cheste-da-luz-verde-al-proyecto-de-mejora-de-la-canalizacion-de-aguas-pluviales-y-a-los-tramites-previos-a-la-licitacion-de-la-gestion-deportiva-municipal\/","title":{"rendered":"El pleno de Cheste da luz verde al proyecto de mejora de la canalizaci\u00f3n de aguas pluviales y a los tr\u00e1mites previos a la licitaci\u00f3n de la gesti\u00f3n deportiva municipal\u00a0"},"content":{"rendered":"\n<p>El pleno de Cheste celebr\u00f3 una sesi\u00f3n extraordinaria y urgente, ante la imposibilidad de celebraci\u00f3n de la sesi\u00f3n ordinaria de octubre, debido a la DANA, este pasado viernes, 15 de noviembre. Entre otros temas se abordaron:<\/p>\n\n\n\n<p><strong>Gesti\u00f3n deportiva municipal<\/strong><\/p>\n\n\n\n<p>En primer lugar, el pleno aprob\u00f3 por unanimidad los puntos del orden del d\u00eda necesarios para poder licitar el modelo de gesti\u00f3n deportiva municipal. Por una parte, se dio luz verde a la ordenanza fiscal que regula las tasas de los actos deportivos, culturales y festivos, y por otra, se aprob\u00f3 el primer reglamento de uso y funcionamiento de las instalaciones deportivas municipales.<\/p>\n\n\n\n<p>&nbsp;\u201cVisto que el modelo anterior de gesti\u00f3n deportiva municipal no ha generado los resultados&nbsp; que esper\u00e1bamos, hemos decidido cambiar su funcionamiento licitando el servicio, ya que pensamos que es una forma transparente y mucho m\u00e1s efectiva de llevar el tema de las escuelas deportivas municipales, que tanto tiempo llevamos intentando mejorar\u201d, explicaba el concejal de Deportes, Adri\u00e1n Tar\u00edn. \u00abEn primer lugar, para que la licitaci\u00f3n se pueda hacer el a\u00f1o que viene son necesarios los pliegos y, para ello, hay que actualizar los precios de la ordenanza fiscal. Por otra parte, el nuevo reglamento de uso de la instalaciones deportivas nos permitir\u00e1 evitar el uso indebido de las mismas, y con las nuevas bases para la concesi\u00f3n de las subvenciones deportivas, los deportistas que representan a Cheste recibir\u00e1n las ayudas de una forma equitativa y transparente. Es un cambio radical y necesario, pero para llevarlo a cabo ha hecho falta tiempo; ahora ya est\u00e1 hecho y el objetivo es poder licitar el servicio para que est\u00e9 listo de cara al curso escolar deportivo del a\u00f1o que viene\u201d.<\/p>\n\n\n\n<p>Por su parte, el alcalde de Cheste, Jos\u00e9 Morell, incidi\u00f3 en la importancia de regular el modelo de gesti\u00f3n deportiva municipal: \u201cSe trata de un paso importante para equilibrar los salarios de los monitores y evitar retrasos en los pagos\u201d, apuntaba Morell.<\/p>\n\n\n\n<p>Desde la oposici\u00f3n, el portavoz del PP, Enrique Peinado, justific\u00f3 el voto a favor de su grupo argumentando la necesaria revisi\u00f3n y actualizaci\u00f3n de ordenanzas y proponiendo el aumento de la subvenci\u00f3n a las personas deportistas en el futuro. \u201cCon respecto al reglamento, nos hubiera gustado aportar ideas, pero no se nos ha abierto esa puerta\u201d, apostillaba Peinado.<\/p>\n\n\n\n<p><strong>Bonificaciones en los actos municipales<\/strong><\/p>\n\n\n\n<p>La concejala de Hacienda, M\u00aa \u00c1ngeles Llorente, explic\u00f3 tambi\u00e9n que en la nueva ordenanza fiscal que regula las tasas de los actos deportivos, culturales y festivos, se han introducido cambios en las bonificaciones. \u201cSe han contemplado bonificaciones por tener Carnet Jove o por tener entre 12 y 17 a\u00f1os, hay bonificaciones por diversidad funcional, familia numerosa, familia monoparental, familia acogedora y para pensionistas y jubilados; aunque no son las mismas en el \u00e1mbito deportivo que en cultural\u201d, explicaba Llorente.<\/p>\n\n\n\n<p><strong>Canalizaci\u00f3n de aguas pluviales<\/strong><\/p>\n\n\n\n<p>El pleno tambi\u00e9n aprob\u00f3, con todos los votos a favor, el proyecto y la licitaci\u00f3n de las obras de ampliaci\u00f3n del sistema de evacuaci\u00f3n de aguas pluviales y la remodelaci\u00f3n de la calle Laurel, que explic\u00f3 detalladamente el alcalde.<\/p>\n\n\n\n<p>\u201cEn los \u00faltimos a\u00f1os, el aumento de los episodios de lluvias torrenciales y la menor capacidad de absorci\u00f3n de la tierra, debido a la urbanizaci\u00f3n en el pol\u00edgono Pino Blay, est\u00e1 provocando que el <em>barranquico<\/em> Silleta, que es la columna vertebral de la evacuaci\u00f3n de las aguas pluviales de nuestro pueblo, se est\u00e9 convirtiendo en un problema, no solo para los vecinos de la calle Laurel, si no tambi\u00e9n para los de la avenida Castilla\u201d, explicaba Morell. \u201cEn el marco del Plan de inundaciones que encargamos a Egevasa se realizaron la primera y la segunda fase de remodelaci\u00f3n de pluviales, con la duplicaci\u00f3n de la salida del barranco Silleta, con una nueva canalizaci\u00f3n por la Calle Malpich que hicimos con una subvenci\u00f3n de Diputaci\u00f3n. Como es evidente que no es suficiente, tenemos que abordar una tercera fase de remodelaci\u00f3n de pluviales, que tiene un valor de 1,2 millones de euros, y para hacer frente a la inversi\u00f3n nos ha salido la oportunidad de sumarnos al Pla Obert de Diputaci\u00f3n, que ofrece una subvenci\u00f3n de 800.000 euros, disponible durante cuatro a\u00f1os, con la que vamos a poder evitar problemas administrativos; la segunda parte se financiar\u00e1 con lo que pagamos todos los chestanos en el recibo del agua para inversiones\u201d.<\/p>\n\n\n\n<p>Tal y como explic\u00f3 el alcalde, se espera que las obras puedan comenzar a principios de a\u00f1o,&nbsp; aunque debido al elevado coste del contrato los plazos para la adjudicaci\u00f3n son m\u00e1s largos.&nbsp; Con respecto al plan de obra, Morell afirm\u00f3 que el personal t\u00e9cnico ha establecido su ejecuci\u00f3n por tramos de 70 metros, para minimizar las molestias, y que se convocar\u00e1n reuniones con el vecindario afectado cuando ya est\u00e9 adjudicado el contrato.<\/p>\n\n\n\n<p>El punto se aprob\u00f3 con los votos a favor de PSOE e IU y el PP justific\u00f3 su abstenci\u00f3n ante la falta de informaci\u00f3n ofrecida a su grupo con respecto a este tema.<\/p>\n\n\n\n<p><strong>Plan General Estructural (PGE)<\/strong><\/p>\n\n\n\n<p>Por otra parte, durante la sesi\u00f3n plenaria se ratific\u00f3 la resoluci\u00f3n de la alegaci\u00f3n presentada por Pavasal al Plan General Estructural provisional de Cheste.&nbsp;<\/p>\n\n\n\n<p>\u201cPavasal, en relaci\u00f3n a la aprobaci\u00f3n provisional del Plan General que se hizo en el mes de agosto, consideraba que la regulaci\u00f3n que hab\u00edamos puesto de la actividad de la cantera perjudicaba a sus intereses; al respecto, presentaron un recurso bien fundamentado en el que se propon\u00edan tres alternativas para la regulaci\u00f3n del acceso a actividad en ese suelo, y hemos cogido una de ellas, que permite que las actividades que ya estaban autorizadas se puedan seguir desarrollando. Con esto, en el caso de ser aprobada la resoluci\u00f3n del recurso, volveremos a enviar toda la documentaci\u00f3n de la aprobaci\u00f3n provisional del Plan General, retocada, y entonces estaremos en fase de aprobaci\u00f3n definitiva del Plan, que ya es una tramitaci\u00f3n de la Generalitat\u201d, explicaba el alcalde.<\/p>\n\n\n\n<p><strong>Cuenta general y subvenciones<\/strong><\/p>\n\n\n\n<p>Entre los puntos del pleno tambi\u00e9n se contempl\u00f3 la aprobaci\u00f3n definitiva de la Cuenta General 2023, tras la finalizaci\u00f3n del periodo de alegaciones, con la abstenci\u00f3n del PP; y la modificaci\u00f3n del anexo de subvenciones para destinar a la Asociaci\u00f3n de monitores de las Escuelas Deportivas Municipales 37.000 euros para paliar la posible p\u00e9rdida de patrocinios, a causa de la DANA, y devolver a las familias la cuota correspondiente a la quincena en la que no ha habido actividades deportivas, por el mismo motivo. Este \u00faltimo punto se aprob\u00f3 por unanimidad.<\/p>\n","protected":false},"excerpt":{"rendered":"<div class=\"mh-excerpt\">El pleno de Cheste celebr\u00f3 una sesi\u00f3n extraordinaria y urgente, ante la imposibilidad de celebraci\u00f3n de la sesi\u00f3n ordinaria de octubre, debido a la DANA, este pasado viernes, 15 de noviembre. Entre otros temas se <a class=\"mh-excerpt-more\" href=\"https:\/\/www.tucomarca.com\/wordpress\/segunda\/el-pleno-de-cheste-da-luz-verde-al-proyecto-de-mejora-de-la-canalizacion-de-aguas-pluviales-y-a-los-tramites-previos-a-la-licitacion-de-la-gestion-deportiva-municipal\/\" title=\"El pleno de Cheste da luz verde al proyecto de mejora de la canalizaci\u00f3n de aguas pluviales y a los tr\u00e1mites previos a la licitaci\u00f3n de la gesti\u00f3n deportiva municipal\u00a0\">[+] <\/a><\/div>\n","protected":false},"author":13,"featured_media":245508,"comment_status":"open","ping_status":"open","sticky":false,"template":"","format":"standard","meta":{"footnotes":""},"categories":[17,21465,128,8,72,10,117,142,3,116,45],"tags":[339,12831,10412,2142,5952,32],"class_list":{"0":"post-245507","1":"post","2":"type-post","3":"status-publish","4":"format-standard","5":"has-post-thumbnail","7":"category-cheste","8":"category-dana","9":"category-infraestructuras","10":"category-la-comarca","11":"category-sin-categorizar","12":"category-la-hoya","13":"category-medio-ambiente-la-comarca","14":"category-politica-la-comarca","15":"category-seccion","16":"category-sucesos-la-comarca","17":"category-ventana","18":"tag-cheste-2","19":"tag-dana-2","20":"tag-infraestructuras","21":"tag-la-comunitat","22":"tag-la-hoya-de-bunol-chiva","23":"tag-politica"},"_links":{"self":[{"href":"https:\/\/www.tucomarca.com\/wordpress\/segunda\/wp-json\/wp\/v2\/posts\/245507","targetHints":{"allow":["GET"]}}],"collection":[{"href":"https:\/\/www.tucomarca.com\/wordpress\/segunda\/wp-json\/wp\/v2\/posts"}],"about":[{"href":"https:\/\/www.tucomarca.com\/wordpress\/segunda\/wp-json\/wp\/v2\/types\/post"}],"author":[{"embeddable":true,"href":"https:\/\/www.tucomarca.com\/wordpress\/segunda\/wp-json\/wp\/v2\/users\/13"}],"replies":[{"embeddable":true,"href":"https:\/\/www.tucomarca.com\/wordpress\/segunda\/wp-json\/wp\/v2\/comments?post=245507"}],"version-history":[{"count":0,"href":"https:\/\/www.tucomarca.com\/wordpress\/segunda\/wp-json\/wp\/v2\/posts\/245507\/revisions"}],"wp:featuredmedia":[{"embeddable":true,"href":"https:\/\/www.tucomarca.com\/wordpress\/segunda\/wp-json\/wp\/v2\/media\/245508"}],"wp:attachment":[{"href":"https:\/\/www.tucomarca.com\/wordpress\/segunda\/wp-json\/wp\/v2\/media?parent=245507"}],"wp:term":[{"taxonomy":"category","embeddable":true,"href":"https:\/\/www.tucomarca.com\/wordpress\/segunda\/wp-json\/wp\/v2\/categories?post=245507"},{"taxonomy":"post_tag","embeddable":true,"href":"https:\/\/www.tucomarca.com\/wordpress\/segunda\/wp-json\/wp\/v2\/tags?post=245507"}],"curies":[{"name":"wp","href":"https:\/\/api.w.org\/{rel}","templated":true}]}}