{"id":245510,"date":"2024-11-18T07:45:00","date_gmt":"2024-11-18T05:45:00","guid":{"rendered":"https:\/\/www.tucomarca.com\/wordpress\/segunda\/?p=245510"},"modified":"2024-11-18T20:02:30","modified_gmt":"2024-11-18T18:02:30","slug":"la-diputacio-y-cosital-valencia-disenan-un-modelo-de-bases-para-que-los-municipios-coordinen-las-ayudas-de-la-fundacion-amancio-ortega","status":"publish","type":"post","link":"https:\/\/www.tucomarca.com\/wordpress\/segunda\/la-diputacio-y-cosital-valencia-disenan-un-modelo-de-bases-para-que-los-municipios-coordinen-las-ayudas-de-la-fundacion-amancio-ortega\/","title":{"rendered":"La Diputaci\u00f3 y COSITAL Valencia dise\u00f1an un modelo de bases para que los municipios coordinen las ayudas de la Fundaci\u00f3n Amancio Ortega"},"content":{"rendered":"\n<h3 class=\"wp-block-heading\">Vicent Momp\u00f3: \u201cAgradezco profundamente el compromiso y disposici\u00f3n de la Fundaci\u00f3n para trabajar junto a la Diputaci\u00f3n, lo que permitir\u00e1 que las ayudas lleguen lo m\u00e1s r\u00e1pido posible a las personas afectadas por la DANA\u201d.<\/h3>\n\n\n\n<p>La Diputaci\u00f3 de Val\u00e8ncia y COSITAL Valencia (Colegio de Secretarios, Interventores y Tesoreros de la Administraci\u00f3n Local) est\u00e1n trabajando para dise\u00f1ar un modelo de bases reguladoras para que los ayuntamientos de cada municipio afectado por la DANA puedan adaptarlo a sus necesidades a la hora de gestionar el reparto de ayudas destinadas por la Fundaci\u00f3n Amancio Ortega a las personas damnificadas.<\/p>\n\n\n\n<p>El Patronato de la Fundaci\u00f3n acord\u00f3 el pasado 4 de noviembre la creaci\u00f3n de un fondo para el apoyo a los ciudadanos en sus necesidades m\u00e1s inmediatas, fondo que est\u00e1 dotado con 100 millones de euros. Para agilizar el proceso, la entidad se puso en contacto con la Diputaci\u00f3 de Val\u00e8ncia, instituci\u00f3n que trabaja codo con codo con los municipios. \u201cDesde el primer momento, la Fundaci\u00f3n Amancio Ortega se puso en contacto con nosotros para poner en marcha este proceso; agradezco profundamente su compromiso y disposici\u00f3n para trabajar junto a la Diputaci\u00f3n, lo que permitir\u00e1 que las ayudas lleguen lo m\u00e1s r\u00e1pido posible a las personas afectadas\u201d, ha se\u00f1alado el presidente de la corporaci\u00f3n provincial, Vicent Momp\u00f3.&nbsp;<\/p>\n\n\n\n<p>La Fundaci\u00f3n, que ya ha transferido cerca de 45 millones a los ayuntamientos, establece que el importe que deber\u00e1 abonarse a las personas f\u00edsicas residentes en los municipios seleccionados alcanzar\u00e1 como m\u00e1ximo los 10.000 euros. En el caso de que fuera necesaria la contrataci\u00f3n de personal o los servicios de terceros para la administraci\u00f3n de estas ayudas, podr\u00e1 detraerse de la cantidad otorgada lo necesario hasta un importe m\u00e1ximo de 50.000 euros por todos los conceptos.<\/p>\n\n\n\n<p>Los ayuntamientos receptores de las ayudas ser\u00e1n los encargados de decidir los criterios de afectaci\u00f3n del da\u00f1o causado y los de selecci\u00f3n de los destinatarios y sus cuant\u00edas. Para adoptar este acuerdo, se consider\u00f3 como objetivo principal ayudar lo antes posible a las personas f\u00edsicas que hayan sufrido da\u00f1os en su vivienda, mobiliario, enseres, electrodom\u00e9sticos, veh\u00edculos necesarios para el trabajo y la p\u00e9rdida de la fuente de ingresos; el Patronato consider\u00f3 establecer tres niveles de ayuda por persona, en funci\u00f3n de la gravedad de la situaci\u00f3n, de 3.000, 6.000 y 10.000 euros.<\/p>\n","protected":false},"excerpt":{"rendered":"<div class=\"mh-excerpt\">Vicent Momp\u00f3: \u201cAgradezco profundamente el compromiso y disposici\u00f3n de la Fundaci\u00f3n para trabajar junto a la Diputaci\u00f3n, lo que permitir\u00e1 que las ayudas lleguen lo m\u00e1s r\u00e1pido posible a las personas afectadas por la DANA\u201d. <a class=\"mh-excerpt-more\" href=\"https:\/\/www.tucomarca.com\/wordpress\/segunda\/la-diputacio-y-cosital-valencia-disenan-un-modelo-de-bases-para-que-los-municipios-coordinen-las-ayudas-de-la-fundacion-amancio-ortega\/\" title=\"La Diputaci\u00f3 y COSITAL Valencia dise\u00f1an un modelo de bases para que los municipios coordinen las ayudas de la Fundaci\u00f3n Amancio Ortega\">[+] <\/a><\/div>\n","protected":false},"author":12,"featured_media":245514,"comment_status":"open","ping_status":"open","sticky":false,"template":"","format":"standard","meta":{"footnotes":""},"categories":[17,21465,128,8,72,10,142,3,116,45],"tags":[21581,3677,21582,5952],"class_list":{"0":"post-245510","1":"post","2":"type-post","3":"status-publish","4":"format-standard","5":"has-post-thumbnail","7":"category-cheste","8":"category-dana","9":"category-infraestructuras","10":"category-la-comarca","11":"category-sin-categorizar","12":"category-la-hoya","13":"category-politica-la-comarca","14":"category-seccion","15":"category-sucesos-la-comarca","16":"category-ventana","17":"tag-cosital","18":"tag-diputacio-de-valencia","19":"tag-fundacion-amancio-ortega","20":"tag-la-hoya-de-bunol-chiva"},"_links":{"self":[{"href":"https:\/\/www.tucomarca.com\/wordpress\/segunda\/wp-json\/wp\/v2\/posts\/245510","targetHints":{"allow":["GET"]}}],"collection":[{"href":"https:\/\/www.tucomarca.com\/wordpress\/segunda\/wp-json\/wp\/v2\/posts"}],"about":[{"href":"https:\/\/www.tucomarca.com\/wordpress\/segunda\/wp-json\/wp\/v2\/types\/post"}],"author":[{"embeddable":true,"href":"https:\/\/www.tucomarca.com\/wordpress\/segunda\/wp-json\/wp\/v2\/users\/12"}],"replies":[{"embeddable":true,"href":"https:\/\/www.tucomarca.com\/wordpress\/segunda\/wp-json\/wp\/v2\/comments?post=245510"}],"version-history":[{"count":0,"href":"https:\/\/www.tucomarca.com\/wordpress\/segunda\/wp-json\/wp\/v2\/posts\/245510\/revisions"}],"wp:featuredmedia":[{"embeddable":true,"href":"https:\/\/www.tucomarca.com\/wordpress\/segunda\/wp-json\/wp\/v2\/media\/245514"}],"wp:attachment":[{"href":"https:\/\/www.tucomarca.com\/wordpress\/segunda\/wp-json\/wp\/v2\/media?parent=245510"}],"wp:term":[{"taxonomy":"category","embeddable":true,"href":"https:\/\/www.tucomarca.com\/wordpress\/segunda\/wp-json\/wp\/v2\/categories?post=245510"},{"taxonomy":"post_tag","embeddable":true,"href":"https:\/\/www.tucomarca.com\/wordpress\/segunda\/wp-json\/wp\/v2\/tags?post=245510"}],"curies":[{"name":"wp","href":"https:\/\/api.w.org\/{rel}","templated":true}]}}