{"id":245536,"date":"2024-11-19T12:00:00","date_gmt":"2024-11-19T10:00:00","guid":{"rendered":"https:\/\/www.tucomarca.com\/wordpress\/segunda\/?p=245536"},"modified":"2024-11-19T08:55:50","modified_gmt":"2024-11-19T06:55:50","slug":"los-reyes-visitan-este-martes-chiva-entre-otras-localidades-afectadas-por-la-riada-y-la-dana","status":"publish","type":"post","link":"https:\/\/www.tucomarca.com\/wordpress\/segunda\/los-reyes-visitan-este-martes-chiva-entre-otras-localidades-afectadas-por-la-riada-y-la-dana\/","title":{"rendered":"Los Reyes visitan este martes Chiva y Utiel, localidades afectadas por la riada y la DANA"},"content":{"rendered":"\n<p>Sus Majestades Felipe y Leticia han anunciado que este martes tienen previsto visitar las localidades afectadas por la desastrosa DANA del pasado mes, entre las que se encuentran Chiva y Utiel, donde est\u00e1 previsto que recorran sus calles durante la ma\u00f1ana.<\/p>\n\n\n\n<p>Sus Majestades retomar\u00e1n una visita que tuvo que ser cancelada el pasado 3 de noviembre tras los altercados y el lanzamiento de barro a Pedro S\u00e1nchez, Carlos Maz\u00f3n y los Reyes en Paiporta.<\/p>\n\n\n\n<p>El presidente de la Generalitat Valenciana, Carlos Maz\u00f3n, ha anunciado que estar\u00e1 junto a Felipe VI en su visita a Chiva, quien realizar\u00e1 as\u00ed su tercer viaje a Valencia desde la cat\u00e1strofe provocada por la DANA.<\/p>\n\n\n\n<p>Las cifras que deja la cat\u00e1strofe, a fecha de hoy, son de <strong>219 fallecidos en la Comunidad Valenciana<\/strong> adem\u00e1s de 13 personas que siguen desaparecidas.<\/p>\n","protected":false},"excerpt":{"rendered":"<div class=\"mh-excerpt\">Sus Majestades Felipe y Leticia han anunciado que este martes tienen previsto visitar las localidades afectadas por la desastrosa DANA del pasado mes, entre las que se encuentran Chiva y Utiel, donde est\u00e1 previsto que <a class=\"mh-excerpt-more\" href=\"https:\/\/www.tucomarca.com\/wordpress\/segunda\/los-reyes-visitan-este-martes-chiva-entre-otras-localidades-afectadas-por-la-riada-y-la-dana\/\" title=\"Los Reyes visitan este martes Chiva y Utiel, localidades afectadas por la riada y la DANA\">[+] <\/a><\/div>\n","protected":false},"author":1,"featured_media":243479,"comment_status":"open","ping_status":"open","sticky":false,"template":"","format":"standard","meta":{"footnotes":""},"categories":[16,21465,128,8,72,10,142,3,116,45],"tags":[10384,12831,5952,2787],"class_list":{"0":"post-245536","1":"post","2":"type-post","3":"status-publish","4":"format-standard","5":"has-post-thumbnail","7":"category-chiva","8":"category-dana","9":"category-infraestructuras","10":"category-la-comarca","11":"category-sin-categorizar","12":"category-la-hoya","13":"category-politica-la-comarca","14":"category-seccion","15":"category-sucesos-la-comarca","16":"category-ventana","17":"tag-chiva","18":"tag-dana-2","19":"tag-la-hoya-de-bunol-chiva","20":"tag-reyes"},"_links":{"self":[{"href":"https:\/\/www.tucomarca.com\/wordpress\/segunda\/wp-json\/wp\/v2\/posts\/245536","targetHints":{"allow":["GET"]}}],"collection":[{"href":"https:\/\/www.tucomarca.com\/wordpress\/segunda\/wp-json\/wp\/v2\/posts"}],"about":[{"href":"https:\/\/www.tucomarca.com\/wordpress\/segunda\/wp-json\/wp\/v2\/types\/post"}],"author":[{"embeddable":true,"href":"https:\/\/www.tucomarca.com\/wordpress\/segunda\/wp-json\/wp\/v2\/users\/1"}],"replies":[{"embeddable":true,"href":"https:\/\/www.tucomarca.com\/wordpress\/segunda\/wp-json\/wp\/v2\/comments?post=245536"}],"version-history":[{"count":0,"href":"https:\/\/www.tucomarca.com\/wordpress\/segunda\/wp-json\/wp\/v2\/posts\/245536\/revisions"}],"wp:featuredmedia":[{"embeddable":true,"href":"https:\/\/www.tucomarca.com\/wordpress\/segunda\/wp-json\/wp\/v2\/media\/243479"}],"wp:attachment":[{"href":"https:\/\/www.tucomarca.com\/wordpress\/segunda\/wp-json\/wp\/v2\/media?parent=245536"}],"wp:term":[{"taxonomy":"category","embeddable":true,"href":"https:\/\/www.tucomarca.com\/wordpress\/segunda\/wp-json\/wp\/v2\/categories?post=245536"},{"taxonomy":"post_tag","embeddable":true,"href":"https:\/\/www.tucomarca.com\/wordpress\/segunda\/wp-json\/wp\/v2\/tags?post=245536"}],"curies":[{"name":"wp","href":"https:\/\/api.w.org\/{rel}","templated":true}]}}