{"id":245808,"date":"2024-11-20T09:00:00","date_gmt":"2024-11-20T07:00:00","guid":{"rendered":"https:\/\/www.tucomarca.com\/wordpress\/segunda\/?p=245808"},"modified":"2024-11-20T12:58:02","modified_gmt":"2024-11-20T10:58:02","slug":"el-general-de-brigada-del-ejercito-de-tierra-venancio-aguado-ocupara-la-secretaria-autonomica-del-gabinete-del-vicepresidente-para-la-recuperacion-economica-y-social","status":"publish","type":"post","link":"https:\/\/www.tucomarca.com\/wordpress\/segunda\/el-general-de-brigada-del-ejercito-de-tierra-venancio-aguado-ocupara-la-secretaria-autonomica-del-gabinete-del-vicepresidente-para-la-recuperacion-economica-y-social\/","title":{"rendered":"El general de brigada del Ej\u00e9rcito de Tierra, Venancio Aguado, ocupar\u00e1 la Secretar\u00eda Auton\u00f3mica del gabinete del vicepresidente para la Recuperaci\u00f3n Econ\u00f3mica y Social"},"content":{"rendered":"\n<h3 class=\"wp-block-heading\">Acompa\u00f1ar\u00e1 al teniente general del Ej\u00e9rcito de Tierra, Francisco Jos\u00e9 Gan Pampols, en la coordinaci\u00f3n de las actuaciones que impulsa la Generalitat para la reconstrucci\u00f3n de las zonas de la provincia de Valencia afectadas por la riada del 29 de octubre.<\/h3>\n\n\n\n<p>El general de brigada del Ej\u00e9rcito de Tierra, Venancio Aguado de Diego, ocupar\u00e1 la Secretar\u00eda Auton\u00f3mica del gabinete del vicepresidente para la Recuperaci\u00f3n Econ\u00f3mica y Social de la Comunitat Valenciana.&nbsp;<\/p>\n\n\n\n<p>Aguado de Diego, que pas\u00f3 a la reserva en marzo de 2020, se incorporar\u00e1 al departamento encabezado por el teniente general del Ej\u00e9rcito de Tierra, Francisco Jos\u00e9 Gan Pampols, encargado coordinar las actuaciones del Consell para la reconstrucci\u00f3n de las zonas de la provincia de Valencia afectadas por la riada del 29 de octubre. &nbsp;<\/p>\n\n\n\n<p>Venancio Aguado naci\u00f3 en 1961 y pertenece a la XL Promoci\u00f3n de la Academia General Militar, siendo promovido al empleo de teniente de infanter\u00eda en julio de 1985.&nbsp;<\/p>\n\n\n\n<p>Es diplomado en el Mando de Tropas de Monta\u00f1a y ocup\u00f3 destino en distintas unidades de esta especialidad en Jaca, San Sebasti\u00e1n y Pamplona.<\/p>\n\n\n\n<p>Superado el curso de Estado Mayor y en el empleo de comandante, presta sus servicios en el Cuartel General de la Brigada de Monta\u00f1a. En 2005 es ascendido a teniente coronel y destinado a la Divisi\u00f3n de Operaciones del Estado Mayor del Ej\u00e9rcito, siendo posteriormente nombrado Jefe del Estado Mayor de la Brigada de Cazadores de Monta\u00f1a.<\/p>\n\n\n\n<p>Tras su paso por el Cuartel General de Fuerzas Ligeras, asciende a Coronel en 2012, ejerciendo el mando del Regimiento Garellano 45 en Bizkaia y la Jefatura de Estado Mayor del Centro de Inteligencia de las Fuerzas Armadas. En 2016 es nombrado General de Brigada asumiendo el mando de la Brigada Operativa &#8216;Canarias&#8217;.<\/p>\n\n\n\n<p>Ha estado desplegado en las misiones de la OTAN en Kosovo, como Jefe de Operaciones de la AGT Arag\u00f3n y en Afganist\u00e1n, en la Secci\u00f3n de Operaciones Futuras de la Brigada Multinacional de la Regi\u00f3n W. &nbsp;En 2017 ejerci\u00f3 el mando del Sector Este de la misi\u00f3n de Naciones Unidas en el L\u00edbano.<\/p>\n\n\n\n<p>Est\u00e1 en posesi\u00f3n, entre otras condecoraciones y reconocimientos, de la Gran Cruz del M\u00e9rito Militar, de la Gran Cruz de la Orden de San Hermenegildo, de la Orden de M\u00e9rito de la Rep\u00fablica Libanesa y de ocho Cruces al M\u00e9rito Militar, la Cruz de M\u00e9rito de la Guardia Civil y la Cruz al M\u00e9rito Policial.<\/p>\n","protected":false},"excerpt":{"rendered":"<div class=\"mh-excerpt\">Acompa\u00f1ar\u00e1 al teniente general del Ej\u00e9rcito de Tierra, Francisco Jos\u00e9 Gan Pampols, en la coordinaci\u00f3n de las actuaciones que impulsa la Generalitat para la reconstrucci\u00f3n de las zonas de la provincia de Valencia afectadas por <a class=\"mh-excerpt-more\" href=\"https:\/\/www.tucomarca.com\/wordpress\/segunda\/el-general-de-brigada-del-ejercito-de-tierra-venancio-aguado-ocupara-la-secretaria-autonomica-del-gabinete-del-vicepresidente-para-la-recuperacion-economica-y-social\/\" title=\"El general de brigada del Ej\u00e9rcito de Tierra, Venancio Aguado, ocupar\u00e1 la Secretar\u00eda Auton\u00f3mica del gabinete del vicepresidente para la Recuperaci\u00f3n Econ\u00f3mica y Social\">[+] <\/a><\/div>\n","protected":false},"author":12,"featured_media":245810,"comment_status":"open","ping_status":"open","sticky":false,"template":"","format":"standard","meta":{"footnotes":""},"categories":[21465,128,8,72,142,3,116,45],"tags":[12831,10716,21590,21591],"class_list":{"0":"post-245808","1":"post","2":"type-post","3":"status-publish","4":"format-standard","5":"has-post-thumbnail","7":"category-dana","8":"category-infraestructuras","9":"category-la-comarca","10":"category-sin-categorizar","11":"category-politica-la-comarca","12":"category-seccion","13":"category-sucesos-la-comarca","14":"category-ventana","15":"tag-dana-2","16":"tag-generalitat-valenciana","17":"tag-secretaria-autonomica-para-la-recuperacion-economical-y-social","18":"tag-venancio-aguado"},"_links":{"self":[{"href":"https:\/\/www.tucomarca.com\/wordpress\/segunda\/wp-json\/wp\/v2\/posts\/245808","targetHints":{"allow":["GET"]}}],"collection":[{"href":"https:\/\/www.tucomarca.com\/wordpress\/segunda\/wp-json\/wp\/v2\/posts"}],"about":[{"href":"https:\/\/www.tucomarca.com\/wordpress\/segunda\/wp-json\/wp\/v2\/types\/post"}],"author":[{"embeddable":true,"href":"https:\/\/www.tucomarca.com\/wordpress\/segunda\/wp-json\/wp\/v2\/users\/12"}],"replies":[{"embeddable":true,"href":"https:\/\/www.tucomarca.com\/wordpress\/segunda\/wp-json\/wp\/v2\/comments?post=245808"}],"version-history":[{"count":0,"href":"https:\/\/www.tucomarca.com\/wordpress\/segunda\/wp-json\/wp\/v2\/posts\/245808\/revisions"}],"wp:featuredmedia":[{"embeddable":true,"href":"https:\/\/www.tucomarca.com\/wordpress\/segunda\/wp-json\/wp\/v2\/media\/245810"}],"wp:attachment":[{"href":"https:\/\/www.tucomarca.com\/wordpress\/segunda\/wp-json\/wp\/v2\/media?parent=245808"}],"wp:term":[{"taxonomy":"category","embeddable":true,"href":"https:\/\/www.tucomarca.com\/wordpress\/segunda\/wp-json\/wp\/v2\/categories?post=245808"},{"taxonomy":"post_tag","embeddable":true,"href":"https:\/\/www.tucomarca.com\/wordpress\/segunda\/wp-json\/wp\/v2\/tags?post=245808"}],"curies":[{"name":"wp","href":"https:\/\/api.w.org\/{rel}","templated":true}]}}