{"id":245816,"date":"2024-11-20T08:30:00","date_gmt":"2024-11-20T06:30:00","guid":{"rendered":"https:\/\/www.tucomarca.com\/wordpress\/segunda\/?p=245816"},"modified":"2024-11-20T13:21:08","modified_gmt":"2024-11-20T11:21:08","slug":"el-ivc-presenta-su-produccion-propia-la-mancha-del-dramaturgo-valenciano-sergio-serrano","status":"publish","type":"post","link":"https:\/\/www.tucomarca.com\/wordpress\/segunda\/el-ivc-presenta-su-produccion-propia-la-mancha-del-dramaturgo-valenciano-sergio-serrano\/","title":{"rendered":"El IVC presenta su producci\u00f3n propia \u2018La mancha\u2019 del dramaturgo valenciano Sergio Serrano"},"content":{"rendered":"\n<h3 class=\"wp-block-heading\"><strong>Se podr\u00e1 ver en el Teatro Rialto del 21 de noviembre al 8 de diciembre y contar\u00e1 con una funci\u00f3n accesible y matinales con coloquio con el p\u00fablico<\/strong>.<\/h3>\n\n\n\n<h3 class=\"wp-block-heading\"><strong>Est\u00e1 dirigida por Sergio Serrano y Marcos Sproston y cuenta con un equipo de profesionales valencianos de las artes esc\u00e9nicas<\/strong>.<\/h3>\n\n\n\n<h3 class=\"wp-block-heading\"><strong>El IVC ha habilitado una fila 0 para realizar donaciones a la cuenta solidaria de la Generalitat para apoyar a los afectados por la riada<\/strong>.<\/h3>\n\n\n\n<p>El Institut Valenci\u00e0 de Cultura, dependiente de la Conselleria de Educaci\u00f3n, Cultura, Universidades y Empleo, presenta su nueva producci\u00f3n propia, \u2018La mancha\u2019, una obra de Sergio Serrano sobre la familia y el derecho a so\u00f1ar, fruto del texto generado en el Laboratorio de escritura \u00cdnsula Dramataria Josep Llu\u00eds Sirera.&nbsp;<\/p>\n\n\n\n<p>La obra, que se podr\u00e1 ver del 21 de noviembre al 8 de diciembre en el Teatro Rialto de Val\u00e8ncia, cuenta con un equipo art\u00edstico y t\u00e9cnico integrado por profesionales valencianos. Adem\u00e1s de escribir el texto, Sergio Serrano dirige la producci\u00f3n junto a Marcos Sproston, y con la mirada externa de Roland Schimmelpfennig.<\/p>\n\n\n\n<p>La directora adjunta de artes esc\u00e9nicas del IVC, Mar\u00eda Jos\u00e9 Mora, ha manifestado durante la presentaci\u00f3n que se contin\u00faa \u201cmejorando el programa de producciones propias de IVC en esta nueva etapa, tratando de ser m\u00e1s coherentes en la selecci\u00f3n de textos y creadores\u201d.<\/p>\n\n\n\n<p>\u201cEl objetivo es, entre otras cuestiones, la renovaci\u00f3n de la escena local y el acceso al circuito de las artes esc\u00e9nicas de nuevos profesionales, tratando de ser m\u00e1s sostenibles en el desarrollo global de los proyectos\u201d, ha a\u00f1adido.&nbsp;<\/p>\n\n\n\n<p>Asimismo, la direcci\u00f3n adjunta de Artes Esc\u00e9nicas anunciar\u00e1 pr\u00f3ximamente diferentes proyectos que ha puesto en marcha para reforzar el sector. \u201cEstamos trabajando en dar un mayor soporte a todos los profesionales que intervienen en los procesos de creaci\u00f3n, producci\u00f3n y exhibici\u00f3n, m\u00e1s all\u00e1 de las producciones propias\u201d, ha apuntado Mar\u00eda Jos\u00e9 Mora.<\/p>\n\n\n\n<p>Asimismo, ha se\u00f1alado que el IVC ha habilitado una&nbsp;<a href=\"http:\/\/ivc.gva.es\/es\/ivc\/noticias-ivc\/fila-0cas\" target=\"_blank\" rel=\"noreferrer noopener\">fila 0<\/a>&nbsp;para realizar donaciones a la cuenta solidaria de la Generalitat, destinada a la reparaci\u00f3n de da\u00f1os, reconstrucci\u00f3n y ayuda a las personas afectadas por la&nbsp;riada.<\/p>\n\n\n\n<p><strong>Una historia sobre la familia y el derecho a so\u00f1ar<\/strong><\/p>\n\n\n\n<p>\u2018La mancha\u2019 es una tragicomedia que escribi\u00f3 el autor en el Laboratorio de Dramaturgia Josep Llu\u00eds Sirera, del Institut Valenci\u00e0 de Cultura, bajo el lema \u2018La realidad y el deseo\u2019. El texto y su relato juega con estos dos conceptos a partir de la historia de una familia que descubre una mancha en la pared de su cocina.&nbsp;<\/p>\n\n\n\n<p>Pep Ricart, Mafalda Bellido, Ernesto Pastor, Mar\u00eda Covadonga y Alberto Mart\u00edn de Miguel interpretan a esta familia que, entre el silencio, el miedo, la incerteza y la curiosidad, no pueden dejar de mirarla.&nbsp;<\/p>\n\n\n\n<p>El autor parte de esta peque\u00f1a an\u00e9cdota para \u201chablar sobre sus miedos y sus anhelos, sobre la incomunicaci\u00f3n, la ausencia de futuro, sobre aquello que ocultamos como individuos, pero tambi\u00e9n como reflejo de la sociedad en la que vivimos y en todo lo que ocultamos, pero por encima de todo, sobre la esperanza de que las cosas en alg\u00fan momento sean distintas\u201d.<\/p>\n\n\n\n<p>El montaje juega con el poder de la palabra y la imaginaci\u00f3n en un escenario que ser\u00e1 terreno de juego, pero tambi\u00e9n con la intenci\u00f3n de generar im\u00e1genes y, sobre todo, con el trabajo de interpretaci\u00f3n que llevar\u00e1 el mayor peso del montaje. Adem\u00e1s, cuenta con la m\u00fasica de Luis Miguel Cobo, el espacio lum\u00ednico de Mingo Albir y el espacio esc\u00e9nico de Los reyes del mambo.<\/p>\n\n\n\n<p>El IVC realizar\u00e1 el pr\u00f3ximo 1 de diciembre una funci\u00f3n accesible a personas con discapacidad sensorial con subtitulado adaptado, audio-descripci\u00f3n, bucle magn\u00e9tico individual y sonido amplificado.<\/p>\n\n\n\n<p>Adem\u00e1s, los d\u00edas 21 y 28 tras funci\u00f3n matinal y 28 de noviembre tras funci\u00f3n vespertina, el equipo art\u00edstico realizar\u00e1 coloquios post funci\u00f3n con el p\u00fablico.<\/p>\n\n\n\n<p>Tras su estreno en el Teatro Rialto de Val\u00e8ncia se podr\u00e1 ver en las ciudades de Alicante y Castell\u00f3 de la Plana.&nbsp;<\/p>\n\n\n\n<p>Las entradas est\u00e1n a la venta en las taquillas de los teatros Rialto y Principal y en la&nbsp;<a href=\"https:\/\/taquilla.ivc.gva.es\/\">p\u00e1gina web del IVC<\/a>.<\/p>\n","protected":false},"excerpt":{"rendered":"<div class=\"mh-excerpt\">Se podr\u00e1 ver en el Teatro Rialto del 21 de noviembre al 8 de diciembre y contar\u00e1 con una funci\u00f3n accesible y matinales con coloquio con el p\u00fablico. Est\u00e1 dirigida por Sergio Serrano y Marcos <a class=\"mh-excerpt-more\" href=\"https:\/\/www.tucomarca.com\/wordpress\/segunda\/el-ivc-presenta-su-produccion-propia-la-mancha-del-dramaturgo-valenciano-sergio-serrano\/\" title=\"El IVC presenta su producci\u00f3n propia \u2018La mancha\u2019 del dramaturgo valenciano Sergio Serrano\">[+] <\/a><\/div>\n","protected":false},"author":12,"featured_media":245829,"comment_status":"open","ping_status":"open","sticky":false,"template":"","format":"standard","meta":{"footnotes":""},"categories":[4,21465,8,72,7,3],"tags":[12831,21594,13272,17757,21595,21285],"class_list":{"0":"post-245816","1":"post","2":"type-post","3":"status-publish","4":"format-standard","5":"has-post-thumbnail","7":"category-agenda","8":"category-dana","9":"category-la-comarca","10":"category-sin-categorizar","11":"category-ocio-y-cultura","12":"category-seccion","13":"tag-dana-2","14":"tag-fila-0","15":"tag-institut-valencia-de-cultura","16":"tag-ivc","17":"tag-la-mancha","18":"tag-teatro-rialto"},"_links":{"self":[{"href":"https:\/\/www.tucomarca.com\/wordpress\/segunda\/wp-json\/wp\/v2\/posts\/245816","targetHints":{"allow":["GET"]}}],"collection":[{"href":"https:\/\/www.tucomarca.com\/wordpress\/segunda\/wp-json\/wp\/v2\/posts"}],"about":[{"href":"https:\/\/www.tucomarca.com\/wordpress\/segunda\/wp-json\/wp\/v2\/types\/post"}],"author":[{"embeddable":true,"href":"https:\/\/www.tucomarca.com\/wordpress\/segunda\/wp-json\/wp\/v2\/users\/12"}],"replies":[{"embeddable":true,"href":"https:\/\/www.tucomarca.com\/wordpress\/segunda\/wp-json\/wp\/v2\/comments?post=245816"}],"version-history":[{"count":0,"href":"https:\/\/www.tucomarca.com\/wordpress\/segunda\/wp-json\/wp\/v2\/posts\/245816\/revisions"}],"wp:featuredmedia":[{"embeddable":true,"href":"https:\/\/www.tucomarca.com\/wordpress\/segunda\/wp-json\/wp\/v2\/media\/245829"}],"wp:attachment":[{"href":"https:\/\/www.tucomarca.com\/wordpress\/segunda\/wp-json\/wp\/v2\/media?parent=245816"}],"wp:term":[{"taxonomy":"category","embeddable":true,"href":"https:\/\/www.tucomarca.com\/wordpress\/segunda\/wp-json\/wp\/v2\/categories?post=245816"},{"taxonomy":"post_tag","embeddable":true,"href":"https:\/\/www.tucomarca.com\/wordpress\/segunda\/wp-json\/wp\/v2\/tags?post=245816"}],"curies":[{"name":"wp","href":"https:\/\/api.w.org\/{rel}","templated":true}]}}