{"id":245869,"date":"2024-11-21T08:00:00","date_gmt":"2024-11-21T06:00:00","guid":{"rendered":"https:\/\/www.tucomarca.com\/wordpress\/segunda\/?p=245869"},"modified":"2024-11-21T20:26:38","modified_gmt":"2024-11-21T18:26:38","slug":"el-institut-valencia-de-cultura-caixabank-y-la-fsmcv-inician-el-vii-cicle-caixabank-dorquestres-de-la-comunitat-valenciana","status":"publish","type":"post","link":"https:\/\/www.tucomarca.com\/wordpress\/segunda\/el-institut-valencia-de-cultura-caixabank-y-la-fsmcv-inician-el-vii-cicle-caixabank-dorquestres-de-la-comunitat-valenciana\/","title":{"rendered":"El Institut Valenci\u00e0 de Cultura, CaixaBank y la FSMCV inician el VII Cicle CaixaBank d&#8217;Orquestres de la Comunitat Valenciana"},"content":{"rendered":"\n<h3 class=\"wp-block-heading\">El ciclo de conciertos tendr\u00e1 lugar entre noviembre de 2024 y mayo de 2025, con una orientaci\u00f3n solidaria para apoyar a las sociedades musicales afectadas por la riada.<\/h3>\n\n\n\n<h3 class=\"wp-block-heading\">El primer concierto tendr\u00e1 lugar el viernes, 22 de noviembre, en X\u00e0bia con el Centre Art\u00edstic Musical de X\u00e0bia.<\/h3>\n\n\n\n<h3 class=\"wp-block-heading\">La iniciativa se enmarca en el programa CaixaBank Escolta Val\u00e8ncia, que restructura en esta edici\u00f3n su contenido como consecuencia de las inundaciones y sus efectos.<\/h3>\n\n\n\n<p>El Institut Valenci\u00e0 de Cultura, CaixaBank y la Federaci\u00f3n de Sociedades Musicales de la Comunitat Valenciana (FSMCV) presentan la s\u00e9ptima edici\u00f3n del Cicle CaixaBank d&#8217;Orquestres de la Comunitat Valenciana, que en esta edici\u00f3n tendr\u00e1 una orientaci\u00f3n solidaria para apoyar a las sociedades musicales afectadas por la riada.<\/p>\n\n\n\n<p>El programa de conciertos del VII Cicle d\u2019Orquestres de la Comunitat Valenciana se celebrar\u00e1 entre los meses de noviembre de 2024 y mayo de 2025 protagonizados por las orquestas que hayan participado en el Concurs d&#8217;Orquestres CaixaBank 2023 y 2024.<\/p>\n\n\n\n<p>La iniciativa se enmarca en el programa CaixaBank Escolta Val\u00e8ncia, patrocinado por la entidad financiera, que reestructura en esta edici\u00f3n su contenido como consecuencia de las inundaciones y sus efectos en las sociedades musicales valencianas.<\/p>\n\n\n\n<p>Entre los cambios para este ejercicio destacan la cancelaci\u00f3n del concurso y del festival de orquestas, as\u00ed como la adaptaci\u00f3n del programa de patrocinio para liberar una parte importante del presupuesto que ser\u00e1 destinado a ayudar a las sociedades musicales afectadas por la riada en la provincia de Valencia.<\/p>\n\n\n\n<p>El primero de los conciertos tendr\u00e1 lugar el viernes 22 de noviembre en la Iglesia de San Bartolom\u00e9 de X\u00e0bia, con la actuaci\u00f3n del Centre Art\u00edstic Musical de X\u00e0bia, y el 30 de noviembre, en el Auditori de Rafelbunyol, la Sociedad Musical &#8216;La Primitiva&#8217; de Rafelbunyol.<\/p>\n\n\n\n<p>El 1 de diciembre el ciclo continuar\u00e1 en el Auditori Germanies de Manises, con la Societat Musical L&#8217;Art\u00edstica Manisense; el 8 de diciembre en el Monasterio de la Santa Faz de Alicante, con la Sociedad Musical &#8216;La Paz&#8217; de San Juan de Alicante; y el 21 de diciembre en el Teatre de la Banda Primitiva de Ll\u00edria, con el Ateneo Musical y de Ense\u00f1anza de la Banda Primitiva de Ll\u00edria.<\/p>\n\n\n\n<p>El 25 de enero, el Auditori de Torrent acoger\u00e1 a la Uni\u00f3 Musical de Torrent. El 29 de marzo, en el Teatro Capitolio de Godella, actuar\u00e1 el Casino Musical de Godella; el ciclo concluir\u00e1 el 31 de mayo en el CCX de X\u00e0tiva con la Societat Musical La Primitiva Setabense. Para completar la programaci\u00f3n, queda concretar solamente la fecha del concierto de la Uni\u00f3 Musical de Alaqu\u00e0s.&nbsp;<\/p>\n\n\n\n<p>A trav\u00e9s del Cicle CaixaBank d&#8217;Orquestres de la Comunitat Valenciana, se persigue impulsar el movimiento orquestal nacido en las sociedades musicales, acercando este tipo de formaciones a municipios de la Comunitat Valenciana y enriqueciendo as\u00ed la oferta cultural del territorio.<\/p>\n\n\n\n<p><strong>CaixaBank Escolta Val\u00e8ncia<\/strong><\/p>\n\n\n\n<p>CaixaBank Escolta Val\u00e8ncia es una iniciativa puesta en marcha en 2014 por CaixaBank en colaboraci\u00f3n con la Federaci\u00f3n de Sociedades Musicales de la Comunitat Valenciana y el Institut Valenci\u00e0 de Cultura, dirigida a apoyar a las sociedades musicales valencianas y promover la actividad musical y educativa en el territorio.<\/p>\n\n\n\n<p>Entre sus l\u00edneas destacan la convocatoria anual de becas para estudiantes de las escuelas de m\u00fasica; los concursos, festivales y ciclos de conciertos de orquestas de la Comunitat Valenciana; los premios al talento musical; el proyecto de recuperaci\u00f3n de patrimonio \u2018M\u00fasica a la llum\u2019, y L\u2019Alqueria Juli\u00e0-Casa de la M\u00fasica, rehabilitada por CaixaBank, y que alberga desde finales de 2020 la sede de la FSMCV.<\/p>\n\n\n\n<p>Las sociedades musicales en la Comunitat Valenciana representan un fen\u00f3meno social y cultural de una envergadura enorme que vertebra el territorio a trav\u00e9s de una numerosa comunidad musical repartida sin distinci\u00f3n entre pueblos peque\u00f1os y ciudades, entre comarcas y provincias. Un fen\u00f3meno que los valencianos viven desde ni\u00f1os, porque la m\u00fasica se aprende desde la infancia y se comparte a lo largo de una vida.<\/p>\n\n\n\n<p>En la Comunitat Valenciana est\u00e1 presente el 50 % de las sociedades musicales y escuelas de Espa\u00f1a. Un total de 547 sociedades musicales federadas, con m\u00e1s de 1.100 bandas de m\u00fasica, m\u00e1s de 47.000 m\u00fasicos, 60.000 alumnos, 200.000 socios, 600 centros educativos y m\u00e1s de 5.000 profesores. Por ello han sido reconocidas como Bien de Inter\u00e9s Cultural Inmaterial (B.I.C.) y Manifestaci\u00f3n Representativa del Patrimonio Cultural Inmaterial en Espa\u00f1a.<\/p>\n","protected":false},"excerpt":{"rendered":"<div class=\"mh-excerpt\">El ciclo de conciertos tendr\u00e1 lugar entre noviembre de 2024 y mayo de 2025, con una orientaci\u00f3n solidaria para apoyar a las sociedades musicales afectadas por la riada. El primer concierto tendr\u00e1 lugar el viernes, <a class=\"mh-excerpt-more\" href=\"https:\/\/www.tucomarca.com\/wordpress\/segunda\/el-institut-valencia-de-cultura-caixabank-y-la-fsmcv-inician-el-vii-cicle-caixabank-dorquestres-de-la-comunitat-valenciana\/\" title=\"El Institut Valenci\u00e0 de Cultura, CaixaBank y la FSMCV inician el VII Cicle CaixaBank d&#8217;Orquestres de la Comunitat Valenciana\">[+] <\/a><\/div>\n","protected":false},"author":13,"featured_media":229187,"comment_status":"open","ping_status":"open","sticky":false,"template":"","format":"standard","meta":{"footnotes":""},"categories":[4,46,66,8,72,47,7,3],"tags":[10401,220,13272,17757,15855],"class_list":{"0":"post-245869","1":"post","2":"type-post","3":"status-publish","4":"format-standard","5":"has-post-thumbnail","7":"category-agenda","8":"category-camp-de-turia","9":"category-musica","10":"category-la-comarca","11":"category-sin-categorizar","12":"category-lliria","13":"category-ocio-y-cultura","14":"category-seccion","15":"tag-musica","16":"tag-fsmcv","17":"tag-institut-valencia-de-cultura","18":"tag-ivc","19":"tag-ocio-y-cultura"},"_links":{"self":[{"href":"https:\/\/www.tucomarca.com\/wordpress\/segunda\/wp-json\/wp\/v2\/posts\/245869","targetHints":{"allow":["GET"]}}],"collection":[{"href":"https:\/\/www.tucomarca.com\/wordpress\/segunda\/wp-json\/wp\/v2\/posts"}],"about":[{"href":"https:\/\/www.tucomarca.com\/wordpress\/segunda\/wp-json\/wp\/v2\/types\/post"}],"author":[{"embeddable":true,"href":"https:\/\/www.tucomarca.com\/wordpress\/segunda\/wp-json\/wp\/v2\/users\/13"}],"replies":[{"embeddable":true,"href":"https:\/\/www.tucomarca.com\/wordpress\/segunda\/wp-json\/wp\/v2\/comments?post=245869"}],"version-history":[{"count":0,"href":"https:\/\/www.tucomarca.com\/wordpress\/segunda\/wp-json\/wp\/v2\/posts\/245869\/revisions"}],"wp:featuredmedia":[{"embeddable":true,"href":"https:\/\/www.tucomarca.com\/wordpress\/segunda\/wp-json\/wp\/v2\/media\/229187"}],"wp:attachment":[{"href":"https:\/\/www.tucomarca.com\/wordpress\/segunda\/wp-json\/wp\/v2\/media?parent=245869"}],"wp:term":[{"taxonomy":"category","embeddable":true,"href":"https:\/\/www.tucomarca.com\/wordpress\/segunda\/wp-json\/wp\/v2\/categories?post=245869"},{"taxonomy":"post_tag","embeddable":true,"href":"https:\/\/www.tucomarca.com\/wordpress\/segunda\/wp-json\/wp\/v2\/tags?post=245869"}],"curies":[{"name":"wp","href":"https:\/\/api.w.org\/{rel}","templated":true}]}}