{"id":245873,"date":"2024-11-20T08:40:00","date_gmt":"2024-11-20T06:40:00","guid":{"rendered":"https:\/\/www.tucomarca.com\/wordpress\/segunda\/?p=245873"},"modified":"2024-11-20T19:16:44","modified_gmt":"2024-11-20T17:16:44","slug":"los-bomberos-del-consorcio-de-valencia-apuntalan-30-edificios-en-apenas-diez-dias","status":"publish","type":"post","link":"https:\/\/www.tucomarca.com\/wordpress\/segunda\/los-bomberos-del-consorcio-de-valencia-apuntalan-30-edificios-en-apenas-diez-dias\/","title":{"rendered":"Los bomberos del Consorcio de Valencia apuntalan 30 edificios en apenas diez d\u00edas"},"content":{"rendered":"\n<p>Los bomberos del Consorcio Provincial de Valencia han apuntalado ya una treintena de edificios afectados por la DANA desde que empezaran con la fase de estabilizaci\u00f3n de estructuras, unos trabajos iniciados el pasado 9 de noviembre. Los especialistas de la Unidad de Rescate en Emergencias y Cat\u00e1strofes, UREC, del Consorcio, son los encargados de efectuar los trabajos de apuntalamiento, que tienen car\u00e1cter urgente y provisional a la espera de que los edificios acometan las obras que correspondan. Con los trabajos de apeo que realiza la UREC, se frena el deterioro del edificio, evitando da\u00f1os a\u00fan m\u00e1s graves en la estructura y permitiendo preservar la propiedad a la espera de actuaciones de mayor envergadura. Se trata de viviendas, locales y establecimientos de toda tipolog\u00eda, algunos incluso hist\u00f3ricos como las bodegas subterr\u00e1neas de Utiel o el edificio modernista de la M\u00fatua de Chiva.<\/p>\n\n\n\n<p>Paiporta es la localidad donde los bomberos han apuntalado un mayor n\u00famero de edificios, un total de doce hasta la fecha, seguidos de Catarroja y Chiva, donde se ha actuado en cuatro edificios en cada uno. Adem\u00e1s, ha habido actuaciones en Aldaia, Massanassa, Benet\u00fasser, Albal, Pica\u00f1a, Utiel, Sedav\u00ed y Alfafar.&nbsp;<\/p>\n\n\n\n<p>Por otra parte, los bomberos han revisado ya otros doce edificios en los que finalmente no se ha efectuado apuntalamiento, bien por el estado ruinoso del edificio o bien porque son desperfectos de poca entidad. En ocasiones, el apuntalamiento ha quedado pendiente de que se efect\u00faen en el inmueble otras tareas previas parar poder llegar a actuar.<\/p>\n\n\n\n<p>Los bomberos calculan que todav\u00eda han de realizar intervenciones en otros 70 edificios.&nbsp;<\/p>\n\n\n\n<figure class=\"wp-block-gallery has-nested-images columns-default is-cropped wp-block-gallery-1 is-layout-flex wp-block-gallery-is-layout-flex\">\n<figure class=\"wp-block-image size-large\"><img loading=\"lazy\" decoding=\"async\" width=\"768\" height=\"1024\" data-id=\"245878\" src=\"https:\/\/www.tucomarca.com\/wordpress\/segunda\/wp-content\/uploads\/2024\/11\/urec1-768x1024.jpeg\" alt=\"\" class=\"wp-image-245878\" srcset=\"https:\/\/www.tucomarca.com\/wordpress\/segunda\/wp-content\/uploads\/2024\/11\/urec1-768x1024.jpeg 768w, https:\/\/www.tucomarca.com\/wordpress\/segunda\/wp-content\/uploads\/2024\/11\/urec1-225x300.jpeg 225w, https:\/\/www.tucomarca.com\/wordpress\/segunda\/wp-content\/uploads\/2024\/11\/urec1.jpeg 1152w\" sizes=\"auto, (max-width: 768px) 100vw, 768px\" \/><\/figure>\n\n\n\n<figure class=\"wp-block-image size-large\"><img loading=\"lazy\" decoding=\"async\" width=\"768\" height=\"1024\" data-id=\"245874\" src=\"https:\/\/www.tucomarca.com\/wordpress\/segunda\/wp-content\/uploads\/2024\/11\/urec3-768x1024.jpeg\" alt=\"\" class=\"wp-image-245874\" srcset=\"https:\/\/www.tucomarca.com\/wordpress\/segunda\/wp-content\/uploads\/2024\/11\/urec3-768x1024.jpeg 768w, https:\/\/www.tucomarca.com\/wordpress\/segunda\/wp-content\/uploads\/2024\/11\/urec3-225x300.jpeg 225w, https:\/\/www.tucomarca.com\/wordpress\/segunda\/wp-content\/uploads\/2024\/11\/urec3.jpeg 1152w\" sizes=\"auto, (max-width: 768px) 100vw, 768px\" \/><\/figure>\n<\/figure>\n","protected":false},"excerpt":{"rendered":"<div class=\"mh-excerpt\">Los bomberos del Consorcio Provincial de Valencia han apuntalado ya una treintena de edificios afectados por la DANA desde que empezaran con la fase de estabilizaci\u00f3n de estructuras, unos trabajos iniciados el pasado 9 de <a class=\"mh-excerpt-more\" href=\"https:\/\/www.tucomarca.com\/wordpress\/segunda\/los-bomberos-del-consorcio-de-valencia-apuntalan-30-edificios-en-apenas-diez-dias\/\" title=\"Los bomberos del Consorcio de Valencia apuntalan 30 edificios en apenas diez d\u00edas\">[+] <\/a><\/div>\n","protected":false},"author":13,"featured_media":245876,"comment_status":"open","ping_status":"open","sticky":false,"template":"","format":"gallery","meta":{"footnotes":""},"categories":[16,21465,128,8,72,10,7,27,3,116,29,45],"tags":[20341,12831,2142],"class_list":{"0":"post-245873","1":"post","2":"type-post","3":"status-publish","4":"format-gallery","5":"has-post-thumbnail","7":"category-chiva","8":"category-dana","9":"category-infraestructuras","10":"category-la-comarca","11":"category-sin-categorizar","12":"category-la-hoya","13":"category-ocio-y-cultura","14":"category-requena-utiel","15":"category-seccion","16":"category-sucesos-la-comarca","17":"category-utiel","18":"category-ventana","19":"tag-bomberos-consorcio-provincial-de-bomberos-de-valencia","20":"tag-dana-2","21":"tag-la-comunitat","22":"post_format-post-format-gallery"},"_links":{"self":[{"href":"https:\/\/www.tucomarca.com\/wordpress\/segunda\/wp-json\/wp\/v2\/posts\/245873","targetHints":{"allow":["GET"]}}],"collection":[{"href":"https:\/\/www.tucomarca.com\/wordpress\/segunda\/wp-json\/wp\/v2\/posts"}],"about":[{"href":"https:\/\/www.tucomarca.com\/wordpress\/segunda\/wp-json\/wp\/v2\/types\/post"}],"author":[{"embeddable":true,"href":"https:\/\/www.tucomarca.com\/wordpress\/segunda\/wp-json\/wp\/v2\/users\/13"}],"replies":[{"embeddable":true,"href":"https:\/\/www.tucomarca.com\/wordpress\/segunda\/wp-json\/wp\/v2\/comments?post=245873"}],"version-history":[{"count":0,"href":"https:\/\/www.tucomarca.com\/wordpress\/segunda\/wp-json\/wp\/v2\/posts\/245873\/revisions"}],"wp:featuredmedia":[{"embeddable":true,"href":"https:\/\/www.tucomarca.com\/wordpress\/segunda\/wp-json\/wp\/v2\/media\/245876"}],"wp:attachment":[{"href":"https:\/\/www.tucomarca.com\/wordpress\/segunda\/wp-json\/wp\/v2\/media?parent=245873"}],"wp:term":[{"taxonomy":"category","embeddable":true,"href":"https:\/\/www.tucomarca.com\/wordpress\/segunda\/wp-json\/wp\/v2\/categories?post=245873"},{"taxonomy":"post_tag","embeddable":true,"href":"https:\/\/www.tucomarca.com\/wordpress\/segunda\/wp-json\/wp\/v2\/tags?post=245873"}],"curies":[{"name":"wp","href":"https:\/\/api.w.org\/{rel}","templated":true}]}}