{"id":245937,"date":"2024-11-20T09:10:00","date_gmt":"2024-11-20T07:10:00","guid":{"rendered":"https:\/\/www.tucomarca.com\/wordpress\/segunda\/?p=245937"},"modified":"2024-11-20T20:28:26","modified_gmt":"2024-11-20T18:28:26","slug":"la-generalitat-restaura-el-sistema-de-aguas-residuales-en-vilamarxant-y-riba-roja-danado-por-la-riada-para-terminar-con-los-vertidos-al-turia","status":"publish","type":"post","link":"https:\/\/www.tucomarca.com\/wordpress\/segunda\/la-generalitat-restaura-el-sistema-de-aguas-residuales-en-vilamarxant-y-riba-roja-danado-por-la-riada-para-terminar-con-los-vertidos-al-turia\/","title":{"rendered":"La Generalitat restaura el sistema de aguas residuales en Vilamarxant y Riba-roja da\u00f1ado por la riada para terminar con los vertidos al Turia"},"content":{"rendered":"\n<h3 class=\"wp-block-heading\"><strong>En tiempo r\u00e9cord se ha instalado un colector de forma provisional para restablecer la conexi\u00f3n con la estaci\u00f3n depuradora<\/strong>.<\/h3>\n\n\n\n<h3 class=\"wp-block-heading\"><strong>Estas obras se enmarcan en el plan de la Conselleria de Medio Ambiente, Infraestructuras y Territorio y la EPSAR en el que se est\u00e1n destinando 100 millones de euros\u00a0para restaurar todas las infraestructuras da\u00f1adas por las inundaciones<\/strong>.<\/h3>\n\n\n\n<p>La Generalitat ha finalizado la primera fase de las obras de emergencia para instalar un colector provisional que traslade las aguas residuales de Vilamarxant y Riba-roja de T\u00faria a la Estaci\u00f3n Depuradora de Aguas Residuales Camp de T\u00faria II y evitar as\u00ed su salida al r\u00edo Turia, tras los da\u00f1os sufridos por las inundaciones.<\/p>\n\n\n\n<p>La virulencia del agua en la riada arrastr\u00f3 un colector a\u00e9reo de 200 metros, junto con vigas y pilares de hormig\u00f3n, que provocaron un colapso al impedir que las aguas residuales continuaran hasta la estaci\u00f3n depuradora Camp de T\u00faria ubicada en Riba-roja.<\/p>\n\n\n\n<p>La Conselleria de Medio Ambiente, Infraestructuras y Transportes ha trabajado intensamente para habilitar en tiempo r\u00e9cord un colector provisional y establecer un sistema de bombeo temporal, utilizando maquinaria pesada y contando con el apoyo de la Unidad Militar de Emergencias, que ha facilitado el acceso a la zona de trabajo.<\/p>\n\n\n\n<p>Gracias a la labor de 25 operarios, que han estado trabajando d\u00eda y noche, se ha conseguido conectar las aguas residuales de Vilamarxant y Riba-roja a la estaci\u00f3n depuradora, salvaguardando as\u00ed el r\u00edo de vertidos sin tratar.<\/p>\n\n\n\n<p>Tras la finalizaci\u00f3n de esta primera fase de las obras provisionales, se inicia la reparaci\u00f3n definitiva con la reposici\u00f3n de los 239 metros de colector que deber\u00e1n atravesar el cauce del r\u00edo Turia, utilizando una nueva estructura de vigas y pilares m\u00e1s resistentes a eventuales crecidas. El presupuesto para estos trabajos de emergencia se ha fijado en 2,5 millones de euros.<\/p>\n\n\n\n<p>La Estaci\u00f3n Depuradora de Aguas Residuales (EDAR) Camp de T\u00faria II presta servicio a las localidades de Riba-roja de T\u00faria, l\u2019Eliana, Vilamarxant y San Antonio de Benag\u00e9ber. La empresa responsable de la explotaci\u00f3n de la EDAR ya evalu\u00f3 los da\u00f1os de la riada el 30 de octubre, y el 12 de noviembre la Entidad P\u00fablica de Saneamiento de Aguas Residuales (EPSAR) declar\u00f3 la emergencia de las obras de reparaci\u00f3n.<\/p>\n\n\n\n<p>Esta actuaci\u00f3n se enmarca dentro del plan de la EPSAR para restaurar todas las infraestructuras da\u00f1adas por las inundaciones para las que tiene previsto destinar 100 millones de euros. La empresa p\u00fablica ya trabaja tambi\u00e9n en otros puntos como Bu\u00f1ol, Requena, Pinedo, Torrent, Quart, Utiel, Algemes\u00ed, Alzira, Benicarl\u00f3 y Cheste.<\/p>\n","protected":false},"excerpt":{"rendered":"<div class=\"mh-excerpt\">En tiempo r\u00e9cord se ha instalado un colector de forma provisional para restablecer la conexi\u00f3n con la estaci\u00f3n depuradora. Estas obras se enmarcan en el plan de la Conselleria de Medio Ambiente, Infraestructuras y Territorio <a class=\"mh-excerpt-more\" href=\"https:\/\/www.tucomarca.com\/wordpress\/segunda\/la-generalitat-restaura-el-sistema-de-aguas-residuales-en-vilamarxant-y-riba-roja-danado-por-la-riada-para-terminar-con-los-vertidos-al-turia\/\" title=\"La Generalitat restaura el sistema de aguas residuales en Vilamarxant y Riba-roja da\u00f1ado por la riada para terminar con los vertidos al Turia\">[+] <\/a><\/div>\n","protected":false},"author":12,"featured_media":245939,"comment_status":"open","ping_status":"open","sticky":false,"template":"","format":"standard","meta":{"footnotes":""},"categories":[46,119,21465,128,8,72,117,142,182,3,116,45,184],"tags":[10395,12831,10716,15023,10439],"class_list":{"0":"post-245937","1":"post","2":"type-post","3":"status-publish","4":"format-standard","5":"has-post-thumbnail","7":"category-camp-de-turia","8":"category-sanidad-la-comarca","9":"category-dana","10":"category-infraestructuras","11":"category-la-comarca","12":"category-sin-categorizar","13":"category-medio-ambiente-la-comarca","14":"category-politica-la-comarca","15":"category-riba-roja","16":"category-seccion","17":"category-sucesos-la-comarca","18":"category-ventana","19":"category-vilamarxant","20":"tag-camp-de-turia","21":"tag-dana-2","22":"tag-generalitat-valenciana","23":"tag-riba-roja-de-turia","24":"tag-vilamarxant"},"_links":{"self":[{"href":"https:\/\/www.tucomarca.com\/wordpress\/segunda\/wp-json\/wp\/v2\/posts\/245937","targetHints":{"allow":["GET"]}}],"collection":[{"href":"https:\/\/www.tucomarca.com\/wordpress\/segunda\/wp-json\/wp\/v2\/posts"}],"about":[{"href":"https:\/\/www.tucomarca.com\/wordpress\/segunda\/wp-json\/wp\/v2\/types\/post"}],"author":[{"embeddable":true,"href":"https:\/\/www.tucomarca.com\/wordpress\/segunda\/wp-json\/wp\/v2\/users\/12"}],"replies":[{"embeddable":true,"href":"https:\/\/www.tucomarca.com\/wordpress\/segunda\/wp-json\/wp\/v2\/comments?post=245937"}],"version-history":[{"count":0,"href":"https:\/\/www.tucomarca.com\/wordpress\/segunda\/wp-json\/wp\/v2\/posts\/245937\/revisions"}],"wp:featuredmedia":[{"embeddable":true,"href":"https:\/\/www.tucomarca.com\/wordpress\/segunda\/wp-json\/wp\/v2\/media\/245939"}],"wp:attachment":[{"href":"https:\/\/www.tucomarca.com\/wordpress\/segunda\/wp-json\/wp\/v2\/media?parent=245937"}],"wp:term":[{"taxonomy":"category","embeddable":true,"href":"https:\/\/www.tucomarca.com\/wordpress\/segunda\/wp-json\/wp\/v2\/categories?post=245937"},{"taxonomy":"post_tag","embeddable":true,"href":"https:\/\/www.tucomarca.com\/wordpress\/segunda\/wp-json\/wp\/v2\/tags?post=245937"}],"curies":[{"name":"wp","href":"https:\/\/api.w.org\/{rel}","templated":true}]}}