{"id":245952,"date":"2024-11-21T09:10:00","date_gmt":"2024-11-21T07:10:00","guid":{"rendered":"https:\/\/www.tucomarca.com\/wordpress\/segunda\/?p=245952"},"modified":"2024-11-21T23:39:33","modified_gmt":"2024-11-21T21:39:33","slug":"la-generalitat-asumira-la-rehabilitacion-de-49-infraestructuras-locales-de-18-municipios-valencianos-afectados-por-las-inundaciones","status":"publish","type":"post","link":"https:\/\/www.tucomarca.com\/wordpress\/segunda\/la-generalitat-asumira-la-rehabilitacion-de-49-infraestructuras-locales-de-18-municipios-valencianos-afectados-por-las-inundaciones\/","title":{"rendered":"La Generalitat asumir\u00e1 la rehabilitaci\u00f3n de 49 infraestructuras locales de 18 municipios valencianos afectados por las inundaciones"},"content":{"rendered":"\n<h3 class=\"wp-block-heading\">As\u00ed se ha pactado en la reuni\u00f3n del Grupo de Respuesta Inmediata de Infraestructuras Consell-Gobierno celebrada esta tarde con el Ministerio.<\/h3>\n\n\n\n<p>La Generalitat asumir\u00e1 la rehabilitaci\u00f3n de 49 infraestructuras locales da\u00f1adas por las inundaciones con el objetivo de reparar de urgencia las diferentes v\u00edas, pasarelas y puentes tras ser aceptada la propuesta presentada al Gobierno.<\/p>\n\n\n\n<p>As\u00ed se ha trasladado durante la reuni\u00f3n celebrada esta tarde del Grupo de Respuesta Inmediata de Infraestructuras Consell-Gobierno en la que ha participado el conseller de Medio Ambiente, Infraestructuras y Territorio, Vicente Mart\u00ednez Mus y el ministro de Transportes y Movilidad Sostenible, \u00d3scar Puente.<\/p>\n\n\n\n<p>De esta forma, la Conselleria de Medio Ambiente, Infraestructuras y Territorio ejecutar\u00e1 49 obras en los municipios de Alc\u00e0sser, Bugarra, Calles, Cheste, Chera, Chiva, Gestalgar, Godelleta, Loriguilla, Macastre, Montserrat, Pedralba, Picassent, Requena, Siete Aguas, Sinarcas, Sot de Chera y Torrent. En total, son las obras de 18 localidades. La mayor parte corresponden a v\u00edas que comunican con carreteras de titularidad auton\u00f3mica.<\/p>\n\n\n\n<p>Por su parte, el Ministerio de Transportes y Movilidad Sostenible llevar\u00e1 a cabo 36 actuaciones en los municipios de Aldaia, Alfafar, Almussafes, Manises, Paiporta, Picanya, Real, Riba-roja y Xirivella. En total, son las obras de 9 localidades. El grueso de estas son infraestructuras que guardan alguna relaci\u00f3n con v\u00edas de Adif o carreteras de titularidad estatal.<\/p>\n\n\n\n<p>En los municipios de Algemes\u00ed, Beniparrell, Bu\u00f1ol y Catarroja parte de las obras las acometer\u00e1 la administraci\u00f3n auton\u00f3mica y parte la estatal. El listado podr\u00e1 actualizarse en funci\u00f3n de las necesidades de los ayuntamientos.<\/p>\n\n\n\n<p>La Generalitat ya ha comenzado a ponerse en contacto con los municipios para asumir estas obras al ya estar en ejecuci\u00f3n las obras de su competencia, que en solo la semana pasada permitieron la reapertura de cuatro carreteras y la apertura parcial de una quinta, lo que ha permitido restablecer la movilidad y la conexi\u00f3n de los municipios que m\u00e1s da\u00f1os han sufrido con la riada.<\/p>\n\n\n\n<p>Hasta la fecha, la Generalitat ha restablecido la circulaci\u00f3n en casi la totalidad de las 18 carreteras que se vieron afectadas, incluidas las v\u00edas CV-33, CV-390, CV-403, CV-42 y un tramo de CV-36. Estas acciones forman parte de un plan integral del Consell para restaurar las infraestructuras afectadas y facilitar el regreso a la normalidad de las poblaciones. De la misma forma, tras recuperar el servicio de tranv\u00eda de Ferrocarrils de la Generalitat Valenciana (FGV) se trabaja para restaurar la mayor parte del servicio de metro en dos semanas. Hasta entonces se mantendr\u00e1n las 20 l\u00edneas de servicio sustitutivo de autob\u00fas.<\/p>\n","protected":false},"excerpt":{"rendered":"<div class=\"mh-excerpt\">As\u00ed se ha pactado en la reuni\u00f3n del Grupo de Respuesta Inmediata de Infraestructuras Consell-Gobierno celebrada esta tarde con el Ministerio. La Generalitat asumir\u00e1 la rehabilitaci\u00f3n de 49 infraestructuras locales da\u00f1adas por las inundaciones con <a class=\"mh-excerpt-more\" href=\"https:\/\/www.tucomarca.com\/wordpress\/segunda\/la-generalitat-asumira-la-rehabilitacion-de-49-infraestructuras-locales-de-18-municipios-valencianos-afectados-por-las-inundaciones\/\" title=\"La Generalitat asumir\u00e1 la rehabilitaci\u00f3n de 49 infraestructuras locales de 18 municipios valencianos afectados por las inundaciones\">[+] <\/a><\/div>\n","protected":false},"author":12,"featured_media":245955,"comment_status":"open","ping_status":"open","sticky":false,"template":"","format":"standard","meta":{"footnotes":""},"categories":[185,190,46,186,17,16,21465,193,14,128,8,72,10,42,178,59,13,162,196,28,27,3,12,235,197,45],"tags":[10440,1327,10395,10415,339,10384,12831,10446,10383,10412,2142,5952,3640,3912,10434,10382,10425,10448,10388,10387,10381,10455,10449],"class_list":{"0":"post-245952","1":"post","2":"type-post","3":"status-publish","4":"format-standard","5":"has-post-thumbnail","7":"category-bugarra","8":"category-calles","9":"category-camp-de-turia","10":"category-chera-los-serranos","11":"category-cheste","12":"category-chiva","13":"category-dana","14":"category-gestalgar","15":"category-godelleta","16":"category-infraestructuras","17":"category-la-comarca","18":"category-sin-categorizar","19":"category-la-hoya","20":"category-la-ribera","21":"category-loriguilla","22":"category-los-serranos","23":"category-macastre","24":"category-monserrat","25":"category-pedralba","26":"category-requena","27":"category-requena-utiel","28":"category-seccion","29":"category-siete-aguas","30":"category-sinarcas","31":"category-sot-de-chera","32":"category-ventana","33":"tag-bugarra","34":"tag-calles-2","35":"tag-camp-de-turia","36":"tag-chera","37":"tag-cheste-2","38":"tag-chiva","39":"tag-dana-2","40":"tag-gestalgar","41":"tag-godelleta","42":"tag-infraestructuras","43":"tag-la-comunitat","44":"tag-la-hoya-de-bunol-chiva","45":"tag-la-ribera-alta","46":"tag-la-serrania","47":"tag-loriguilla","48":"tag-macastre","49":"tag-monserrat","50":"tag-pedralba","51":"tag-requena","52":"tag-requena-utiel","53":"tag-siete-aguas","54":"tag-sinarcas","55":"tag-sot-de-chera"},"_links":{"self":[{"href":"https:\/\/www.tucomarca.com\/wordpress\/segunda\/wp-json\/wp\/v2\/posts\/245952","targetHints":{"allow":["GET"]}}],"collection":[{"href":"https:\/\/www.tucomarca.com\/wordpress\/segunda\/wp-json\/wp\/v2\/posts"}],"about":[{"href":"https:\/\/www.tucomarca.com\/wordpress\/segunda\/wp-json\/wp\/v2\/types\/post"}],"author":[{"embeddable":true,"href":"https:\/\/www.tucomarca.com\/wordpress\/segunda\/wp-json\/wp\/v2\/users\/12"}],"replies":[{"embeddable":true,"href":"https:\/\/www.tucomarca.com\/wordpress\/segunda\/wp-json\/wp\/v2\/comments?post=245952"}],"version-history":[{"count":0,"href":"https:\/\/www.tucomarca.com\/wordpress\/segunda\/wp-json\/wp\/v2\/posts\/245952\/revisions"}],"wp:featuredmedia":[{"embeddable":true,"href":"https:\/\/www.tucomarca.com\/wordpress\/segunda\/wp-json\/wp\/v2\/media\/245955"}],"wp:attachment":[{"href":"https:\/\/www.tucomarca.com\/wordpress\/segunda\/wp-json\/wp\/v2\/media?parent=245952"}],"wp:term":[{"taxonomy":"category","embeddable":true,"href":"https:\/\/www.tucomarca.com\/wordpress\/segunda\/wp-json\/wp\/v2\/categories?post=245952"},{"taxonomy":"post_tag","embeddable":true,"href":"https:\/\/www.tucomarca.com\/wordpress\/segunda\/wp-json\/wp\/v2\/tags?post=245952"}],"curies":[{"name":"wp","href":"https:\/\/api.w.org\/{rel}","templated":true}]}}