{"id":245966,"date":"2024-11-21T09:00:00","date_gmt":"2024-11-21T07:00:00","guid":{"rendered":"https:\/\/www.tucomarca.com\/wordpress\/segunda\/?p=245966"},"modified":"2024-11-21T14:30:04","modified_gmt":"2024-11-21T12:30:04","slug":"el-circuit-ricardo-tormo-volvera-a-abrir-el-5-de-diciembre-con-un-acceso-alternativo","status":"publish","type":"post","link":"https:\/\/www.tucomarca.com\/wordpress\/segunda\/el-circuit-ricardo-tormo-volvera-a-abrir-el-5-de-diciembre-con-un-acceso-alternativo\/","title":{"rendered":"El Circuit Ricardo Tormo volver\u00e1 a abrir el 5 de diciembre con un acceso alternativo"},"content":{"rendered":"\n<h3 class=\"wp-block-heading\">Las \u00e1reas de aparcamiento y los accesos son las zonas m\u00e1s afectadas mientras que la pista de Gran Premio no ha sido perjudicada.<\/h3>\n\n\n\n<p>El Circuit Ricardo Tormo volver\u00e1 a abrir sus puertas el pr\u00f3ximo 5 de diciembre tras la riada del pasado 29 de octubre. La acci\u00f3n volver\u00e1 a la pista de Gran Premio con la organizaci\u00f3n alemana Bike Promotion y sus clientes que deber\u00e1n a acceder a las instalaciones de Cheste a trav\u00e9s de un recorrido alternativo que evita el acceso principal, todav\u00eda pendiente de reconstrucci\u00f3n.<\/p>\n\n\n\n<p>Los graves desperfectos sufridos se centran en los accesos y \u00e1reas de aparcamiento y contin\u00faan en proceso de evaluaci\u00f3n para acometer su reconstrucci\u00f3n cuando sea posible.<\/p>\n\n\n\n<p>La pista de Gran Premio no ha sufrido desperfectos y tras la comprobaci\u00f3n por parte de los t\u00e9cnicos de la seguridad de las instalaciones se volver\u00e1 a poner en servicio para los clientes del Circuit.<\/p>\n\n\n\n<p>Desde las inundaciones, el trazado de Cheste se ha visto obligado a cancelar la parte m\u00e1s importante de su calendario anual. Adem\u00e1s del Gran Premio de la Comunitat Valenciana del 15 al 17 de noviembre, el Circuit Ricardo Tormo ha suspendido los entrenamientos de la F\u00f3rmula E del 4 al 7 de noviembre, y de la \u00faltima cita del FIM JuniorGP del 22 al 24 de noviembre, as\u00ed como el rodaje de una pel\u00edcula y los entrenamientos de automovilismo programados para la \u00faltima semana de noviembre y la primera de diciembre. Adem\u00e1s, distintas actividades a lo largo del mes diciembre ser\u00e1n canceladas para labores de mantenimiento.<\/p>\n\n\n\n<p>Asimismo, la actividad del Centro Especializado de Tecnificaci\u00f3n Deportiva del Circuit que forma a j\u00f3venes pilotos entre el Centro Educativo de Cheste y las instalaciones del Circuit volver\u00e1 al trabajo cuando comiencen las clases, mientras los t\u00e9cnicos est\u00e1n en permanente contacto con los pilotos para programar sus entrenamientos a distancia.<\/p>\n","protected":false},"excerpt":{"rendered":"<div class=\"mh-excerpt\">Las \u00e1reas de aparcamiento y los accesos son las zonas m\u00e1s afectadas mientras que la pista de Gran Premio no ha sido perjudicada. El Circuit Ricardo Tormo volver\u00e1 a abrir sus puertas el pr\u00f3ximo 5 <a class=\"mh-excerpt-more\" href=\"https:\/\/www.tucomarca.com\/wordpress\/segunda\/el-circuit-ricardo-tormo-volvera-a-abrir-el-5-de-diciembre-con-un-acceso-alternativo\/\" title=\"El Circuit Ricardo Tormo volver\u00e1 a abrir el 5 de diciembre con un acceso alternativo\">[+] <\/a><\/div>\n","protected":false},"author":12,"featured_media":245969,"comment_status":"open","ping_status":"open","sticky":false,"template":"","format":"standard","meta":{"footnotes":""},"categories":[17,21465,6,128,8,72,10,91,3,116,45],"tags":[339,10474,12831,10379,10412,2142,5952,10407],"class_list":{"0":"post-245966","1":"post","2":"type-post","3":"status-publish","4":"format-standard","5":"has-post-thumbnail","7":"category-cheste","8":"category-dana","9":"category-deportes","10":"category-infraestructuras","11":"category-la-comarca","12":"category-sin-categorizar","13":"category-la-hoya","14":"category-motociclismo","15":"category-seccion","16":"category-sucesos-la-comarca","17":"category-ventana","18":"tag-cheste-2","19":"tag-circuit-ricardo-tormo","20":"tag-dana-2","21":"tag-deportes","22":"tag-infraestructuras","23":"tag-la-comunitat","24":"tag-la-hoya-de-bunol-chiva","25":"tag-motociclismo"},"_links":{"self":[{"href":"https:\/\/www.tucomarca.com\/wordpress\/segunda\/wp-json\/wp\/v2\/posts\/245966","targetHints":{"allow":["GET"]}}],"collection":[{"href":"https:\/\/www.tucomarca.com\/wordpress\/segunda\/wp-json\/wp\/v2\/posts"}],"about":[{"href":"https:\/\/www.tucomarca.com\/wordpress\/segunda\/wp-json\/wp\/v2\/types\/post"}],"author":[{"embeddable":true,"href":"https:\/\/www.tucomarca.com\/wordpress\/segunda\/wp-json\/wp\/v2\/users\/12"}],"replies":[{"embeddable":true,"href":"https:\/\/www.tucomarca.com\/wordpress\/segunda\/wp-json\/wp\/v2\/comments?post=245966"}],"version-history":[{"count":0,"href":"https:\/\/www.tucomarca.com\/wordpress\/segunda\/wp-json\/wp\/v2\/posts\/245966\/revisions"}],"wp:featuredmedia":[{"embeddable":true,"href":"https:\/\/www.tucomarca.com\/wordpress\/segunda\/wp-json\/wp\/v2\/media\/245969"}],"wp:attachment":[{"href":"https:\/\/www.tucomarca.com\/wordpress\/segunda\/wp-json\/wp\/v2\/media?parent=245966"}],"wp:term":[{"taxonomy":"category","embeddable":true,"href":"https:\/\/www.tucomarca.com\/wordpress\/segunda\/wp-json\/wp\/v2\/categories?post=245966"},{"taxonomy":"post_tag","embeddable":true,"href":"https:\/\/www.tucomarca.com\/wordpress\/segunda\/wp-json\/wp\/v2\/tags?post=245966"}],"curies":[{"name":"wp","href":"https:\/\/api.w.org\/{rel}","templated":true}]}}