{"id":246002,"date":"2024-11-21T08:45:00","date_gmt":"2024-11-21T06:45:00","guid":{"rendered":"https:\/\/www.tucomarca.com\/wordpress\/segunda\/?p=246002"},"modified":"2024-11-21T15:21:22","modified_gmt":"2024-11-21T13:21:22","slug":"la-generalitat-destina-7-406-035-euros-a-190-municipios-en-riesgo-de-despoblacion-y-entre-los-que-se-encuentran-afectados-por-la-riada","status":"publish","type":"post","link":"https:\/\/www.tucomarca.com\/wordpress\/segunda\/la-generalitat-destina-7-406-035-euros-a-190-municipios-en-riesgo-de-despoblacion-y-entre-los-que-se-encuentran-afectados-por-la-riada\/","title":{"rendered":"La Generalitat destina 7.406.035 euros a 190 municipios en riesgo de despoblaci\u00f3n y entre los que se encuentran afectados por la riada"},"content":{"rendered":"\n<h3 class=\"wp-block-heading\">Entre las localidades beneficiarias est\u00e1n Bugarra, Calles, Camporrobles, Castielfabib, Caudete de las Fuentes, Chera, Chulilla, Dos Aguas, Gestalgar, Llocnou de la Corona, Lucena del Cid, Millares, Pedralba, Sinarcas y Sot de Chera.<\/h3>\n\n\n\n<h3 class=\"wp-block-heading\">Los municipios en riesgo de despoblaci\u00f3n y que han estado afectados por la DANA recibir\u00e1n 733.900 euros.<\/h3>\n\n\n\n<h3 class=\"wp-block-heading\">Se proporciona un alivio financiero inmediato a los municipios m\u00e1s peque\u00f1os que sufren el fen\u00f3meno de la despoblaci\u00f3n y que, adem\u00e1s, han sufrido las consecuencias de las inundaciones.<\/h3>\n\n\n\n<p>La Generalitat ha asignado 7.406.035 euros a 190 municipios en riesgo de despoblaci\u00f3n repartidos por el territorio valenciano, seg\u00fan la resoluci\u00f3n que publica el&nbsp;Diario Oficial de la Generalitat Valenciana (DOGV<a href=\"https:\/\/dogv.gva.es\/es\/resultat-dogv?signatura=2024\/12177\" target=\"_blank\" rel=\"noreferrer noopener\">)<\/a>&nbsp;sobre la asignaci\u00f3n de la l\u00ednea espec\u00edfica del fondo de cooperaci\u00f3n municipal para la lucha contra el despoblamiento de los municipios de la Comunitat Valenciana correspondiente al ejercicio 2024.<\/p>\n\n\n\n<p>Entre estas localidades se incluyen 15 municipios en riesgo de despoblaci\u00f3n que se han visto afectados por la riada del pasado 29 de octubre y que recibir\u00e1n un total de 733.900 euros. Los municipios beneficiarios son: Bugarra, Calles, Camporrobles, Castielfabib, Caudete de las Fuentes, Chera, Chulilla, Dos Aguas, Gestalgar, Llocnou de la Corona, Lucena del Cid, Millares, Pedralba, Sinarcas y Sot de Chera.<\/p>\n\n\n\n<p>Tras la publicaci\u00f3n de la resoluci\u00f3n, los municipios recibir\u00e1n en breve las cantidades asignadas. De esta forma, se proporciona un alivio financiero inmediato a los municipios m\u00e1s peque\u00f1os que sufren el fen\u00f3meno de la despoblaci\u00f3n y que, adem\u00e1s, se han visto afectados por la DANA.<\/p>\n\n\n\n<p>Cabe subrayar que la percepci\u00f3n del fondo contra el despoblamiento es compatible con las ayudas urgentes que ha puesto en marcha la Generalitat destinadas a las localidades que han sufrido da\u00f1os por la riada.<\/p>\n\n\n\n<p>El Fondo de Cooperaci\u00f3n Municipal contra el Despoblamiento se ha reforzado en 2024, dedicando m\u00e1s recursos y extendiendo su alcance a un mayor n\u00famero de municipios. Con este impulso al fondo, el Consell busca combatir de manera m\u00e1s efectiva la despoblaci\u00f3n en la Comunitat Valenciana, revitalizando las \u00e1reas rurales y ofreciendo nuevas oportunidades a alrededor de 100.000 personas que residen en estos municipios.<\/p>\n\n\n\n<p>Concretamente, podr\u00e1n beneficiarse 32 poblaciones de la provincia de Alicante, 88 localidades de Castell\u00f3n y un total de 70 municipios de la provincia de Valencia, todos ellos en riesgo de despoblaci\u00f3n.<\/p>\n\n\n\n<p>Adem\u00e1s la resoluci\u00f3n incluye 16 localidades que ser\u00e1n nuevas perceptoras del fondo antidespoblaci\u00f3n en 2024: Anna, Antella, Bej\u00eds, Bell\u00fas, Beniarr\u00e9s, Benilloba, Benimarfull, Bolbaite, Caudete de las Fuentes, La Jana, Relleu, Sellent, Suera, Sumac\u00e0rcer, Torre de les Ma\u00e7anes y La Vall de Laguar.<\/p>\n\n\n\n<p>El pasado mes de septiembre, el Gobierno valenciano aprob\u00f3 el decreto que desarrolla el Fondo de Cooperaci\u00f3n Municipal contra el Despoblamiento con el objetivo de que los municipios en riesgo de despoblaci\u00f3n que accedieran a las l\u00edneas espec\u00edficas de financiaci\u00f3n fueran aquellos que m\u00e1s lo necesitaran.<\/p>\n\n\n\n<p>La Comisi\u00f3n de seguimiento del Fondo de Cooperaci\u00f3n Municipal de la Comunitat Valenciana se reuni\u00f3 en octubre con la participaci\u00f3n de las diputaciones de Alicante, Castell\u00f3n y Val\u00e8ncia, la Federaci\u00f3n Valenciana de Municipios y Provincias (FVMP) y representantes de la administraci\u00f3n valenciana; sesi\u00f3n en la que dio a conocer la propuesta de distribuci\u00f3n del Fondo contra la Despoblaci\u00f3n para el ejercicio 2024.<\/p>\n","protected":false},"excerpt":{"rendered":"<div class=\"mh-excerpt\">Entre las localidades beneficiarias est\u00e1n Bugarra, Calles, Camporrobles, Castielfabib, Caudete de las Fuentes, Chera, Chulilla, Dos Aguas, Gestalgar, Llocnou de la Corona, Lucena del Cid, Millares, Pedralba, Sinarcas y Sot de Chera. Los municipios en <a class=\"mh-excerpt-more\" href=\"https:\/\/www.tucomarca.com\/wordpress\/segunda\/la-generalitat-destina-7-406-035-euros-a-190-municipios-en-riesgo-de-despoblacion-y-entre-los-que-se-encuentran-afectados-por-la-riada\/\" title=\"La Generalitat destina 7.406.035 euros a 190 municipios en riesgo de despoblaci\u00f3n y entre los que se encuentran afectados por la riada\">[+] <\/a><\/div>\n","protected":false},"author":12,"featured_media":220176,"comment_status":"open","ping_status":"open","sticky":false,"template":"","format":"standard","meta":{"footnotes":""},"categories":[49,185,190,236,226,37,186,192,21465,15,193,128,70,8,72,10,59,71,196,142,27,3,235,197,116,45],"tags":[10397,10440,1327,10456,17520,10390,10415,10445,12831,1191,10446,10412,1452,2142,5952,3912,10403,10448,32,10387,10455,10449],"class_list":{"0":"post-246002","1":"post","2":"type-post","3":"status-publish","4":"format-standard","5":"has-post-thumbnail","7":"category-ademuz","8":"category-bugarra","9":"category-calles","10":"category-camporrobles","11":"category-castielfabib","12":"category-caudete","13":"category-chera-los-serranos","14":"category-chulilla","15":"category-dana","16":"category-dos-aguas","17":"category-gestalgar","18":"category-infraestructuras","19":"category-la-canal-de-navarres","20":"category-la-comarca","21":"category-sin-categorizar","22":"category-la-hoya","23":"category-los-serranos","24":"category-millares","25":"category-pedralba","26":"category-politica-la-comarca","27":"category-requena-utiel","28":"category-seccion","29":"category-sinarcas","30":"category-sot-de-chera","31":"category-sucesos-la-comarca","32":"category-ventana","33":"tag-ademuz","34":"tag-bugarra","35":"tag-calles-2","36":"tag-camporrobles","37":"tag-castielfabib","38":"tag-caudete","39":"tag-chera","40":"tag-chulilla","41":"tag-dana-2","42":"tag-dos-aguas-2","43":"tag-gestalgar","44":"tag-infraestructuras","45":"tag-la-canal-de-navarres-2","46":"tag-la-comunitat","47":"tag-la-hoya-de-bunol-chiva","48":"tag-la-serrania","49":"tag-millares","50":"tag-pedralba","51":"tag-politica","52":"tag-requena-utiel","53":"tag-sinarcas","54":"tag-sot-de-chera"},"_links":{"self":[{"href":"https:\/\/www.tucomarca.com\/wordpress\/segunda\/wp-json\/wp\/v2\/posts\/246002","targetHints":{"allow":["GET"]}}],"collection":[{"href":"https:\/\/www.tucomarca.com\/wordpress\/segunda\/wp-json\/wp\/v2\/posts"}],"about":[{"href":"https:\/\/www.tucomarca.com\/wordpress\/segunda\/wp-json\/wp\/v2\/types\/post"}],"author":[{"embeddable":true,"href":"https:\/\/www.tucomarca.com\/wordpress\/segunda\/wp-json\/wp\/v2\/users\/12"}],"replies":[{"embeddable":true,"href":"https:\/\/www.tucomarca.com\/wordpress\/segunda\/wp-json\/wp\/v2\/comments?post=246002"}],"version-history":[{"count":0,"href":"https:\/\/www.tucomarca.com\/wordpress\/segunda\/wp-json\/wp\/v2\/posts\/246002\/revisions"}],"wp:featuredmedia":[{"embeddable":true,"href":"https:\/\/www.tucomarca.com\/wordpress\/segunda\/wp-json\/wp\/v2\/media\/220176"}],"wp:attachment":[{"href":"https:\/\/www.tucomarca.com\/wordpress\/segunda\/wp-json\/wp\/v2\/media?parent=246002"}],"wp:term":[{"taxonomy":"category","embeddable":true,"href":"https:\/\/www.tucomarca.com\/wordpress\/segunda\/wp-json\/wp\/v2\/categories?post=246002"},{"taxonomy":"post_tag","embeddable":true,"href":"https:\/\/www.tucomarca.com\/wordpress\/segunda\/wp-json\/wp\/v2\/tags?post=246002"}],"curies":[{"name":"wp","href":"https:\/\/api.w.org\/{rel}","templated":true}]}}