{"id":2461,"date":"2012-05-25T19:18:23","date_gmt":"2012-05-25T17:18:23","guid":{"rendered":"http:\/\/www.tucomarca.com\/wordpress\/segunda\/?p=2461"},"modified":"2012-05-25T19:30:47","modified_gmt":"2012-05-25T17:30:47","slug":"el-patronato-provincial-de-turismo-potencia-el-desarrollo-turistico-del-macizo-del-caroig","status":"publish","type":"post","link":"https:\/\/www.tucomarca.com\/wordpress\/segunda\/el-patronato-provincial-de-turismo-potencia-el-desarrollo-turistico-del-macizo-del-caroig\/","title":{"rendered":"El Patronato Provincial de Turismo potencia el desarrollo tur\u00edstico del Macizo del Caroig"},"content":{"rendered":"<figure id=\"attachment_2464\" aria-describedby=\"caption-attachment-2464\" style=\"width: 367px\" class=\"wp-caption alignleft\"><a href=\"https:\/\/www.tucomarca.com\/wordpress\/segunda\/wp-content\/uploads\/2012\/05\/MacizoCaroig.jpg\"><img loading=\"lazy\" decoding=\"async\" class=\"size-full wp-image-2464   \" title=\"MacizoCaroig\" src=\"https:\/\/www.tucomarca.com\/wordpress\/segunda\/wp-content\/uploads\/2012\/05\/MacizoCaroig.jpg\" alt=\"Momento de la firma del acuerdo con Turismo.\" width=\"367\" height=\"275\" srcset=\"https:\/\/www.tucomarca.com\/wordpress\/segunda\/wp-content\/uploads\/2012\/05\/MacizoCaroig.jpg 850w, https:\/\/www.tucomarca.com\/wordpress\/segunda\/wp-content\/uploads\/2012\/05\/MacizoCaroig-300x225.jpg 300w\" sizes=\"auto, (max-width: 367px) 100vw, 367px\" \/><\/a><figcaption id=\"caption-attachment-2464\" class=\"wp-caption-text\">Momento de la firma del acuerdo con Turismo.<\/figcaption><\/figure>\n<p>El diputado de Turismo, Ernesto Sanju\u00e1n, y el presidente de la Asociaci\u00f3n de Empresarios Tur\u00edsticos del Macizo del Caroig (TURCAROIG), Jos\u00e9 P\u00e9rez Bonmat\u00ed, han firmado este viernes por la ma\u00f1ana un convenio de colaboraci\u00f3n para el desarrollo de acciones de promoci\u00f3n y difusi\u00f3n del Macizo del Caroig.<\/p>\n<p>Seg\u00fan el diputado de Turismo, Ernesto Sanju\u00e1n, a trav\u00e9s de esta ayuda \u00abse promocionar\u00e1 la oferta de alojamientos de la zona, se editar\u00e1n soportes publicitarios para el mejor conocimiento de la zona y se participar\u00e1 en jornadas y ferias. En definitiva, se trata de consolidar el Macizo del Caroig como destino tur\u00edstico\u00bb.<\/p>\n<p>Jos\u00e9 P\u00e9rez Bonmat\u00ed, que se ha reunido por primera vez con el nuevo diputado de Turismo, ha destacado que \u00abgracias a la ayuda de la Diputaci\u00f3n de Valencia podremos acercar las nuevas tecnolog\u00edas a la asociaci\u00f3n y promocionar nuestro territorio dentro y fuera de la Comunitat Valenciana\u00bb.<\/p>\n","protected":false},"excerpt":{"rendered":"<div class=\"mh-excerpt\">El diputado de Turismo, Ernesto Sanju\u00e1n, y el presidente de la Asociaci\u00f3n de Empresarios Tur\u00edsticos del Macizo del Caroig (TURCAROIG), Jos\u00e9 P\u00e9rez Bonmat\u00ed, han firmado este viernes por la ma\u00f1ana un convenio de colaboraci\u00f3n para <a class=\"mh-excerpt-more\" href=\"https:\/\/www.tucomarca.com\/wordpress\/segunda\/el-patronato-provincial-de-turismo-potencia-el-desarrollo-turistico-del-macizo-del-caroig\/\" title=\"El Patronato Provincial de Turismo potencia el desarrollo tur\u00edstico del Macizo del Caroig\">[+] <\/a><\/div>\n","protected":false},"author":1,"featured_media":2464,"comment_status":"open","ping_status":"open","sticky":false,"template":"","format":"standard","meta":{"footnotes":""},"categories":[145,78,146,128,70,8,117,71,3],"tags":[],"class_list":{"0":"post-2461","1":"post","2":"type-post","3":"status-publish","4":"format-standard","5":"has-post-thumbnail","7":"category-alcantera-de-xuquer","8":"category-anna","9":"category-antella","10":"category-infraestructuras","11":"category-la-canal-de-navarres","12":"category-la-comarca","13":"category-medio-ambiente-la-comarca","14":"category-millares","15":"category-seccion"},"_links":{"self":[{"href":"https:\/\/www.tucomarca.com\/wordpress\/segunda\/wp-json\/wp\/v2\/posts\/2461","targetHints":{"allow":["GET"]}}],"collection":[{"href":"https:\/\/www.tucomarca.com\/wordpress\/segunda\/wp-json\/wp\/v2\/posts"}],"about":[{"href":"https:\/\/www.tucomarca.com\/wordpress\/segunda\/wp-json\/wp\/v2\/types\/post"}],"author":[{"embeddable":true,"href":"https:\/\/www.tucomarca.com\/wordpress\/segunda\/wp-json\/wp\/v2\/users\/1"}],"replies":[{"embeddable":true,"href":"https:\/\/www.tucomarca.com\/wordpress\/segunda\/wp-json\/wp\/v2\/comments?post=2461"}],"version-history":[{"count":0,"href":"https:\/\/www.tucomarca.com\/wordpress\/segunda\/wp-json\/wp\/v2\/posts\/2461\/revisions"}],"wp:featuredmedia":[{"embeddable":true,"href":"https:\/\/www.tucomarca.com\/wordpress\/segunda\/wp-json\/wp\/v2\/media\/2464"}],"wp:attachment":[{"href":"https:\/\/www.tucomarca.com\/wordpress\/segunda\/wp-json\/wp\/v2\/media?parent=2461"}],"wp:term":[{"taxonomy":"category","embeddable":true,"href":"https:\/\/www.tucomarca.com\/wordpress\/segunda\/wp-json\/wp\/v2\/categories?post=2461"},{"taxonomy":"post_tag","embeddable":true,"href":"https:\/\/www.tucomarca.com\/wordpress\/segunda\/wp-json\/wp\/v2\/tags?post=2461"}],"curies":[{"name":"wp","href":"https:\/\/api.w.org\/{rel}","templated":true}]}}