{"id":246114,"date":"2024-11-22T12:00:00","date_gmt":"2024-11-22T10:00:00","guid":{"rendered":"https:\/\/www.tucomarca.com\/wordpress\/segunda\/?p=246114"},"modified":"2024-11-22T14:16:59","modified_gmt":"2024-11-22T12:16:59","slug":"la-concejalia-de-comercio-pone-en-marcha-la-accion-comercial-compra-en-cheste-compra-en-black-friday","status":"publish","type":"post","link":"https:\/\/www.tucomarca.com\/wordpress\/segunda\/la-concejalia-de-comercio-pone-en-marcha-la-accion-comercial-compra-en-cheste-compra-en-black-friday\/","title":{"rendered":"La Concejal\u00eda de Comercio pone en marcha la acci\u00f3n comercial \u201cCompra en Cheste, compra en Black Friday\u201d"},"content":{"rendered":"\n<p>La Concejal\u00eda de Comercio pondr\u00e1 en marcha la acci\u00f3n comercial \u201cCompra en Cheste, compra en Black Friday\u201d los pr\u00f3ximos 29 y 30 de noviembre, con 1.000 euros en premios para incentivar las compras en los comercios locales.<\/p>\n\n\n\n<p>En total se sortear\u00e1n 10 premios de 100 euros entre la clientela que haga sus compras durante el viernes y el s\u00e1bado en los negocios chestanos adheridos a la campa\u00f1a. Las personas ganadoras deber\u00e1n gastar su premio, de nuevo, en estas tiendas de la localidad.<\/p>\n\n\n\n<p><strong>C\u00f3mo participar<\/strong><\/p>\n\n\n\n<p>Los vecinos y las vecinas que realicen sus compras en los negocios de Cheste adheridos a esta promoci\u00f3n, durante el 29 y el 30 de noviembre, deber\u00e1n seguir el procedimiento habitual, escribiendo su nombre y n\u00famero de tel\u00e9fono en el tique de compra y deposit\u00e1ndolo en la urna habilitada por el comercio. Entre el lunes y el martes siguiente, 2 y 3 de diciembre, los comercios entregar\u00e1n los tiques recogidos en la Oficina de Turismo, y el mi\u00e9rcoles, 4 de diciembre, se realizar\u00e1 el sorteo entre todos los tiques registrados en el sal\u00f3n de plenos del Ayuntamiento, extrayendo los boletos de forma aleatoria. En el caso de que un tique no tenga los datos de contacto se declarar\u00e1 nulo y se proceder\u00e1 a extraer un nuevo boleto.<\/p>\n\n\n\n<p>Las personas premiadas recibir\u00e1n un listado con los establecimientos adheridos a la campa\u00f1a, junto con instrucciones espec\u00edficas sobre el procedimiento para gastar su premio.<\/p>\n","protected":false},"excerpt":{"rendered":"<div class=\"mh-excerpt\">La Concejal\u00eda de Comercio pondr\u00e1 en marcha la acci\u00f3n comercial \u201cCompra en Cheste, compra en Black Friday\u201d los pr\u00f3ximos 29 y 30 de noviembre, con 1.000 euros en premios para incentivar las compras en los <a class=\"mh-excerpt-more\" href=\"https:\/\/www.tucomarca.com\/wordpress\/segunda\/la-concejalia-de-comercio-pone-en-marcha-la-accion-comercial-compra-en-cheste-compra-en-black-friday\/\" title=\"La Concejal\u00eda de Comercio pone en marcha la acci\u00f3n comercial \u201cCompra en Cheste, compra en Black Friday\u201d\">[+] <\/a><\/div>\n","protected":false},"author":12,"featured_media":246115,"comment_status":"open","ping_status":"open","sticky":false,"template":"","format":"standard","meta":{"footnotes":""},"categories":[4,17,128,8,10,3],"tags":[339,674,10412,5952],"class_list":{"0":"post-246114","1":"post","2":"type-post","3":"status-publish","4":"format-standard","5":"has-post-thumbnail","7":"category-agenda","8":"category-cheste","9":"category-infraestructuras","10":"category-la-comarca","11":"category-la-hoya","12":"category-seccion","13":"tag-cheste-2","14":"tag-comercio","15":"tag-infraestructuras","16":"tag-la-hoya-de-bunol-chiva"},"_links":{"self":[{"href":"https:\/\/www.tucomarca.com\/wordpress\/segunda\/wp-json\/wp\/v2\/posts\/246114","targetHints":{"allow":["GET"]}}],"collection":[{"href":"https:\/\/www.tucomarca.com\/wordpress\/segunda\/wp-json\/wp\/v2\/posts"}],"about":[{"href":"https:\/\/www.tucomarca.com\/wordpress\/segunda\/wp-json\/wp\/v2\/types\/post"}],"author":[{"embeddable":true,"href":"https:\/\/www.tucomarca.com\/wordpress\/segunda\/wp-json\/wp\/v2\/users\/12"}],"replies":[{"embeddable":true,"href":"https:\/\/www.tucomarca.com\/wordpress\/segunda\/wp-json\/wp\/v2\/comments?post=246114"}],"version-history":[{"count":0,"href":"https:\/\/www.tucomarca.com\/wordpress\/segunda\/wp-json\/wp\/v2\/posts\/246114\/revisions"}],"wp:featuredmedia":[{"embeddable":true,"href":"https:\/\/www.tucomarca.com\/wordpress\/segunda\/wp-json\/wp\/v2\/media\/246115"}],"wp:attachment":[{"href":"https:\/\/www.tucomarca.com\/wordpress\/segunda\/wp-json\/wp\/v2\/media?parent=246114"}],"wp:term":[{"taxonomy":"category","embeddable":true,"href":"https:\/\/www.tucomarca.com\/wordpress\/segunda\/wp-json\/wp\/v2\/categories?post=246114"},{"taxonomy":"post_tag","embeddable":true,"href":"https:\/\/www.tucomarca.com\/wordpress\/segunda\/wp-json\/wp\/v2\/tags?post=246114"}],"curies":[{"name":"wp","href":"https:\/\/api.w.org\/{rel}","templated":true}]}}