{"id":24616,"date":"2014-03-13T16:07:23","date_gmt":"2014-03-13T13:07:23","guid":{"rendered":"http:\/\/www.tucomarca.com\/wordpress\/segunda\/?p=24616"},"modified":"2014-03-13T16:07:28","modified_gmt":"2014-03-13T13:07:28","slug":"las-falleras-mayores-de-chiva-asisten-a-la-recepcion-de-la-diputacion-de-valencia","status":"publish","type":"post","link":"https:\/\/www.tucomarca.com\/wordpress\/segunda\/las-falleras-mayores-de-chiva-asisten-a-la-recepcion-de-la-diputacion-de-valencia\/","title":{"rendered":"Las Falleras Mayores de Chiva asisten a la recepci\u00f3n de la Diputaci\u00f3n de Valencia"},"content":{"rendered":"<p><figure id=\"attachment_24617\" aria-describedby=\"caption-attachment-24617\" style=\"width: 300px\" class=\"wp-caption alignleft\"><a href=\"https:\/\/www.tucomarca.com\/wordpress\/segunda\/2014\/03\/las-falleras-mayores-de-chiva-asisten-a-la-recepcion-de-la-diputacion-de-valencia\/falleras-mayores-chiva-en-diputacion\/\" rel=\"attachment wp-att-24617\"><img loading=\"lazy\" decoding=\"async\" src=\"https:\/\/www.tucomarca.com\/wordpress\/segunda\/wp-content\/uploads\/2014\/03\/Falleras-Mayores-Chiva-en-Diputacion-300x300.jpg\" alt=\"\" title=\"Falleras Mayores Chiva en Diputacion\" width=\"300\" height=\"300\" class=\"size-medium wp-image-24617\" srcset=\"https:\/\/www.tucomarca.com\/wordpress\/segunda\/wp-content\/uploads\/2014\/03\/Falleras-Mayores-Chiva-en-Diputacion-300x300.jpg 300w, https:\/\/www.tucomarca.com\/wordpress\/segunda\/wp-content\/uploads\/2014\/03\/Falleras-Mayores-Chiva-en-Diputacion-290x290.jpg 290w, https:\/\/www.tucomarca.com\/wordpress\/segunda\/wp-content\/uploads\/2014\/03\/Falleras-Mayores-Chiva-en-Diputacion-50x50.jpg 50w, https:\/\/www.tucomarca.com\/wordpress\/segunda\/wp-content\/uploads\/2014\/03\/Falleras-Mayores-Chiva-en-Diputacion.jpg 800w\" sizes=\"auto, (max-width: 300px) 100vw, 300px\" \/><\/a><figcaption id=\"caption-attachment-24617\" class=\"wp-caption-text\">Delegaci\u00f3n fallera de Chiva junto al presidente Rus y representantes de la JLF de Valencia. tc.c<\/figcaption><\/figure>Las Falleras Mayores de Chiva han asistido este jueves a la tradicional recepci\u00f3n que organiza, cada a\u00f1o, la Diputaci\u00f3n de Valencia.<\/p>\n<p>Elena Border\u00eda, Eva M\u00e1\u00f1ez y los presidentes Jos\u00e9 V\u00e1zquez y Alejandro M\u00e1\u00f1ez, acompa\u00f1ados por el Alcalde, Jos\u00e9 Manuel Haro, han tenido la oportunidad de saludar al presidente de la corporaci\u00f3n provincial, Alfonso Rus, as\u00ed como a las Falleras Mayores de Valencia, la se\u00f1orita Carmen Sancho de Rosa y la ni\u00f1a Claudia Villodre G\u00f3mez, adem\u00e1s de al presidente de la Junta Central Fallera, Francisco Lled\u00f3.<\/p>\n","protected":false},"excerpt":{"rendered":"<div class=\"mh-excerpt\">Las Falleras Mayores de Chiva han asistido este jueves a la tradicional recepci\u00f3n que organiza, cada a\u00f1o, la Diputaci\u00f3n de Valencia. Elena Border\u00eda, Eva M\u00e1\u00f1ez y los presidentes Jos\u00e9 V\u00e1zquez y Alejandro M\u00e1\u00f1ez, acompa\u00f1ados por <a class=\"mh-excerpt-more\" href=\"https:\/\/www.tucomarca.com\/wordpress\/segunda\/las-falleras-mayores-de-chiva-asisten-a-la-recepcion-de-la-diputacion-de-valencia\/\" title=\"Las Falleras Mayores de Chiva asisten a la recepci\u00f3n de la Diputaci\u00f3n de Valencia\">[+] <\/a><\/div>\n","protected":false},"author":2,"featured_media":24617,"comment_status":"open","ping_status":"open","sticky":false,"template":"","format":"standard","meta":{"footnotes":""},"categories":[16,8,10,5,383,3,45],"tags":[968,10384,204,2491,3672,721,636,862],"class_list":{"0":"post-24616","1":"post","2":"type-post","3":"status-publish","4":"format-standard","5":"has-post-thumbnail","7":"category-chiva","8":"category-la-comarca","9":"category-la-hoya","10":"category-la-semana-en-imagenes","11":"category-pueblos-en-fiestas","12":"category-seccion","13":"category-ventana","14":"tag-alcalde","15":"tag-chiva","16":"tag-diputacion","17":"tag-falleras-mayores","18":"tag-falleras-mayores-de-valencia","19":"tag-haro","20":"tag-rus","21":"tag-visita"},"_links":{"self":[{"href":"https:\/\/www.tucomarca.com\/wordpress\/segunda\/wp-json\/wp\/v2\/posts\/24616","targetHints":{"allow":["GET"]}}],"collection":[{"href":"https:\/\/www.tucomarca.com\/wordpress\/segunda\/wp-json\/wp\/v2\/posts"}],"about":[{"href":"https:\/\/www.tucomarca.com\/wordpress\/segunda\/wp-json\/wp\/v2\/types\/post"}],"author":[{"embeddable":true,"href":"https:\/\/www.tucomarca.com\/wordpress\/segunda\/wp-json\/wp\/v2\/users\/2"}],"replies":[{"embeddable":true,"href":"https:\/\/www.tucomarca.com\/wordpress\/segunda\/wp-json\/wp\/v2\/comments?post=24616"}],"version-history":[{"count":0,"href":"https:\/\/www.tucomarca.com\/wordpress\/segunda\/wp-json\/wp\/v2\/posts\/24616\/revisions"}],"wp:featuredmedia":[{"embeddable":true,"href":"https:\/\/www.tucomarca.com\/wordpress\/segunda\/wp-json\/wp\/v2\/media\/24617"}],"wp:attachment":[{"href":"https:\/\/www.tucomarca.com\/wordpress\/segunda\/wp-json\/wp\/v2\/media?parent=24616"}],"wp:term":[{"taxonomy":"category","embeddable":true,"href":"https:\/\/www.tucomarca.com\/wordpress\/segunda\/wp-json\/wp\/v2\/categories?post=24616"},{"taxonomy":"post_tag","embeddable":true,"href":"https:\/\/www.tucomarca.com\/wordpress\/segunda\/wp-json\/wp\/v2\/tags?post=24616"}],"curies":[{"name":"wp","href":"https:\/\/api.w.org\/{rel}","templated":true}]}}