{"id":2463,"date":"2012-05-25T19:28:37","date_gmt":"2012-05-25T17:28:37","guid":{"rendered":"http:\/\/www.tucomarca.com\/wordpress\/segunda\/?p=2463"},"modified":"2012-05-25T19:32:33","modified_gmt":"2012-05-25T17:32:33","slug":"requena-se-dota-de-la-primera-escuela-que-imparte-formacion-profesional-en-apicultura","status":"publish","type":"post","link":"https:\/\/www.tucomarca.com\/wordpress\/segunda\/requena-se-dota-de-la-primera-escuela-que-imparte-formacion-profesional-en-apicultura\/","title":{"rendered":"Requena se dota de la primera escuela que imparte formaci\u00f3n profesional en apicultura"},"content":{"rendered":"<p>La Escuela de Viticultura y Enolog\u00eda de Requena imparte desde hace cuatro a\u00f1os estudios de apicultura dentro del curr\u00edculo profesional del M\u00f3dulo de Aprovechamiento Forestales, tanto en los Ciclos de Grado Medio de Trabajos Forestales y Conservaci\u00f3n del Medio Natural como en el Ciclo de Grado Superior de Gesti\u00f3n y Organizaci\u00f3n de Recursos Naturales y Paisaj\u00edsticos.<\/p>\n<p>Este a\u00f1o, el centro propiedad de la Diputaci\u00f3n de Valencia, ha dado un paso m\u00e1s al entrar a formar parte de la Red Forapi con el IES Galileo-Galilei de C\u00f3rdoba, que ha sido el centro coordinador, el Centro de Formaci\u00f3n del Medio Rural de Moraleja (C\u00e1ceres), Apoidea SL (Empresa de Base Tecnol\u00f3gica de la Universidad de C\u00f3rdoba) y la Agrupaci\u00f3n Apiads (Agrupaci\u00f3n de defensa sanitaria ap\u00edcola). Esta red de formaci\u00f3n profesional est\u00e1 financiada por el Fondo Social Europeo.<\/p>\n<p>En el proyecto se ha desarrollado el diagn\u00f3stico del sector ap\u00edcola en cada comunidad aut\u00f3noma; la formaci\u00f3n del profesorado, alumnado y apicultores mediante cursos especializados en apicultura; la visita a centros de referencia en apicultura a nivel nacional; instalaci\u00f3n y mejora de un colmenar en cada centro para desarrollar las pr\u00e1cticas av\u00edcolas; y el intercambio de informaci\u00f3n entre los distintos organismos mediante la utilizaci\u00f3n de nuevas tecnolog\u00edas.<\/p>\n<p>Formaci\u00f3n destinada a la creaci\u00f3n de empleo<\/p>\n<p>La formaci\u00f3n profesional est\u00e1 marcada por la necesidad de incorporar continuamente nuevas t\u00e9cnicas y tecnolog\u00edas para ofrecer una ense\u00f1anza de calidad.<br \/>\nAdem\u00e1s, en la actualidad no existe en Espa\u00f1a ninguna oferta de formaci\u00f3n reglada de apicultura.<br \/>\nAs\u00ed pues, el proyecto Red Forapi pretende impulsar la creaci\u00f3n de centros integrados que se dediquen a la ense\u00f1anza, investigaci\u00f3n y demostraci\u00f3n de m\u00e9todos y pr\u00e1cticas ap\u00edcolas.<br \/>\nEl proyecto que se est\u00e1 realizando durante este curso 2011\/2012 ha sido financiado con 91.922,58 euros, de los cuales la Escuela de Viticultura y Enolog\u00eda gestiona un total de 28.016,78 Euros.<\/p>\n","protected":false},"excerpt":{"rendered":"<div class=\"mh-excerpt\">La Escuela de Viticultura y Enolog\u00eda de Requena imparte desde hace cuatro a\u00f1os estudios de apicultura dentro del curr\u00edculo profesional del M\u00f3dulo de Aprovechamiento Forestales, tanto en los Ciclos de Grado Medio de Trabajos Forestales <a class=\"mh-excerpt-more\" href=\"https:\/\/www.tucomarca.com\/wordpress\/segunda\/requena-se-dota-de-la-primera-escuela-que-imparte-formacion-profesional-en-apicultura\/\" title=\"Requena se dota de la primera escuela que imparte formaci\u00f3n profesional en apicultura\">[+] <\/a><\/div>\n","protected":false},"author":1,"featured_media":2471,"comment_status":"open","ping_status":"open","sticky":false,"template":"","format":"standard","meta":{"footnotes":""},"categories":[169,8,117,28,27,3,45],"tags":[],"class_list":{"0":"post-2463","1":"post","2":"type-post","3":"status-publish","4":"format-standard","5":"has-post-thumbnail","7":"category-agricultura-la-comarca","8":"category-la-comarca","9":"category-medio-ambiente-la-comarca","10":"category-requena","11":"category-requena-utiel","12":"category-seccion","13":"category-ventana"},"_links":{"self":[{"href":"https:\/\/www.tucomarca.com\/wordpress\/segunda\/wp-json\/wp\/v2\/posts\/2463","targetHints":{"allow":["GET"]}}],"collection":[{"href":"https:\/\/www.tucomarca.com\/wordpress\/segunda\/wp-json\/wp\/v2\/posts"}],"about":[{"href":"https:\/\/www.tucomarca.com\/wordpress\/segunda\/wp-json\/wp\/v2\/types\/post"}],"author":[{"embeddable":true,"href":"https:\/\/www.tucomarca.com\/wordpress\/segunda\/wp-json\/wp\/v2\/users\/1"}],"replies":[{"embeddable":true,"href":"https:\/\/www.tucomarca.com\/wordpress\/segunda\/wp-json\/wp\/v2\/comments?post=2463"}],"version-history":[{"count":0,"href":"https:\/\/www.tucomarca.com\/wordpress\/segunda\/wp-json\/wp\/v2\/posts\/2463\/revisions"}],"wp:featuredmedia":[{"embeddable":true,"href":"https:\/\/www.tucomarca.com\/wordpress\/segunda\/wp-json\/wp\/v2\/media\/2471"}],"wp:attachment":[{"href":"https:\/\/www.tucomarca.com\/wordpress\/segunda\/wp-json\/wp\/v2\/media?parent=2463"}],"wp:term":[{"taxonomy":"category","embeddable":true,"href":"https:\/\/www.tucomarca.com\/wordpress\/segunda\/wp-json\/wp\/v2\/categories?post=2463"},{"taxonomy":"post_tag","embeddable":true,"href":"https:\/\/www.tucomarca.com\/wordpress\/segunda\/wp-json\/wp\/v2\/tags?post=2463"}],"curies":[{"name":"wp","href":"https:\/\/api.w.org\/{rel}","templated":true}]}}